{"id":162115,"date":"2026-09-06T10:21:31","date_gmt":"2026-09-06T09:21:31","guid":{"rendered":"https:\/\/die-webzeitung.de\/stuttgart\/2026\/09\/06\/wieder-bundesweiter-warntag\/"},"modified":"2026-09-06T10:21:31","modified_gmt":"2026-09-06T09:21:31","slug":"wieder-bundesweiter-warntag","status":"publish","type":"post","link":"https:\/\/die-webzeitung.de\/stuttgart\/2026\/09\/06\/wieder-bundesweiter-warntag\/","title":{"rendered":"Wieder bundesweiter Warntag"},"content":{"rendered":"<h4 id=\"anker25574800\" class=\"c-h1 basecontent-headline--uberschrift-1\" style=\"text-align: justify;\"><strong>Feuerwehr und Stadtverwaltung informieren<\/strong><\/h4>\n<p id=\"anker25574803\" class=\"c-text basecontent-line-break-text--text-mit-zeilenumbruch\" style=\"text-align: justify;\">Ludwigsburg.| Am Donnerstag, 10. September 2026, findet der n\u00e4chste Bundesweite Warntag statt. Auch die Stadt Ludwigsburg beteiligt sich gemeinsam mit der Feuerwehr an dem Aktionstag. Zwischen 11 Uhr und etwa 11.45 Uhr werden verschiedene Warn- und Kommunikationssysteme getestet. Um 11 Uhr wird bundesweit eine Probewarnung ausgel\u00f6st. Dabei werden verschiedene Warnkan\u00e4le aktiviert. Gegen 11.45 Uhr folgt die Entwarnung.<\/p>\n<p id=\"anker25574804\" class=\"c-text basecontent-line-break-text--text-mit-zeilenumbruch\" style=\"text-align: justify;\">F\u00fcr die Bev\u00f6lkerung besteht keine Gefahr. Besondere Ma\u00dfnahmen sind nicht erforderlich, da es sich ausschlie\u00dflich um einen Test der Warnsysteme handelt. Der Bundesweite Warntag ist ein gemeinsamer Aktionstag von Bund, L\u00e4ndern und Kommunen. Ziel ist es, die Warnsysteme in Deutschland auf ihre technische Funktionsf\u00e4higkeit und ihr Zusammenspiel zu \u00fcberpr\u00fcfen. Gleichzeitig soll die Bev\u00f6lkerung f\u00fcr Warnungen und das richtige Verhalten in Not- und Gefahrenlagen sensibilisiert werden.<\/p>\n<p class=\"textSubheading\" style=\"text-align: justify;\"><b>Probewarnung und Entwarnung<\/b><\/p>\n<p id=\"anker25574888\" class=\"c-text basecontent-line-break-text--text-mit-zeilenumbruch\" style=\"text-align: justify;\">Um 11 Uhr wird bundesweit eine Probewarnung ausgel\u00f6st. Dabei werden verschiedene Warnkan\u00e4le aktiviert. Gegen 11.45 Uhr folgt die Entwarnung. F\u00fcr die Bev\u00f6lkerung besteht keine Gefahr. Besondere Ma\u00dfnahmen sind nicht erforderlich, da es sich ausschlie\u00dflich um einen Test der Warnsysteme handelt.<\/p>\n<p class=\"textSubheading\" style=\"text-align: justify;\"><b>Warnung \u00fcber verschiedene Kan\u00e4le<\/b><\/p>\n<p id=\"anker25574929\" class=\"c-text basecontent-line-break-text--text-mit-zeilenumbruch\" style=\"text-align: justify;\">Auf Bundesebene wird die Probewarnung unter anderem \u00fcber Warn-Apps, Cell Broadcast sowie Radio und Fernsehen verbreitet. Die Stadt Ludwigsburg und die Feuerwehr testen erg\u00e4nzend eigene Warn- und Kommunikationsm\u00f6glichkeiten. Abh\u00e4ngig von der technischen und organisatorischen Verf\u00fcgbarkeit k\u00f6nnen dazu folgende Kan\u00e4le geh\u00f6ren:<\/p>\n<ul>\n<li>die st\u00e4dtische Website,<\/li>\n<li>die Social-Media-Kan\u00e4le der Stadt und der Feuerwehr,<\/li>\n<li>der WhatsApp-Kanal der Stadt,<\/li>\n<li>mobile Lautsprecheranlagen auf Feuerwehrfahrzeugen,<\/li>\n<li>digitale Werbe- und Verkehrsleitsysteme sowie<\/li>\n<li>digitale Anzeigen an Bushaltestellen.<\/li>\n<\/ul>\n<p id=\"anker25574937\" class=\"c-text basecontent-line-break-text--text-mit-zeilenumbruch\" style=\"text-align: justify;\">Welche Warnmittel tats\u00e4chlich eingesetzt werden, richtet sich nach den \u00f6rtlichen Gegebenheiten und ihrer technischen Verf\u00fcgbarkeit.<\/p>\n<p class=\"textSubheading\" style=\"text-align: justify;\"><b>Gut vorbereitet f\u00fcr den Ernstfall<\/b><\/p>\n<p id=\"anker25574938\" class=\"c-text basecontent-line-break-text--text-mit-zeilenumbruch\" style=\"text-align: justify;\">Der Bundesweite Warntag dient nicht nur dazu, die Warnsysteme zu testen. Er erinnert zugleich daran, dass au\u00dfergew\u00f6hnliche Ereignisse jederzeit eintreten k\u00f6nnen. Ein l\u00e4nger andauernder Stromausfall, Starkregen, eine Verunreinigung des Trinkwassers oder andere Schadenslagen k\u00f6nnen den Alltag erheblich beeintr\u00e4chtigen. Feuerwehr und Stadtverwaltung empfehlen deshalb, den eigenen Haushalt auf m\u00f6gliche Notlagen vorzubereiten.<\/p>\n<p id=\"anker25574940\" class=\"c-text basecontent-line-break-text--text-mit-zeilenumbruch\" style=\"text-align: justify;\">Zur pers\u00f6nlichen Vorsorge geh\u00f6rt beispielsweise:<\/p>\n<ul>\n<li>ausreichend Trinkwasser und haltbare Lebensmittel zu bevorraten,<\/li>\n<li>Babynahrung, Hygieneartikel und andere individuell ben\u00f6tigte Dinge bereitzuhalten,<\/li>\n<li>Taschenlampen, Ersatzbatterien oder andere geeignete Lichtquellen vorzuhalten,<\/li>\n<li>f\u00fcr eine sichere M\u00f6glichkeit zum Erw\u00e4rmen von Speisen und Getr\u00e4nken zu sorgen,<\/li>\n<li>ein batterie- oder kurbelbetriebenes Radio bereitzuhalten,<\/li>\n<li>an ben\u00f6tigte Medikamente, wichtige Dokumente und notwendige Hilfsmittel zu denken sowie<\/li>\n<li>die Versorgung von Haustieren einzuplanen.<\/li>\n<\/ul>\n<p id=\"anker25574966\" class=\"c-text basecontent-line-break-text--text-mit-zeilenumbruch\" style=\"text-align: justify;\">Wer sich au\u00dferdem fr\u00fchzeitig \u00fcber die verf\u00fcgbaren Warnwege und \u00f6rtlichen Anlaufstellen informiert, kann im Ernstfall schneller und besonnener reagieren. Hinweise zur Krisenvorsorge, zu wichtigen Informationswegen und zu Anlaufstellen ver\u00f6ffentlicht die Stadt auf ihrer Website.<\/p>\n<p class=\"textSubheading\" style=\"text-align: justify;\"><b>Gute Nachbarschaft hilft in der Krise<\/b><\/p>\n<p id=\"anker25574967\" class=\"c-text basecontent-line-break-text--text-mit-zeilenumbruch\" style=\"text-align: justify;\">Auch eine funktionierende Nachbarschaft ist ein wichtiger Bestandteil der Vorsorge. Gerade bei einem Stromausfall oder einer anderen l\u00e4nger andauernden Krisensituation kann gegenseitige Unterst\u00fctzung besonders wertvoll sein.<\/p>\n<p id=\"anker25574975\" class=\"c-text basecontent-line-break-text--text-mit-zeilenumbruch\" style=\"text-align: justify;\">Ein kurzer Austausch mit den Nachbarinnen und Nachbarn hilft dabei, Menschen mit Unterst\u00fctzungsbedarf im Blick zu behalten und wichtige Informationen weiterzugeben. Deshalb lautet eine zentrale Empfehlung: Lernen Sie Ihre Nachbarinnen und Nachbarn kennen.<\/p>\n<p class=\"textSubheading\" style=\"text-align: justify;\"><b>Warnungen m\u00fcssen die Menschen erreichen<\/b><\/p>\n<p id=\"anker25574976\" class=\"c-text basecontent-line-break-text--text-mit-zeilenumbruch\" style=\"text-align: justify;\">Feuerwehr und Stadtverwaltung empfehlen, den Bundesweiten Warntag zum Anlass zu nehmen, die eigenen Warnm\u00f6glichkeiten zu \u00fcberpr\u00fcfen. Dazu geh\u00f6rt beispielsweise, eine Warn-App zu installieren, den Empfang von Cell-Broadcast-Nachrichten auf dem Mobiltelefon zu pr\u00fcfen und die pers\u00f6nliche Krisenvorsorge an die Bed\u00fcrfnisse des eigenen Haushalts anzupassen.<\/p>\n<p class=\"c-text basecontent-line-break-text--text-mit-zeilenumbruch\" style=\"text-align: justify;\">Denn gute Vorsorge beginnt bereits vor dem Ernstfall.<\/p>\n<hr \/>\n<p id=\"anker25574805\" class=\"c-text basecontent-line-break-text--text-mit-zeilenumbruch\" style=\"text-align: justify;\">\n","protected":false},"excerpt":{"rendered":"<p>Feuerwehr und Stadtverwaltung informieren Ludwigsburg.| Am Donnerstag, 10. September 2026, findet der n\u00e4chste Bundesweite Warntag statt. Auch die Stadt Ludwigsburg beteiligt sich gemeinsam mit der Feuerwehr an dem Aktionstag. Zwischen 11 Uhr und etwa 11.45 Uhr werden verschiedene Warn- und Kommunikationssysteme getestet. Um 11 Uhr wird bundesweit eine Probewarnung ausgel\u00f6st. Dabei werden verschiedene Warnkan\u00e4le aktiviert. [&hellip;]<\/p>\n","protected":false},"author":4,"featured_media":162116,"comment_status":"closed","ping_status":"open","sticky":false,"template":"","format":"standard","meta":{"inline_featured_image":false,"_exactmetrics_skip_tracking":false,"footnotes":""},"categories":[59,9098],"tags":[4,14857,15356,6,68,17139,16798],"class_list":{"0":"post-162115","1":"post","2":"type-post","3":"status-publish","4":"format-standard","5":"has-post-thumbnail","7":"category-aktuell","8":"category-baden-wuerttemberg","9":"tag-baden-wurttemberg","10":"tag-die-webzeitung","11":"tag-ernstfall","12":"tag-ludwigsburg","13":"tag-online-zeitung","14":"tag-sirene","15":"tag-warntag"},"image_feature":"https:\/\/die-webzeitung.de\/stuttgart\/wp-content\/uploads\/sites\/4\/2026\/09\/warntag-scaled.jpg","author_name":"Redaktion","pure_taxonomies":{"categories":[{"term_id":59,"name":"Aktuell","slug":"aktuell","term_group":0,"term_taxonomy_id":60,"taxonomy":"category","description":"","parent":0,"count":918,"filter":"raw","image":""},{"term_id":9098,"name":"Baden-W\u00fcrttemberg","slug":"baden-wuerttemberg","term_group":0,"term_taxonomy_id":9124,"taxonomy":"category","description":"","parent":171,"count":253,"filter":"raw","image":""}],"tags":[{"term_id":4,"name":"Baden-W\u00fcrttemberg","slug":"baden-wurttemberg","term_group":0,"term_taxonomy_id":4,"taxonomy":"post_tag","description":"","parent":0,"count":144,"filter":"raw","image":""},{"term_id":14857,"name":"Die-Webzeitung","slug":"die-webzeitung","term_group":0,"term_taxonomy_id":14876,"taxonomy":"post_tag","description":"","parent":0,"count":2533,"filter":"raw","image":""},{"term_id":15356,"name":"Ernstfall","slug":"ernstfall","term_group":0,"term_taxonomy_id":15375,"taxonomy":"post_tag","description":"","parent":0,"count":2,"filter":"raw","image":""},{"term_id":6,"name":"Ludwigsburg","slug":"ludwigsburg","term_group":0,"term_taxonomy_id":6,"taxonomy":"post_tag","description":"","parent":0,"count":58,"filter":"raw","image":""},{"term_id":68,"name":"Online-Zeitung","slug":"online-zeitung","term_group":0,"term_taxonomy_id":69,"taxonomy":"post_tag","description":"","parent":0,"count":2519,"filter":"raw","image":""},{"term_id":17139,"name":"Sirene","slug":"sirene","term_group":0,"term_taxonomy_id":17158,"taxonomy":"post_tag","description":"","parent":0,"count":3,"filter":"raw","image":""},{"term_id":16798,"name":"Warntag","slug":"warntag","term_group":0,"term_taxonomy_id":16817,"taxonomy":"post_tag","description":"","parent":0,"count":3,"filter":"raw","image":""}]},"_links":{"self":[{"href":"https:\/\/die-webzeitung.de\/stuttgart\/wp-json\/wp\/v2\/posts\/162115","targetHints":{"allow":["GET"]}}],"collection":[{"href":"https:\/\/die-webzeitung.de\/stuttgart\/wp-json\/wp\/v2\/posts"}],"about":[{"href":"https:\/\/die-webzeitung.de\/stuttgart\/wp-json\/wp\/v2\/types\/post"}],"author":[{"embeddable":true,"href":"https:\/\/die-webzeitung.de\/stuttgart\/wp-json\/wp\/v2\/users\/4"}],"replies":[{"embeddable":true,"href":"https:\/\/die-webzeitung.de\/stuttgart\/wp-json\/wp\/v2\/comments?post=162115"}],"version-history":[{"count":0,"href":"https:\/\/die-webzeitung.de\/stuttgart\/wp-json\/wp\/v2\/posts\/162115\/revisions"}],"wp:featuredmedia":[{"embeddable":true,"href":"https:\/\/die-webzeitung.de\/stuttgart\/wp-json\/wp\/v2\/media\/162116"}],"wp:attachment":[{"href":"https:\/\/die-webzeitung.de\/stuttgart\/wp-json\/wp\/v2\/media?parent=162115"}],"wp:term":[{"taxonomy":"category","embeddable":true,"href":"https:\/\/die-webzeitung.de\/stuttgart\/wp-json\/wp\/v2\/categories?post=162115"},{"taxonomy":"post_tag","embeddable":true,"href":"https:\/\/die-webzeitung.de\/stuttgart\/wp-json\/wp\/v2\/tags?post=162115"}],"curies":[{"name":"wp","href":"https:\/\/api.w.org\/{rel}","templated":true}]}}