{"id":161484,"date":"2026-09-04T16:27:38","date_gmt":"2026-09-04T15:27:38","guid":{"rendered":"https:\/\/die-webzeitung.de\/stuttgart\/2026\/09\/04\/die-fuechse-kommen-nach-stuttgart\/"},"modified":"2026-09-04T16:27:38","modified_gmt":"2026-09-04T15:27:38","slug":"die-fuechse-kommen-nach-stuttgart","status":"publish","type":"post","link":"https:\/\/die-webzeitung.de\/stuttgart\/2026\/09\/04\/die-fuechse-kommen-nach-stuttgart\/","title":{"rendered":"Die F\u00fcchse kommen nach Stuttgart"},"content":{"rendered":"<p style=\"text-align: justify;\">Am Sonntag, den 06.09.2026, steht f\u00fcr die WILD BOYS bereits das zweite Heimspiel der Saison 2026\/27 auf dem Programm. Am dritten Spieltag der OPEL Handball-Bundesliga empfangen die WILD BOYS die F\u00fcchse Berlin in der Porsche-Arena. Anpfiff ist um 16:30 Uhr.<\/p>\n<p style=\"text-align: justify;\">Am dritten Spieltag gastieren die F\u00fcchse Berlin in Stuttgart, die die vergangene Spielzeit auf dem zweiten Tabellenplatz mit 55:13-Punkten beendeten und sich fr\u00fchzeitig f\u00fcr die EHF Champions League qualifizieren konnten. Im DHB-Pokalfinale schlug das Team von Nicolej Krickau den Bergischen HC und kr\u00f6nte sich so zum DHB-Pokalsieger.<\/p>\n<p style=\"text-align: justify;\">Insgesamt verzeichneten die F\u00fcchse f\u00fcnf Abg\u00e4nge und zwei Neuzug\u00e4nge f\u00fcr die kommende Spielzeit. Mit Dejan Milosavljev, verlie\u00df einer der besten Torh\u00fcter der letzten Saison die Mannschaft in Richtung Kielce.<\/p>\n<p style=\"text-align: justify;\">Auch Lasse Andersson, der zu H\u00f8J Elite wechselte, geh\u00f6rt zu den prominenten Abg\u00e4ngen, die der Hauptstadtclub nun kompensieren muss.<\/p>\n<p style=\"text-align: justify;\">Die WILD BOYS blicken nach dem 30:29-Erfolg im ersten Heimspiel gegen den BHC und dem 34:34-Remis gegen den HC Hamburg am Donnerstag mit vollem Fokus auf das Heimspiel. Beim letzten Duell gegen die F\u00fcchse unterlag der TVB den Berlinern mit 30:36. Nach den beiden letzten Spielen, die beide erfolgreich endeten, ist das Team von Cheftrainer Misha Kaufmann bereit f\u00fcr das Spiel gegen die F\u00fcchse Berlin.<\/p>\n<p style=\"text-align: justify;\">Nachdem die WILD BOYS als m\u00f6gliches \u00dcberraschungsteam f\u00fcr die Saison gehandelt werden, verspricht das Duell Hochspannung pur.<\/p>\n<hr \/>\n<p style=\"text-align: justify;\">\n","protected":false},"excerpt":{"rendered":"<p>Am Sonntag, den 06.09.2026, steht f\u00fcr die WILD BOYS bereits das zweite Heimspiel der Saison 2026\/27 auf dem Programm. Am dritten Spieltag der OPEL Handball-Bundesliga empfangen die WILD BOYS die F\u00fcchse Berlin in der Porsche-Arena. Anpfiff ist um 16:30 Uhr. Am dritten Spieltag gastieren die F\u00fcchse Berlin in Stuttgart, die die vergangene Spielzeit auf dem [&hellip;]<\/p>\n","protected":false},"author":4,"featured_media":0,"comment_status":"closed","ping_status":"open","sticky":false,"template":"","format":"standard","meta":{"inline_featured_image":false,"_exactmetrics_skip_tracking":false,"footnotes":""},"categories":[110],"tags":[131,14857,133,68,275],"class_list":{"0":"post-161484","1":"post","2":"type-post","3":"status-publish","4":"format-standard","6":"category-sport","7":"tag-bundesliga","8":"tag-die-webzeitung","9":"tag-handball","10":"tag-online-zeitung","11":"tag-stuttgart"},"image_feature":null,"author_name":"Redaktion","pure_taxonomies":{"categories":[{"term_id":110,"name":"Sport","slug":"sport","term_group":0,"term_taxonomy_id":112,"taxonomy":"category","description":"Sportberichte","parent":0,"count":1101,"filter":"raw","image":""}],"tags":[{"term_id":131,"name":"Bundesliga","slug":"bundesliga","term_group":0,"term_taxonomy_id":133,"taxonomy":"post_tag","description":"","parent":0,"count":734,"filter":"raw","image":""},{"term_id":14857,"name":"Die-Webzeitung","slug":"die-webzeitung","term_group":0,"term_taxonomy_id":14876,"taxonomy":"post_tag","description":"","parent":0,"count":3521,"filter":"raw","image":""},{"term_id":133,"name":"Handball","slug":"handball","term_group":0,"term_taxonomy_id":135,"taxonomy":"post_tag","description":"","parent":0,"count":401,"filter":"raw","image":""},{"term_id":68,"name":"Online-Zeitung","slug":"online-zeitung","term_group":0,"term_taxonomy_id":69,"taxonomy":"post_tag","description":"","parent":0,"count":3492,"filter":"raw","image":""},{"term_id":275,"name":"Stuttgart","slug":"stuttgart","term_group":0,"term_taxonomy_id":281,"taxonomy":"post_tag","description":"","parent":0,"count":1160,"filter":"raw","image":""}]},"_links":{"self":[{"href":"https:\/\/die-webzeitung.de\/stuttgart\/wp-json\/wp\/v2\/posts\/161484","targetHints":{"allow":["GET"]}}],"collection":[{"href":"https:\/\/die-webzeitung.de\/stuttgart\/wp-json\/wp\/v2\/posts"}],"about":[{"href":"https:\/\/die-webzeitung.de\/stuttgart\/wp-json\/wp\/v2\/types\/post"}],"author":[{"embeddable":true,"href":"https:\/\/die-webzeitung.de\/stuttgart\/wp-json\/wp\/v2\/users\/4"}],"replies":[{"embeddable":true,"href":"https:\/\/die-webzeitung.de\/stuttgart\/wp-json\/wp\/v2\/comments?post=161484"}],"version-history":[{"count":0,"href":"https:\/\/die-webzeitung.de\/stuttgart\/wp-json\/wp\/v2\/posts\/161484\/revisions"}],"wp:attachment":[{"href":"https:\/\/die-webzeitung.de\/stuttgart\/wp-json\/wp\/v2\/media?parent=161484"}],"wp:term":[{"taxonomy":"category","embeddable":true,"href":"https:\/\/die-webzeitung.de\/stuttgart\/wp-json\/wp\/v2\/categories?post=161484"},{"taxonomy":"post_tag","embeddable":true,"href":"https:\/\/die-webzeitung.de\/stuttgart\/wp-json\/wp\/v2\/tags?post=161484"}],"curies":[{"name":"wp","href":"https:\/\/api.w.org\/{rel}","templated":true}]}}