{"id":161481,"date":"2026-09-04T16:23:53","date_gmt":"2026-09-04T15:23:53","guid":{"rendered":"https:\/\/die-webzeitung.de\/stuttgart\/?p=161481"},"modified":"2026-09-04T16:23:53","modified_gmt":"2026-09-04T15:23:53","slug":"zwei-jahre-solarscouts-engagiert-fuer-die-energiewende","status":"publish","type":"post","link":"https:\/\/die-webzeitung.de\/stuttgart\/2026\/09\/04\/zwei-jahre-solarscouts-engagiert-fuer-die-energiewende\/","title":{"rendered":"Zwei Jahre SolarScouts: Engagiert f\u00fcr die Energiewende"},"content":{"rendered":"<p style=\"text-align: justify;\">Stuttgart.|\u00a0Sie sind Mutmacher f\u00fcr die Zukunft: Rund 80 ehrenamtliche SolarScouts bringen seit 2024 mit ihrem Engagement die Energiewende in der Landeshauptstadt Stuttgart voran. Nun bauen sie ihr Informationsangebot aus.<\/p>\n<div>\n<p style=\"text-align: justify;\">Innerhalb von nur zwei Jahren sind die SolarScouts ein fester Bestandteil der Solaroffensive der Landeshauptststadt Stuttgart geworden. Als engagierte Multiplikatoren bringen sie die Energiewende in Stuttgart effektiv voran. Mit ihrem Einsatz tragen die inzwischen rund 80 Ehrenamtlichen in nahezu allen Stadtbezirken dazu bei, B\u00fcrgerinnen und B\u00fcrger f\u00fcr den Ausbau erneuerbarer Energien zu gewinnen.<\/p>\n<p style=\"text-align: justify;\">Mit einer neuen Homepage (<a href=\"http:\/\/www.solar-scouts.de\" target=\"_blank\" rel=\"noopener\" data-saferedirecturl=\"https:\/\/www.google.com\/url?q=http:\/\/www.solar-scouts.de&amp;source=gmail&amp;ust=1788612987579000&amp;usg=AOvVaw1wwp8oPJWW2hxg1Jn3fAzT\">www.solar-scouts.de<\/a>) erweitern die SolarScouts nun ihr Informationsangebot. Die Website b\u00fcndelt Grundlagenwissen, Veranstaltungshinweise, Praxisbeispiele sowie einen ausf\u00fchrlichen FAQ-Katalog und erleichtert damit den Einstieg in das Thema Photovoltaik.<\/p>\n<p style=\"text-align: justify;\">Die SolarScouts sind B\u00fcrgerinnen und B\u00fcrger, die eigene Erfahrungen mit der Installation von Photovoltaikanlagen gesammelt haben. Sie informieren seit Anfang 2024 unabh\u00e4ngig und kostenfrei \u00fcber technische Voraussetzungen, F\u00f6rderm\u00f6glichkeiten und organisatorische Abl\u00e4ufe. Diese Initiative wurde damals auf Anregung des BUND Stuttgart, des Energieberatungszentrum Stuttgart e.V., der Solaroffensive Botnang und des Amts f\u00fcr Umweltschutz der Landeshauptstadt Stuttgart ins Leben gerufen. B\u00fcrgerinnen und B\u00fcrger, die sich ehrenamtlich engagieren und selbst SolarScout werden m\u00f6chten, k\u00f6nnen sich per E-Mail an <a href=\"mailto:solarscouts@stuttgart.de\" target=\"_blank\" rel=\"noopener\">solarscouts@stuttgart.de<\/a> wenden.<\/p>\n<p style=\"text-align: justify;\"><strong>Information auf Augenh\u00f6he<\/strong><\/p>\n<p style=\"text-align: justify;\">Umweltb\u00fcrgermeister Peter P\u00e4tzold sagt: \u201eDie SolarScouts zeigen, wie b\u00fcrgerschaftliches Engagement die Energiewende ganz praktisch voranbringen kann. Sie schaffen Vertrauen, geben Orientierung und motivieren zur Umsetzung. Damit unterst\u00fctzen sie unser Ziel, Stuttgart klimaneutral zu machen.\u201c<\/p>\n<p style=\"text-align: justify;\">Mit mehr als tausend Informationsgespr\u00e4chen, zahlreichen Veranstaltungen und hunderten angesto\u00dfenen Photovoltaik-Projekten leisten sie einen konkreten Beitrag zur Beschleunigung der Energiewende. Zum Angebot z\u00e4hlen Solarspazierg\u00e4nge mit Praxisbeispielen, \u00f6ffentliche Sprechstunden sowie individuelle Hausbesuche. Jede f\u00fcnfte \u00fcber die st\u00e4dtische Solaroffensive gef\u00f6rderte Anlage geht inzwischen auf eine Empfehlung aus dem Kreis der SolarScouts zur\u00fcck.<\/p>\n<p style=\"text-align: justify;\">\u201eWer heute in eine Solaranlage investiert, investiert in die Zukunft unserer Stadt\u201c, so P\u00e4tzold weiter. \u201eDie SolarScouts machen Mut zur Umsetzung und zeigen ganz konkret: Die Energiewende beginnt auf dem eigenen Dach.\u201c<\/p>\n<hr \/>\n<p style=\"text-align: justify;\">\n<\/div>\n","protected":false},"excerpt":{"rendered":"<p>Stuttgart.|\u00a0Sie sind Mutmacher f\u00fcr die Zukunft: Rund 80 ehrenamtliche SolarScouts bringen seit 2024 mit ihrem Engagement die Energiewende in der Landeshauptstadt Stuttgart voran. Nun bauen sie ihr Informationsangebot aus. Innerhalb von nur zwei Jahren sind die SolarScouts ein fester Bestandteil der Solaroffensive der Landeshauptststadt Stuttgart geworden. Als engagierte Multiplikatoren bringen sie die Energiewende in Stuttgart [&hellip;]<\/p>\n","protected":false},"author":4,"featured_media":161482,"comment_status":"closed","ping_status":"open","sticky":false,"template":"","format":"standard","meta":{"inline_featured_image":false,"_exactmetrics_skip_tracking":false,"footnotes":""},"categories":[2239],"tags":[14857,68,18343,275],"class_list":{"0":"post-161481","1":"post","2":"type-post","3":"status-publish","4":"format-standard","5":"has-post-thumbnail","7":"category-stuttgart-lokal","8":"tag-die-webzeitung","9":"tag-online-zeitung","10":"tag-solarscout","11":"tag-stuttgart"},"image_feature":"https:\/\/die-webzeitung.de\/stuttgart\/wp-content\/uploads\/sites\/4\/2026\/09\/solar-scaled.jpg","author_name":"Redaktion","pure_taxonomies":{"categories":[{"term_id":2239,"name":"Stuttgart","slug":"stuttgart-lokal","term_group":0,"term_taxonomy_id":2252,"taxonomy":"category","description":"Berichte und Informationen aus Stuttgart","parent":1433,"count":977,"filter":"raw","image":""}],"tags":[{"term_id":14857,"name":"Die-Webzeitung","slug":"die-webzeitung","term_group":0,"term_taxonomy_id":14876,"taxonomy":"post_tag","description":"","parent":0,"count":3521,"filter":"raw","image":""},{"term_id":68,"name":"Online-Zeitung","slug":"online-zeitung","term_group":0,"term_taxonomy_id":69,"taxonomy":"post_tag","description":"","parent":0,"count":3492,"filter":"raw","image":""},{"term_id":18343,"name":"SolarScout","slug":"solarscout","term_group":0,"term_taxonomy_id":18362,"taxonomy":"post_tag","description":"","parent":0,"count":1,"filter":"raw","image":""},{"term_id":275,"name":"Stuttgart","slug":"stuttgart","term_group":0,"term_taxonomy_id":281,"taxonomy":"post_tag","description":"","parent":0,"count":1160,"filter":"raw","image":""}]},"_links":{"self":[{"href":"https:\/\/die-webzeitung.de\/stuttgart\/wp-json\/wp\/v2\/posts\/161481","targetHints":{"allow":["GET"]}}],"collection":[{"href":"https:\/\/die-webzeitung.de\/stuttgart\/wp-json\/wp\/v2\/posts"}],"about":[{"href":"https:\/\/die-webzeitung.de\/stuttgart\/wp-json\/wp\/v2\/types\/post"}],"author":[{"embeddable":true,"href":"https:\/\/die-webzeitung.de\/stuttgart\/wp-json\/wp\/v2\/users\/4"}],"replies":[{"embeddable":true,"href":"https:\/\/die-webzeitung.de\/stuttgart\/wp-json\/wp\/v2\/comments?post=161481"}],"version-history":[{"count":1,"href":"https:\/\/die-webzeitung.de\/stuttgart\/wp-json\/wp\/v2\/posts\/161481\/revisions"}],"predecessor-version":[{"id":161483,"href":"https:\/\/die-webzeitung.de\/stuttgart\/wp-json\/wp\/v2\/posts\/161481\/revisions\/161483"}],"wp:featuredmedia":[{"embeddable":true,"href":"https:\/\/die-webzeitung.de\/stuttgart\/wp-json\/wp\/v2\/media\/161482"}],"wp:attachment":[{"href":"https:\/\/die-webzeitung.de\/stuttgart\/wp-json\/wp\/v2\/media?parent=161481"}],"wp:term":[{"taxonomy":"category","embeddable":true,"href":"https:\/\/die-webzeitung.de\/stuttgart\/wp-json\/wp\/v2\/categories?post=161481"},{"taxonomy":"post_tag","embeddable":true,"href":"https:\/\/die-webzeitung.de\/stuttgart\/wp-json\/wp\/v2\/tags?post=161481"}],"curies":[{"name":"wp","href":"https:\/\/api.w.org\/{rel}","templated":true}]}}