{"id":161440,"date":"2026-09-01T15:58:44","date_gmt":"2026-09-01T14:58:44","guid":{"rendered":"https:\/\/die-webzeitung.de\/stuttgart\/?p=161440"},"modified":"2026-09-01T15:58:44","modified_gmt":"2026-09-01T14:58:44","slug":"neue-beschaeftigte-beim-praesidium-stuttgart-begruesst","status":"publish","type":"post","link":"https:\/\/die-webzeitung.de\/stuttgart\/2026\/09\/01\/neue-beschaeftigte-beim-praesidium-stuttgart-begruesst\/","title":{"rendered":"Neue Besch\u00e4ftigte beim Pr\u00e4sidium Stuttgart begr\u00fc\u00dft"},"content":{"rendered":"<p style=\"text-align: justify;\">Polizeipr\u00e4sident Eisenbraun hat am Dienstag, den 1. September 2026, 52 neue Besch\u00e4ftigte beim Polizeipr\u00e4sidium Stuttgart im Rathaus der Landeshauptstadt begr\u00fc\u00dft.<\/p>\n<p style=\"text-align: justify;\">Ende August haben 31 der Polizeibeamtinnen und Polizeibeamten ihre Ausbildung f\u00fcr den mittleren Polizeivollzugsdienst erfolgreich abgeschlossen und beginnen nun ihre Karriere bei der Polizei in Stuttgart. In einer feierlichen Zeremonie leisteten die 31 jungen Polizistinnen und Polizisten den Eid auf die Landesverfassung von Baden-W\u00fcrttemberg.<\/p>\n<p style=\"text-align: justify;\">Zudem gab es sieben Versetzungen von Polizeibeamten, welche bereits in anderen Polizeipr\u00e4sidien t\u00e4tig waren.<\/p>\n<p style=\"text-align: justify;\">Die Mehrheit der neu eingestellten Polizistinnen und Polizisten wird ihren Dienst bei einem der acht Polizeireviere, der Einsatzhundertschaft oder bei der Verkehrspolizeiinspektion beginnen.<\/p>\n<p style=\"text-align: justify;\">Das Polizeipr\u00e4sidium Stuttgart freut sich au\u00dferdem \u00fcber insgesamt zw\u00f6lf Tarifbesch\u00e4ftigte, die ihren Dienst seit April 2026 aufgenommen haben, zum Beispiel als B\u00fcrobesch\u00e4ftigte auf den Revieren oder Dezernaten der Kriminalpolizei. Zudem wurden zwei neue Verwaltungsbeamtinnen eingestellt, die das Referat Personal und das Referat Finanzen unterst\u00fctzen werden.<\/p>\n<p style=\"text-align: justify;\">Im Anschluss an die Vereidigung im Rathaus bekamen die Neuzug\u00e4nge w\u00e4hrend einer Stadtrundfahrt einen ersten Einblick in Sehensw\u00fcrdigkeiten, kulturellen Angebote und Freizeitaktivit\u00e4ten in Stuttgart.<\/p>\n<hr \/>\n<p style=\"text-align: justify;\">\n","protected":false},"excerpt":{"rendered":"<p>Polizeipr\u00e4sident Eisenbraun hat am Dienstag, den 1. September 2026, 52 neue Besch\u00e4ftigte beim Polizeipr\u00e4sidium Stuttgart im Rathaus der Landeshauptstadt begr\u00fc\u00dft. Ende August haben 31 der Polizeibeamtinnen und Polizeibeamten ihre Ausbildung f\u00fcr den mittleren Polizeivollzugsdienst erfolgreich abgeschlossen und beginnen nun ihre Karriere bei der Polizei in Stuttgart. In einer feierlichen Zeremonie leisteten die 31 jungen Polizistinnen [&hellip;]<\/p>\n","protected":false},"author":4,"featured_media":161441,"comment_status":"closed","ping_status":"open","sticky":false,"template":"","format":"standard","meta":{"inline_featured_image":false,"_exactmetrics_skip_tracking":false,"footnotes":""},"categories":[59],"tags":[],"class_list":{"0":"post-161440","1":"post","2":"type-post","3":"status-publish","4":"format-standard","5":"has-post-thumbnail","7":"category-aktuell"},"image_feature":"https:\/\/die-webzeitung.de\/stuttgart\/wp-content\/uploads\/sites\/4\/2026\/09\/pps-scaled.jpg","author_name":"Redaktion","pure_taxonomies":{"categories":[{"term_id":59,"name":"Aktuell","slug":"aktuell","term_group":0,"term_taxonomy_id":60,"taxonomy":"category","description":"","parent":0,"count":1039,"filter":"raw","image":""}]},"_links":{"self":[{"href":"https:\/\/die-webzeitung.de\/stuttgart\/wp-json\/wp\/v2\/posts\/161440","targetHints":{"allow":["GET"]}}],"collection":[{"href":"https:\/\/die-webzeitung.de\/stuttgart\/wp-json\/wp\/v2\/posts"}],"about":[{"href":"https:\/\/die-webzeitung.de\/stuttgart\/wp-json\/wp\/v2\/types\/post"}],"author":[{"embeddable":true,"href":"https:\/\/die-webzeitung.de\/stuttgart\/wp-json\/wp\/v2\/users\/4"}],"replies":[{"embeddable":true,"href":"https:\/\/die-webzeitung.de\/stuttgart\/wp-json\/wp\/v2\/comments?post=161440"}],"version-history":[{"count":1,"href":"https:\/\/die-webzeitung.de\/stuttgart\/wp-json\/wp\/v2\/posts\/161440\/revisions"}],"predecessor-version":[{"id":161442,"href":"https:\/\/die-webzeitung.de\/stuttgart\/wp-json\/wp\/v2\/posts\/161440\/revisions\/161442"}],"wp:featuredmedia":[{"embeddable":true,"href":"https:\/\/die-webzeitung.de\/stuttgart\/wp-json\/wp\/v2\/media\/161441"}],"wp:attachment":[{"href":"https:\/\/die-webzeitung.de\/stuttgart\/wp-json\/wp\/v2\/media?parent=161440"}],"wp:term":[{"taxonomy":"category","embeddable":true,"href":"https:\/\/die-webzeitung.de\/stuttgart\/wp-json\/wp\/v2\/categories?post=161440"},{"taxonomy":"post_tag","embeddable":true,"href":"https:\/\/die-webzeitung.de\/stuttgart\/wp-json\/wp\/v2\/tags?post=161440"}],"curies":[{"name":"wp","href":"https:\/\/api.w.org\/{rel}","templated":true}]}}