{"id":161077,"date":"2026-07-22T16:29:50","date_gmt":"2026-07-22T15:29:50","guid":{"rendered":"https:\/\/die-webzeitung.de\/stuttgart\/?p=161077"},"modified":"2026-07-26T12:21:10","modified_gmt":"2026-07-26T11:21:10","slug":"verkehrshinweise-zur-demo-stuttgart-pride-und-csd","status":"publish","type":"post","link":"https:\/\/die-webzeitung.de\/stuttgart\/2026\/07\/22\/verkehrshinweise-zur-demo-stuttgart-pride-und-csd\/","title":{"rendered":"CSD: Polizei zufrieden mit dem Einsatzverlauf"},"content":{"rendered":"<p style=\"text-align: justify;\">Stuttgart.|\u00a0Die Polizei zieht anl\u00e4sslich des Einsatzes zum CSD am Samstag (25.07.2026) eine positive Bilanz. Mehrere Hundert Einsatzkr\u00e4fte waren am Samstag in der Innenstadt im Einsatz und nahmen bis Einsatzende 12 Straftaten, zumeist K\u00f6rperverletzungsdelikte und Beleidigungen auf.<\/p>\n<p style=\"text-align: justify;\">Sechs Personen erhielten nach Abschluss der polizeilichen Ma\u00dfnahmen einen Platzverweis und wurden wieder auf die Stra\u00dfe entlassen.<\/p>\n<p style=\"text-align: justify;\">Kurzzeitig blockierten gegen 16.40 Uhr f\u00fcnf bis zehn Personen mutma\u00dflich aus dem linken Spektrum einen Aufzugswagen der CDU. Ordner hatten die Blockade bereits vor Eintreffen der Einsatzkr\u00e4fte aufgel\u00f6st, die Tatverd\u00e4chtigen verschwanden in der Menge. Es wurden umgehend Ma\u00dfnahmen zur Identifizierung der Unbekannten eingeleitet, die noch andauern.<\/p>\n<p style=\"text-align: justify;\">Der Einsatzleiter Jens R\u00fcgner zeigt sich zufrieden mit dem Einsatzverlauf: &#8220;Unser Einsatzkonzept anl\u00e4sslich des CSD ist aufgegangen. Durch den professionellen Einsatz der Beamten haben wir die Grundlage geschaffen, dass hunderttausende Zuschauer friedlich in der Innenstadt feiern konnten. Ich danke allen, die an der Planung und Durchf\u00fchrung des Einsatzes beteiligt waren.&#8221;<\/p>\n<div>\n<hr \/>\n<p style=\"text-align: justify;\">\n<\/div>\n","protected":false},"excerpt":{"rendered":"<p>Stuttgart.|\u00a0Die Polizei zieht anl\u00e4sslich des Einsatzes zum CSD am Samstag (25.07.2026) eine positive Bilanz. Mehrere Hundert Einsatzkr\u00e4fte waren am Samstag in der Innenstadt im Einsatz und nahmen bis Einsatzende 12 Straftaten, zumeist K\u00f6rperverletzungsdelikte und Beleidigungen auf. Sechs Personen erhielten nach Abschluss der polizeilichen Ma\u00dfnahmen einen Platzverweis und wurden wieder auf die Stra\u00dfe entlassen. Kurzzeitig blockierten [&hellip;]<\/p>\n","protected":false},"author":4,"featured_media":161078,"comment_status":"closed","ping_status":"open","sticky":false,"template":"","format":"standard","meta":{"inline_featured_image":false,"_exactmetrics_skip_tracking":false,"footnotes":""},"categories":[2239],"tags":[14248,14857,68,18321],"class_list":{"0":"post-161077","1":"post","2":"type-post","3":"status-publish","4":"format-standard","5":"has-post-thumbnail","7":"category-stuttgart-lokal","8":"tag-csd","9":"tag-die-webzeitung","10":"tag-online-zeitung","11":"tag-pride"},"image_feature":"https:\/\/die-webzeitung.de\/stuttgart\/wp-content\/uploads\/sites\/4\/2026\/07\/fshh-people-2625827_1280-scaled.jpg","author_name":"Redaktion","pure_taxonomies":{"categories":[{"term_id":2239,"name":"Stuttgart","slug":"stuttgart-lokal","term_group":0,"term_taxonomy_id":2252,"taxonomy":"category","description":"Berichte und Informationen aus Stuttgart","parent":1433,"count":976,"filter":"raw","image":""}],"tags":[{"term_id":14248,"name":"CSD","slug":"csd","term_group":0,"term_taxonomy_id":14282,"taxonomy":"post_tag","description":"","parent":0,"count":2,"filter":"raw","image":""},{"term_id":14857,"name":"Die-Webzeitung","slug":"die-webzeitung","term_group":0,"term_taxonomy_id":14876,"taxonomy":"post_tag","description":"","parent":0,"count":2532,"filter":"raw","image":""},{"term_id":68,"name":"Online-Zeitung","slug":"online-zeitung","term_group":0,"term_taxonomy_id":69,"taxonomy":"post_tag","description":"","parent":0,"count":2518,"filter":"raw","image":""},{"term_id":18321,"name":"Pride","slug":"pride","term_group":0,"term_taxonomy_id":18340,"taxonomy":"post_tag","description":"","parent":0,"count":1,"filter":"raw","image":""}]},"_links":{"self":[{"href":"https:\/\/die-webzeitung.de\/stuttgart\/wp-json\/wp\/v2\/posts\/161077","targetHints":{"allow":["GET"]}}],"collection":[{"href":"https:\/\/die-webzeitung.de\/stuttgart\/wp-json\/wp\/v2\/posts"}],"about":[{"href":"https:\/\/die-webzeitung.de\/stuttgart\/wp-json\/wp\/v2\/types\/post"}],"author":[{"embeddable":true,"href":"https:\/\/die-webzeitung.de\/stuttgart\/wp-json\/wp\/v2\/users\/4"}],"replies":[{"embeddable":true,"href":"https:\/\/die-webzeitung.de\/stuttgart\/wp-json\/wp\/v2\/comments?post=161077"}],"version-history":[{"count":3,"href":"https:\/\/die-webzeitung.de\/stuttgart\/wp-json\/wp\/v2\/posts\/161077\/revisions"}],"predecessor-version":[{"id":161113,"href":"https:\/\/die-webzeitung.de\/stuttgart\/wp-json\/wp\/v2\/posts\/161077\/revisions\/161113"}],"wp:featuredmedia":[{"embeddable":true,"href":"https:\/\/die-webzeitung.de\/stuttgart\/wp-json\/wp\/v2\/media\/161078"}],"wp:attachment":[{"href":"https:\/\/die-webzeitung.de\/stuttgart\/wp-json\/wp\/v2\/media?parent=161077"}],"wp:term":[{"taxonomy":"category","embeddable":true,"href":"https:\/\/die-webzeitung.de\/stuttgart\/wp-json\/wp\/v2\/categories?post=161077"},{"taxonomy":"post_tag","embeddable":true,"href":"https:\/\/die-webzeitung.de\/stuttgart\/wp-json\/wp\/v2\/tags?post=161077"}],"curies":[{"name":"wp","href":"https:\/\/api.w.org\/{rel}","templated":true}]}}