{"id":160253,"date":"2026-05-01T18:05:14","date_gmt":"2026-05-01T17:05:14","guid":{"rendered":"https:\/\/die-webzeitung.de\/stuttgart\/?p=160253"},"modified":"2026-05-01T18:05:14","modified_gmt":"2026-05-01T17:05:14","slug":"polizeieinsatz-anlaesslich-mehrerer-versammlungen-zum-1-mai","status":"publish","type":"post","link":"https:\/\/die-webzeitung.de\/stuttgart\/2026\/05\/01\/polizeieinsatz-anlaesslich-mehrerer-versammlungen-zum-1-mai\/","title":{"rendered":"Polizeieinsatz anl\u00e4sslich mehrerer Versammlungen zum 1. Mai"},"content":{"rendered":"<p style=\"text-align: justify;\">Stuttgart.|\u00a0Am Tag der Arbeit am Freitag (01.05.2026) war die Polizei Stuttgart mit mehreren hundert Beamten anl\u00e4sslich mehrerer Versammlungen im Einsatz. Hierbei waren auch eine Polizeireiterstaffel und eine Polizeidrohne im Einsatz. Unterst\u00fctzt wurden die Einsatzma\u00dfnahmen durch Kr\u00e4fte des Polizeipr\u00e4sidiums Einsatz.<\/p>\n<p style=\"text-align: justify;\">Im Mittelpunkt der Einsatzma\u00dfnahmen standen zwei Aufz\u00fcge im Bereich der Innenstadt. Bei der Versammlung, die vom Kronprinzplatz bis zur Schreiber-, Ecke B\u00f6blingerstra\u00dfe f\u00fchrte, kam es im Verlauf des Aufzuges vereinzelt zum Abbrennen von pyrotechnischen Gegenst\u00e4nden, ansonsten aber zu keinen gr\u00f6\u00dferen St\u00f6rungen. Nach der Abschlusskundgebung wurde der Aufzug durch die Versammlungsleitung beendet. Der Polizeif\u00fchrer Jens R\u00fcgner zog ein positives Fazit: &#8220;Die beteiligten Stellen hielten sich an die getroffenen Absprachen und die Versammlungen gingen friedlich und ohne gr\u00f6\u00dfere St\u00f6rungen zu Ende. Es kam lediglich durch Einzelpersonen zu wenigen Rauchtopfz\u00fcndungen und dem Abbrennen von pyrotechnischen Gegenst\u00e4nden. Zudem hatten sich zwei Personen kurzfristig vermummt.<\/p>\n<p style=\"text-align: justify;\">Die Polizei hat heute auf ein Kooperations- und Deeskalationskonzept gesetzt, das angenommen wurde und vollumf\u00e4nglich aufging, so dass wir mit dem Einsatzverlauf sehr zufrieden sind.&#8221;<\/p>\n<hr \/>\n<p style=\"text-align: justify;\">\n","protected":false},"excerpt":{"rendered":"<p>Stuttgart.|\u00a0Am Tag der Arbeit am Freitag (01.05.2026) war die Polizei Stuttgart mit mehreren hundert Beamten anl\u00e4sslich mehrerer Versammlungen im Einsatz. Hierbei waren auch eine Polizeireiterstaffel und eine Polizeidrohne im Einsatz. Unterst\u00fctzt wurden die Einsatzma\u00dfnahmen durch Kr\u00e4fte des Polizeipr\u00e4sidiums Einsatz. Im Mittelpunkt der Einsatzma\u00dfnahmen standen zwei Aufz\u00fcge im Bereich der Innenstadt. Bei der Versammlung, die vom [&hellip;]<\/p>\n","protected":false},"author":4,"featured_media":144524,"comment_status":"closed","ping_status":"open","sticky":false,"template":"","format":"standard","meta":{"inline_featured_image":false,"_exactmetrics_skip_tracking":false,"_exactmetrics_sitenote_active":false,"_exactmetrics_sitenote_note":"","_exactmetrics_sitenote_category":0,"footnotes":""},"categories":[2239],"tags":[18289,14857,68,275,1808],"class_list":{"0":"post-160253","1":"post","2":"type-post","3":"status-publish","4":"format-standard","5":"has-post-thumbnail","7":"category-stuttgart-lokal","8":"tag-1-mai","9":"tag-die-webzeitung","10":"tag-online-zeitung","11":"tag-stuttgart","12":"tag-versammlung"},"image_feature":"https:\/\/die-webzeitung.de\/stuttgart\/wp-content\/uploads\/sites\/4\/2021\/12\/Polizei.jpg","author_name":"Redaktion","pure_taxonomies":{"categories":[{"term_id":2239,"name":"Stuttgart","slug":"stuttgart-lokal","term_group":0,"term_taxonomy_id":2252,"taxonomy":"category","description":"Berichte und Informationen aus Stuttgart","parent":1433,"count":943,"filter":"raw","image":""}],"tags":[{"term_id":18289,"name":"1. Mai","slug":"1-mai","term_group":0,"term_taxonomy_id":18308,"taxonomy":"post_tag","description":"","parent":0,"count":1,"filter":"raw","image":""},{"term_id":14857,"name":"Die-Webzeitung","slug":"die-webzeitung","term_group":0,"term_taxonomy_id":14876,"taxonomy":"post_tag","description":"","parent":0,"count":3628,"filter":"raw","image":""},{"term_id":68,"name":"Online-Zeitung","slug":"online-zeitung","term_group":0,"term_taxonomy_id":69,"taxonomy":"post_tag","description":"","parent":0,"count":3598,"filter":"raw","image":""},{"term_id":275,"name":"Stuttgart","slug":"stuttgart","term_group":0,"term_taxonomy_id":281,"taxonomy":"post_tag","description":"","parent":0,"count":1196,"filter":"raw","image":""},{"term_id":1808,"name":"Versammlung","slug":"versammlung","term_group":0,"term_taxonomy_id":12573,"taxonomy":"post_tag","description":"","parent":0,"count":7,"filter":"raw","image":""}]},"_links":{"self":[{"href":"https:\/\/die-webzeitung.de\/stuttgart\/wp-json\/wp\/v2\/posts\/160253","targetHints":{"allow":["GET"]}}],"collection":[{"href":"https:\/\/die-webzeitung.de\/stuttgart\/wp-json\/wp\/v2\/posts"}],"about":[{"href":"https:\/\/die-webzeitung.de\/stuttgart\/wp-json\/wp\/v2\/types\/post"}],"author":[{"embeddable":true,"href":"https:\/\/die-webzeitung.de\/stuttgart\/wp-json\/wp\/v2\/users\/4"}],"replies":[{"embeddable":true,"href":"https:\/\/die-webzeitung.de\/stuttgart\/wp-json\/wp\/v2\/comments?post=160253"}],"version-history":[{"count":1,"href":"https:\/\/die-webzeitung.de\/stuttgart\/wp-json\/wp\/v2\/posts\/160253\/revisions"}],"predecessor-version":[{"id":160254,"href":"https:\/\/die-webzeitung.de\/stuttgart\/wp-json\/wp\/v2\/posts\/160253\/revisions\/160254"}],"wp:featuredmedia":[{"embeddable":true,"href":"https:\/\/die-webzeitung.de\/stuttgart\/wp-json\/wp\/v2\/media\/144524"}],"wp:attachment":[{"href":"https:\/\/die-webzeitung.de\/stuttgart\/wp-json\/wp\/v2\/media?parent=160253"}],"wp:term":[{"taxonomy":"category","embeddable":true,"href":"https:\/\/die-webzeitung.de\/stuttgart\/wp-json\/wp\/v2\/categories?post=160253"},{"taxonomy":"post_tag","embeddable":true,"href":"https:\/\/die-webzeitung.de\/stuttgart\/wp-json\/wp\/v2\/tags?post=160253"}],"curies":[{"name":"wp","href":"https:\/\/api.w.org\/{rel}","templated":true}]}}