{"id":160249,"date":"2026-05-01T09:09:50","date_gmt":"2026-05-01T08:09:50","guid":{"rendered":"https:\/\/die-webzeitung.de\/stuttgart\/?p=160249"},"modified":"2026-05-01T09:09:50","modified_gmt":"2026-05-01T08:09:50","slug":"kirchheim-unter-teck-stadtfuehrungen-im-mai-2026","status":"publish","type":"post","link":"https:\/\/die-webzeitung.de\/stuttgart\/2026\/05\/01\/kirchheim-unter-teck-stadtfuehrungen-im-mai-2026\/","title":{"rendered":"Kirchheim unter Teck: Stadtf\u00fchrungen im Mai 2026"},"content":{"rendered":"<p style=\"text-align: justify;\">Geschichte, Kulinarik oder Moderne? Der Stadtf\u00fchrungskalender in Kirchheim unter Teck ist im Mai 2026 besonders gut gef\u00fcllt und bietet Informationen, Unterhaltung und Genuss.<\/p>\n<p style=\"text-align: justify;\"><strong>Historische Stadtf\u00fchrung<br \/>\n<\/strong>Regelm\u00e4\u00dfig am ersten Samstag im Monat geht es bei der historischen Stadtf\u00fchrung zu den\u00a0geschichtstr\u00e4chtigsten Orten der Innenstadt. Teilnehmende erhalten am <strong>Samstag, 2. Mai 2026, 14:00 Uhr <\/strong>in 90 Minuten einen \u00dcberblick \u00fcber Fachwerkstile, die Martinskirche, die M\u00e4rkte sowie das Renaissanceschloss und h\u00f6ren neben der ganz gro\u00dfen auch viele kleine Geschichten. Der Treffpunkt der F\u00fchrung ist am Max-Eyth-Haus in der Max-Eyth-Stra\u00dfe 15. Die F\u00fchrung kostet 7,00 Euro pro Person.<\/p>\n<p style=\"text-align: justify;\"><strong>Literarische Stadtf\u00fchrung mit Weinverkostung<br \/>\n<\/strong>Am <strong>Freitag, 8. Mai 2026 um 18:30 Uhr<\/strong> laden zwei Fachleute Ihrer Gebiete zu einem besonderen Erlebnis ein. Die literarische Tour mit dem Stadtf\u00fchrer Thomas Meyer-Weithofer f\u00fchrt zu geschichtstr\u00e4chtigen Orten wie dem Max-Eyth-Haus, dem alten Pfarrhaus am Martinskirchplatz und der ehemaligen \u201eKrone\u201c am Alleenring. Unterwegs gibt es stimmungsvolle Texte von Hermann Hesse, Max Eyth, Hans Bethge, Albert Knapp und Eduard M\u00f6rike. Zum Ausklang l\u00e4dt Weinexperte Hans-Peter Weyhm\u00fcller in die Lateinschule des Literaturmuseums ein. Dort k\u00f6nnen Teilnehmende je zwei ausgew\u00e4hlte Rot- und Wei\u00dfweine genie\u00dfen und Spannendes \u00fcber den historischen Weinanbau in der Region erfahren. Ein Abend f\u00fcr alle Sinne &#8211; literarisch, geschichtlich und genussvoll. Der Treffpunkt ist an der Kirchheim-Info in der Max-Eyth-Stra\u00dfe 15 und die Teilnahme kostet 20,00 Euro pro Person.<\/p>\n<p style=\"text-align: justify;\"><strong>Kirchheim unter Teck in der Zeit des Nationalsozialismus<br \/>\n<\/strong>Um Kirchheim unter Teck in der Zeit des Nationalsozialismus geht es bei der gleichnamigen F\u00fchrung am <strong>Samstag, 9. Mai 2026 <\/strong>um <strong>14:00 Uhr<\/strong>. Der Ernennung Adolf Hitlers zum Reichskanzler folgte der Umbau Deutschlands zu einem F\u00fchrerstaat. Der NSDAP wurden alle Gruppierungen des Staates unterworfen. Wie hat sich diese verh\u00e4ngnisvolle Entwicklung auf Kirchheim unter Teck ausgewirkt? Dieser 90min\u00fctige Rundgang durch die Altstadt versucht eine Antwort auf diese Frage zu finden. Die Stadtf\u00fchrung kostet 7,00 Euro pro Person und beginnt in der Kirchheim-Info, Max-Eyth-Stra\u00dfe 15.<\/p>\n<p style=\"text-align: justify;\"><strong>Durch Altstadtgassen und Schlossgem\u00e4cher<br \/>\n<\/strong>Ebenfalls am<strong> 16. Mai 2026<\/strong> startet <strong>um 14:00 Uhr <\/strong>am Max-Eyth-Haus ein Rundgang durch Altstadtgassen und Schlossgem\u00e4cher. Im Schlossmuseum gibt es Einblicke in die Wohnkultur des 19. Jahrhunderts und Interessantes \u00fcber die ehemals adeligen Bewohnerinnen. Der Alltag der Bev\u00f6lkerung spielte sich in den Fachwerkgassen ab, wie Teilnehmende zwischen Marktplatz und Martinskirche erfahren werden.\u00a0Die Stadtf\u00fchrung kostet 11,00 Euro pro Person.<\/p>\n<p style=\"text-align: justify;\"><strong>Die B\u00fcrgerseen \u2013 Vom Sumpf zum Naherholungsgebiet<br \/>\n<\/strong>Einst ein Sumpf, dann herrschaftliches Jagd- und Fischereigebiet und heute ein beliebtes Ausflugsziel f\u00fcr Jedermann &#8211; die B\u00fcrgerseen und der Talwald. Der ehemalige F\u00f6rster Bernd Budde unternimmt am Samstag, den <strong>16. Mai 2026 um 16:00 Uhr<\/strong> mit Teilnehmenden eine Tour durch die Geschichte der B\u00fcrgerseen und teilt nebenbei interessante Details \u00fcber die Flora und Fauna der Seen und des Waldes. Die Stadtf\u00fchrung kostet 7,00 Euro pro Person.<\/p>\n<p style=\"text-align: justify;\"><strong>Das Steingauquartier \u2013 in zukunftsweisendes Wohn- und Arbeitsviertel<br \/>\n<\/strong>Erleben Sie bei einer F\u00fchrung mit dem Stadtplaner am Dienstag, den <strong>19. Mai 2026 um 17:00 Uhr<\/strong>, wie auf dem Gel\u00e4nde einer ehemaligen Maschinenfabrik ein lebendiges Quartier f\u00fcr rund 800 Menschen entstanden ist. Nachhaltige Architektur, moderne Wohn- und Arbeitswelten sowie innovative Freifl\u00e4chen machen das Projekt zu einem Teil der Internationalen Bauausstellung \u201eIBA 2027\u201c. Die F\u00fchrung gibt spannende Einblicke in Planung, Gestaltung und das besondere Leben im Steingauquartier. Treffpunkt ist direkt im Quartier um 17:00 Uhr vor dem Lebensmittelgesch\u00e4ft \u201eSelin-Markt\u201c in der Rosa-Heinzelmann-Stra\u00dfe 16. Die Stadtf\u00fchrung dauert circa 90 Minuten und kostet 7,00 Euro pro Person.<\/p>\n<p style=\"text-align: justify;\"><strong>Am\u00fcsantes &amp; Pikantes<br \/>\n<\/strong>Begeben Sie sich am <strong>Donnerstag, 21. Mai 2026<\/strong> auf eine kulinarische Stadtf\u00fchrung und erleben Sie \u201eAm\u00fcsantes und Pikantes\u201c bei einem Spaziergang durch die Altstadt. Die Teilnehmenden erwartet ein regionales 3-G\u00e4nge-Men\u00fc nach Wahl in drei Traditionslokalen. Die Wege zwischen den einzelnen G\u00e4ngen sind gew\u00fcrzt mit pikanten Geschichten und am\u00fcsanten \u201eHist\u00f6rchen\u201c aus Kirchheims Vergangenheit. Die Stadtf\u00fchrung kostet 49,50 Euro pro Person (inklusive Aperitif, Antipasti, Hauptgang und Dessert). Weitere Getr\u00e4nke werden separat berechnet. Start ist um <strong>17:15 Uhr<\/strong> an der Kirchheim-Info (Max-Eyth-Stra\u00dfe 15). Die Tour dauert circa drei Stunden.<\/p>\n<p style=\"text-align: justify;\"><strong>F\u00fchrungen am Deutscher Fachwerktag<br \/>\n<\/strong>Am <strong>Sonntag, 31. Mai 2026<\/strong>, finden anl\u00e4sslich des Deutschen Fachwerktages in Kirchheim unter Teck drei reizvolle F\u00fchrungen statt, bei denen Teilnehmende unter anderem den Sonnenauf- oder Sonnenuntergang vom Rathausturm aus erleben k\u00f6nnen. Die Teilnahme kostet jeweils 7,00 Euro pro Person.<\/p>\n<p style=\"text-align: justify;\">Fr\u00fchaufsteher steigen bei der <strong>\u201eSunrise\u201c-Tour <\/strong>bereits um <strong>05:00 Uhr <\/strong>morgens mit einem Stadtf\u00fchrer auf den Turm des Kirchheimer Rathauses (Marktstra\u00dfe 14). Nach dem Erklimmen der 116 Stufen l\u00e4sst sich der fr\u00fchmorgendliche Rundblick aus rund 28 Metern H\u00f6he genie\u00dfen: Von den steil abfallenden H\u00e4ngen des Albtraufs kann bei guter Witterung bis auf die Fildern geblickt werden. Den Teilnehmenden zu F\u00fc\u00dfen liegt die pittoreske Fachwerk-Innenstadt. Im Anschluss gibt es einen kurzen Spaziergang durch die Gassen der Innenstadt.<\/p>\n<p style=\"text-align: justify;\">Zur Mittagszeit bietet der Rathausturm erneut einen herrlichen Ausblick \u00fcber die Stadt. Bei der <strong>Stadtf\u00fchrung \u201eGeschichte(n) von oben\u201c ab 14:00 Uhr<\/strong>. Von oben er\u00f6ffnet sich ein Panorama \u00fcber die steil abfallenden H\u00e4nge des Albtraufs bis hin zu den Fildern. Direkt zu F\u00fc\u00dfen liegt die pittoreske Fachwerkstadt. Anschlie\u00dfend l\u00e4dt ein kurzer Spaziergang durch die verwinkelten Gassen dazu ein, gemeinsam mit dem Stadtf\u00fchrer Details zu entdecken, die sonst oft verborgen bleiben.<\/p>\n<p style=\"text-align: justify;\">F\u00fcr Langschl\u00e4fer ist die \u201e<strong>Sundown\u201c-Tour<\/strong> um <strong>20:30 Uhr<\/strong> passender. In der Abendd\u00e4mmerung werden die Stufen des Rathausturms erklommen. Nachdem die letzten Sonnenstrahlen des Tages verschwunden sind, gibt es noch einen kurzen Streifzug durch die abendlichen Gassen der Kirchheimer Fachwerkstadt.<\/p>\n<p style=\"text-align: justify;\">Zu beachten ist: Sofern nicht anders angegeben, ist bei allen genannten Stadtf\u00fchrungen eine vorherige Anmeldung bei der Kirchheim-Info unter 07021 502-555 oder <a href=\"mailto:tourist@kirchheim-teck.de\" target=\"_blank\" rel=\"noopener\">tourist@kirchheim-teck.de<\/a> notwendig. F\u00fcr Gruppen, die sich f\u00fcr eine der F\u00fchrungen interessieren, aber zu den genannten Terminen keine Zeit haben, k\u00f6nnen auf Nachfrage auch Touren zum individuellen Wunschtermin angeboten werden.<\/p>\n<hr \/>\n<p style=\"text-align: justify;\">\n","protected":false},"excerpt":{"rendered":"<p>Geschichte, Kulinarik oder Moderne? Der Stadtf\u00fchrungskalender in Kirchheim unter Teck ist im Mai 2026 besonders gut gef\u00fcllt und bietet Informationen, Unterhaltung und Genuss. Historische Stadtf\u00fchrung Regelm\u00e4\u00dfig am ersten Samstag im Monat geht es bei der historischen Stadtf\u00fchrung zu den\u00a0geschichtstr\u00e4chtigsten Orten der Innenstadt. Teilnehmende erhalten am Samstag, 2. Mai 2026, 14:00 Uhr in 90 Minuten einen [&hellip;]<\/p>\n","protected":false},"author":4,"featured_media":0,"comment_status":"closed","ping_status":"open","sticky":false,"template":"","format":"standard","meta":{"inline_featured_image":false,"_exactmetrics_skip_tracking":false,"_exactmetrics_sitenote_active":false,"_exactmetrics_sitenote_note":"","_exactmetrics_sitenote_category":0,"footnotes":""},"categories":[76],"tags":[14857,18052,68,18039],"class_list":{"0":"post-160249","1":"post","2":"type-post","3":"status-publish","4":"format-standard","6":"category-fuhrung-vortrage","7":"tag-die-webzeitung","8":"tag-kirchheim-teck","9":"tag-online-zeitung","10":"tag-stadtfuehrungen"},"image_feature":null,"author_name":"Redaktion","pure_taxonomies":{"categories":[{"term_id":76,"name":"F\u00fchrungen \/ Vortr\u00e4ge","slug":"fuhrung-vortrage","term_group":0,"term_taxonomy_id":77,"taxonomy":"category","description":"","parent":2240,"count":8,"filter":"raw","image":""}],"tags":[{"term_id":14857,"name":"Die-Webzeitung","slug":"die-webzeitung","term_group":0,"term_taxonomy_id":14876,"taxonomy":"post_tag","description":"","parent":0,"count":3627,"filter":"raw","image":""},{"term_id":18052,"name":"Kirchheim\/Teck","slug":"kirchheim-teck","term_group":0,"term_taxonomy_id":18071,"taxonomy":"post_tag","description":"","parent":0,"count":25,"filter":"raw","image":""},{"term_id":68,"name":"Online-Zeitung","slug":"online-zeitung","term_group":0,"term_taxonomy_id":69,"taxonomy":"post_tag","description":"","parent":0,"count":3597,"filter":"raw","image":""},{"term_id":18039,"name":"Stadtf\u00fchrungen","slug":"stadtfuehrungen","term_group":0,"term_taxonomy_id":18058,"taxonomy":"post_tag","description":"","parent":0,"count":1,"filter":"raw","image":""}]},"_links":{"self":[{"href":"https:\/\/die-webzeitung.de\/stuttgart\/wp-json\/wp\/v2\/posts\/160249","targetHints":{"allow":["GET"]}}],"collection":[{"href":"https:\/\/die-webzeitung.de\/stuttgart\/wp-json\/wp\/v2\/posts"}],"about":[{"href":"https:\/\/die-webzeitung.de\/stuttgart\/wp-json\/wp\/v2\/types\/post"}],"author":[{"embeddable":true,"href":"https:\/\/die-webzeitung.de\/stuttgart\/wp-json\/wp\/v2\/users\/4"}],"replies":[{"embeddable":true,"href":"https:\/\/die-webzeitung.de\/stuttgart\/wp-json\/wp\/v2\/comments?post=160249"}],"version-history":[{"count":1,"href":"https:\/\/die-webzeitung.de\/stuttgart\/wp-json\/wp\/v2\/posts\/160249\/revisions"}],"predecessor-version":[{"id":160250,"href":"https:\/\/die-webzeitung.de\/stuttgart\/wp-json\/wp\/v2\/posts\/160249\/revisions\/160250"}],"wp:attachment":[{"href":"https:\/\/die-webzeitung.de\/stuttgart\/wp-json\/wp\/v2\/media?parent=160249"}],"wp:term":[{"taxonomy":"category","embeddable":true,"href":"https:\/\/die-webzeitung.de\/stuttgart\/wp-json\/wp\/v2\/categories?post=160249"},{"taxonomy":"post_tag","embeddable":true,"href":"https:\/\/die-webzeitung.de\/stuttgart\/wp-json\/wp\/v2\/tags?post=160249"}],"curies":[{"name":"wp","href":"https:\/\/api.w.org\/{rel}","templated":true}]}}