{"id":160246,"date":"2026-05-01T09:06:50","date_gmt":"2026-05-01T08:06:50","guid":{"rendered":"https:\/\/die-webzeitung.de\/stuttgart\/?p=160246"},"modified":"2026-05-01T09:27:01","modified_gmt":"2026-05-01T08:27:01","slug":"grosses-festwochenende-in-kircvhheim-teck","status":"publish","type":"post","link":"https:\/\/die-webzeitung.de\/stuttgart\/2026\/05\/01\/grosses-festwochenende-in-kircvhheim-teck\/","title":{"rendered":"Gro\u00dfes Festwochenende in Kirchheim\/Teck"},"content":{"rendered":"<h4 style=\"text-align: justify;\"><strong>Vom 8. bis 10. Mai 2026 im Steingauquartier<\/strong><\/h4>\n<p style=\"text-align: justify;\">Kirchheim unter Teck.| Das Steingauquartier ist fertig! Nach einer langen Verhandlungs-, Entwicklungs- und Bauzeit sind alle Bauma\u00dfnahmen abgeschlossen. S\u00e4mtliche Geb\u00e4ude sind bewohnt, die gewerblichen Nutzungen eingezogen, der Stadtraum hergestellt und die B\u00e4ume gepflanzt. Das Quartier ist im Alltag der Stadt angekommen \u2013 und erfreut sich gro\u00dfer Beliebtheit, bei Bewohnerinnen und Bewohnern wie in der gesamten Stadtgesellschaft.<\/p>\n<p style=\"text-align: justify;\">Dar\u00fcber hinaus gilt das Steingauquartier bundesweit als vorbildhaftes St\u00e4dtebauprojekt und wurde f\u00fcr den Deutschen St\u00e4dtebaupreis nominiert.<\/p>\n<p style=\"text-align: justify;\">Diesen Meilenstein feiern wir gemeinsam \u2013 mit einem gro\u00dfen Festwochenende vom 8. bis 10. Mai 2026. Alle Kirchheimerinnen und Kirchheimer sowie G\u00e4ste aus der Region sind herzlich eingeladen, vorbeizukommen!<\/p>\n<p style=\"text-align: justify;\"><strong>Das Programm im \u00dcberblick:<\/strong><\/p>\n<p style=\"text-align: justify;\"><strong>Samstag, 9. Mai 2026: Quartiersfest<br \/>\n<\/strong>Ab 14:00 Uhr l\u00e4dt das Steingauquartier zum gro\u00dfen Quartiersfest ein. Am Abend sorgt die Band \u201eDrinking Beer with Mum\u201c von 18:00 bis 20:30 Uhr f\u00fcr musikalische Unterhaltung. Den Abschluss bildet um 21:30 Uhr eine besondere Performance, die das gesamte Steingauquartier bespielt.<\/p>\n<p style=\"text-align: justify;\"><strong>Sonntag, 10. Mai 2026: Flohmarkt &amp; Jazz<br \/>\n<\/strong>Ab 10:00 Uhr l\u00e4dt ein Flohmarkt zum St\u00f6bern ein. Ab 12:00 Uhr begleitet ein Jazz-Trio den Sonntagnachmittag mit entspannten Kl\u00e4ngen.<\/p>\n<p style=\"text-align: justify;\"><strong>Hinweis:<br \/>\n<\/strong>Das Steingauquartier ist vom 8. bis 10. Mai f\u00fcr den Kfz-Verkehr gesperrt. TG-Zufahrten und Sonderverkehre bleiben erreichbar. Anwohnerinnen und Anwohner werden gebeten, die Parkpl\u00e4tze auf dem Quartiersplatz bis Freitag, 8. Mai, 12:00 Uhr freizumachen.<\/p>\n<hr \/>\n<p style=\"text-align: justify;\">\n","protected":false},"excerpt":{"rendered":"<p>Vom 8. bis 10. Mai 2026 im Steingauquartier Kirchheim unter Teck.| Das Steingauquartier ist fertig! Nach einer langen Verhandlungs-, Entwicklungs- und Bauzeit sind alle Bauma\u00dfnahmen abgeschlossen. S\u00e4mtliche Geb\u00e4ude sind bewohnt, die gewerblichen Nutzungen eingezogen, der Stadtraum hergestellt und die B\u00e4ume gepflanzt. Das Quartier ist im Alltag der Stadt angekommen \u2013 und erfreut sich gro\u00dfer Beliebtheit, [&hellip;]<\/p>\n","protected":false},"author":4,"featured_media":160247,"comment_status":"closed","ping_status":"open","sticky":false,"template":"","format":"standard","meta":{"inline_featured_image":false,"_exactmetrics_skip_tracking":false,"_exactmetrics_sitenote_active":false,"_exactmetrics_sitenote_note":"","_exactmetrics_sitenote_category":0,"footnotes":""},"categories":[59,69],"tags":[14857,18052,68,18288],"class_list":{"0":"post-160246","1":"post","2":"type-post","3":"status-publish","4":"format-standard","5":"has-post-thumbnail","7":"category-aktuell","8":"category-party-feste-feten","9":"tag-die-webzeitung","10":"tag-kirchheim-teck","11":"tag-online-zeitung","12":"tag-quartiersfest"},"image_feature":"https:\/\/die-webzeitung.de\/stuttgart\/wp-content\/uploads\/sites\/4\/2026\/05\/Bild1_GernotPohl_STGQ_Innenhof1a-scaled.jpg","author_name":"Redaktion","pure_taxonomies":{"categories":[{"term_id":59,"name":"Aktuell","slug":"aktuell","term_group":0,"term_taxonomy_id":60,"taxonomy":"category","description":"","parent":0,"count":1018,"filter":"raw","image":""},{"term_id":69,"name":"Party\/Feste","slug":"party-feste-feten","term_group":0,"term_taxonomy_id":70,"taxonomy":"category","description":"","parent":2240,"count":1,"filter":"raw","image":""}],"tags":[{"term_id":14857,"name":"Die-Webzeitung","slug":"die-webzeitung","term_group":0,"term_taxonomy_id":14876,"taxonomy":"post_tag","description":"","parent":0,"count":3627,"filter":"raw","image":""},{"term_id":18052,"name":"Kirchheim\/Teck","slug":"kirchheim-teck","term_group":0,"term_taxonomy_id":18071,"taxonomy":"post_tag","description":"","parent":0,"count":25,"filter":"raw","image":""},{"term_id":68,"name":"Online-Zeitung","slug":"online-zeitung","term_group":0,"term_taxonomy_id":69,"taxonomy":"post_tag","description":"","parent":0,"count":3597,"filter":"raw","image":""},{"term_id":18288,"name":"Quartiersfest","slug":"quartiersfest","term_group":0,"term_taxonomy_id":18307,"taxonomy":"post_tag","description":"","parent":0,"count":1,"filter":"raw","image":""}]},"_links":{"self":[{"href":"https:\/\/die-webzeitung.de\/stuttgart\/wp-json\/wp\/v2\/posts\/160246","targetHints":{"allow":["GET"]}}],"collection":[{"href":"https:\/\/die-webzeitung.de\/stuttgart\/wp-json\/wp\/v2\/posts"}],"about":[{"href":"https:\/\/die-webzeitung.de\/stuttgart\/wp-json\/wp\/v2\/types\/post"}],"author":[{"embeddable":true,"href":"https:\/\/die-webzeitung.de\/stuttgart\/wp-json\/wp\/v2\/users\/4"}],"replies":[{"embeddable":true,"href":"https:\/\/die-webzeitung.de\/stuttgart\/wp-json\/wp\/v2\/comments?post=160246"}],"version-history":[{"count":2,"href":"https:\/\/die-webzeitung.de\/stuttgart\/wp-json\/wp\/v2\/posts\/160246\/revisions"}],"predecessor-version":[{"id":160251,"href":"https:\/\/die-webzeitung.de\/stuttgart\/wp-json\/wp\/v2\/posts\/160246\/revisions\/160251"}],"wp:featuredmedia":[{"embeddable":true,"href":"https:\/\/die-webzeitung.de\/stuttgart\/wp-json\/wp\/v2\/media\/160247"}],"wp:attachment":[{"href":"https:\/\/die-webzeitung.de\/stuttgart\/wp-json\/wp\/v2\/media?parent=160246"}],"wp:term":[{"taxonomy":"category","embeddable":true,"href":"https:\/\/die-webzeitung.de\/stuttgart\/wp-json\/wp\/v2\/categories?post=160246"},{"taxonomy":"post_tag","embeddable":true,"href":"https:\/\/die-webzeitung.de\/stuttgart\/wp-json\/wp\/v2\/tags?post=160246"}],"curies":[{"name":"wp","href":"https:\/\/api.w.org\/{rel}","templated":true}]}}