{"id":160237,"date":"2026-04-29T16:42:03","date_gmt":"2026-04-29T15:42:03","guid":{"rendered":"https:\/\/die-webzeitung.de\/stuttgart\/?p=160237"},"modified":"2026-04-29T16:42:03","modified_gmt":"2026-04-29T15:42:03","slug":"zeitkapsel-fuer-das-stuttgart-moving-image-center-uebergeben","status":"publish","type":"post","link":"https:\/\/die-webzeitung.de\/stuttgart\/2026\/04\/29\/zeitkapsel-fuer-das-stuttgart-moving-image-center-uebergeben\/","title":{"rendered":"Zeitkapsel f\u00fcr das Stuttgart Moving Image Center \u00fcbergeben"},"content":{"rendered":"<h4 class=\"m_-6665890558616091447mynewsHeadline\" style=\"text-align: justify;\"><strong>Meilenstein f\u00fcr eines der wichtigsten Kulturprojekte der Stadt<\/strong><\/h4>\n<p style=\"text-align: justify;\">Stuttgart.|\u00a0Mit der \u00dcbergabe einer Zeitkapsel wurde ein Meilenstein f\u00fcr das Stuttgart Moving Image Center (SMIC) erreicht. Der Neubau am Leonhardsplatz soll bis 2029 fertig sein und als bundesweit einzigartiges Zentrum f\u00fcr Film, Medien und digitale Kultur dienen.<\/p>\n<div>\n<p style=\"text-align: justify;\">Die feierliche \u00dcbergabe einer Zeitkapsel markiert einen weiteren wichtigen Schritt beim Bau des SMIC \u2013 Stuttgart Moving Image Center \/ Haus f\u00fcr bewegte Bilder Stuttgart. Auf der Baustelle am Leonhardsplatz in Stuttgart-Mitte, zwischen Hauptst\u00e4tter und Esslinger Stra\u00dfe, w\u00fcrdigten Vertreterinnen und Vertreter aus Stadtverwaltung, Architektur, Kultur und IBA\u201927 das Projekt als eines der zentralen kulturpolitischen Vorhaben der kommenden Jahre. Das SMIC wird auf rund 10.660 Quadratmetern ein bundesweit einzigartiges Zentrum f\u00fcr Film- und Medienkultur. Der Neubau wird seit 2026 gebaut und soll 2029 fertiggestellt werden. Die Gesamtkosten belaufen sich auf rund 115 Millionen Euro.<\/p>\n<p style=\"text-align: justify;\">Dr. Fabian Mayer, Erster B\u00fcrgermeister der Landeshauptstadt Stuttgart, sagt: \u201eDas Stuttgart Moving Image Center wird ein pr\u00e4gender Impuls f\u00fcr die Aufwertung der Leonhardsvorstadt und ein neuer Br\u00fcckenschlag zwischen Leonhardsplatz und Marktplatz. Als sichtbares Zeichen der Transformation st\u00e4rkt das Projekt das Kreativwirtschaftscluster der Landeshauptstadt. Es setzt mit seinem spektakul\u00e4ren H\u00e4ngehaus als Raumskulptur \u2013 einer markanten Rohbau- und Stahlkonstruktion im Rahmen der IBA\u201927 \u2013 ein architektonisches Ausrufezeichen.\u201c Mayer weiter: \u201eBewegte Bilder pr\u00e4gen, wie wir die Welt sehen, verstehen und miteinander kommunizieren. Das SMIC wird ein offenes Haus f\u00fcr alle sein. Ein Ort zum Erleben, Lernen und Mitmachen. Die Zeitkapsel steht heute symbolisch f\u00fcr unseren Blick in die Zukunft: Wir schaffen hier einen Leuchtturm, der weit \u00fcber Stuttgart hinausstrahlen wird und kommenden Generationen neue Perspektiven er\u00f6ffnet.\u201c<\/p>\n<p style=\"text-align: justify;\">Die Zeitkapsel h\u00e4lt zentrale Informationen zum Projekt f\u00fcr kommende Generationen fest. Sie wird dauerhaft im Geb\u00e4ude verankert werden. Neben aktuellen Bauunterlagen enth\u00e4lt sie unter anderem eine Silberm\u00fcnze der Landeshauptstadt Stuttgart, ein aktuelles Amtsblatt sowie die Pl\u00e4ne des Geb\u00e4udes.<\/p>\n<p style=\"text-align: justify;\">Der Entwurf der Arbeitsgemeinschaft Delugan Meissl Associated Architects aus Wien mit Wenzel+Wenzel Freie Architekten PartmbB aus Karlsruhe ist aus dem Architekturwettbewerb 2022 hervorgegangen. Seitdem wurde er konsequent weiterentwickelt.<\/p>\n<p style=\"text-align: justify;\">Dr. Gabriele K\u00f6nig, Gesch\u00e4ftsf\u00fchrerin der IBA\u201927 GmbH, sagt: \u201eSt\u00e4dtebaulich setzt das Projekt einen bedeutenden Impuls f\u00fcr die Stuttgarter Innenstadt. Mit dem SMIC wird die bestehende Kulturmeile von Staatsgalerie, Staatstheater, Landesbibliothek und Stadtpalais bis zum Wilhelmsplatz verl\u00e4ngert. Gleichzeitig entstehen neue Verbindungen zwischen der Leonhardsvorstadt und der Innenstadt. Der Neubau tr\u00e4gt zur Aufwertung des \u00f6ffentlichen Raums bei und schafft zus\u00e4tzliche Aufenthaltsqualit\u00e4t.\u201c<\/p>\n<p style=\"text-align: justify;\">Dietmar Feistel, Partner Delugan Meissl Associated Architects, sagt: \u201eOffen, kommunikativ und nachhaltig pr\u00e4sentiert sich das neue Stuttgart Moving Image Center. Das vielf\u00e4ltige Raumprogramm organisiert sich entlang eines Wegs, der die Besuchenden vom Leonhardsplatz \u00fcber eine gro\u00dfe Freitreppe in die \u201aBel \u00c9tage\u2018 und von dort \u00fcber vielf\u00e4ltig nutzbare sowie vertikal miteinander verschr\u00e4nkte Raumbeziehungen zu den zwei Kinos\u00e4len samt Dachterrasse im Kopf des Hauses f\u00fchrt. Im Gegensatz zur transparenten, leichten Au\u00dfenhaut der Untergeschosse artikuliert sich dieser Kopf als geschlossener Kubus &#8211; der sogenannten \u201aVision Box\u2018. Hier strahlen digitale LED-Billboards die Bespielung des Hauses weithin sichtbar aus und machen das SMIC zu einem kulturellen Leuchtturm f\u00fcr Stuttgart.\u201c<\/p>\n<p style=\"text-align: justify;\">Auch architektonisch und r\u00e4umlich verfolgt das SMIC ein innovatives Konzept: Durch eine offene Raumstruktur, Blickbez\u00fcge und flie\u00dfende \u00dcberg\u00e4nge werden alle Ebenen miteinander verbunden. Dar\u00fcber hinaus setzt das Geb\u00e4ude Ma\u00dfst\u00e4be in \u00f6kologischer und energetischer Hinsicht. Geplant sind unter anderem eine extensive Begr\u00fcnung gro\u00dfer Teile der Fassade und der Dachfl\u00e4chen sowie die Integration von Photovoltaik in Dach und Fassade. Damit leistet das SMIC einen wichtigen Beitrag zum Stadtklima und zu nachhaltigem Bauen.<\/p>\n<p style=\"text-align: justify;\">Jens Gutfleisch, Vorstandsvorsitzender Haus f\u00fcr Film und Medien Stuttgart e. V., sagt: \u201eDas SMIC ist aus einem \u00fcber viele Jahre getragenen kollektiven Gr\u00fcndungsprozess hervorgegangen, in den etablierte Institutionen ebenso wie kleine, freie Einrichtungen aus den Bereichen Medien, Bildung, Kreativwirtschaft, Kunst und Kultur ihre Expertise eingebracht haben. Viele der derzeit 26 Mitglieder des Vereins Haus f\u00fcr Film und Medien Stuttgart arbeiten bereits seit 2011 an diesem Projekt und werden es auch k\u00fcnftig gemeinsam mit der Stadt Stuttgart aktiv weiterentwickeln und mit Leben f\u00fcllen.<\/p>\n<p style=\"text-align: justify;\">Als kooperative Plattform konzipiert, versteht sich das Haus als lebendiger Ort des Austauschs und der Innovation und wird \u2013 \u00e4hnlich dem Bewegtbild \u2013 st\u00e4ndig im Wandel sein, ausgerichtet auf die gesellschaftlichen, technologischen und kulturellen Herausforderungen der Zukunft.\u201c<\/p>\n<p style=\"text-align: justify;\">Das Stuttgart Moving Image Center ist Teil des Netzwerks der Internationalen Bauausstellung 2027 StadtRegion Stuttgart (IBA\u201927).<\/p>\n<hr \/>\n<p style=\"text-align: justify;\">\n<\/div>\n","protected":false},"excerpt":{"rendered":"<p>Meilenstein f\u00fcr eines der wichtigsten Kulturprojekte der Stadt Stuttgart.|\u00a0Mit der \u00dcbergabe einer Zeitkapsel wurde ein Meilenstein f\u00fcr das Stuttgart Moving Image Center (SMIC) erreicht. Der Neubau am Leonhardsplatz soll bis 2029 fertig sein und als bundesweit einzigartiges Zentrum f\u00fcr Film, Medien und digitale Kultur dienen. Die feierliche \u00dcbergabe einer Zeitkapsel markiert einen weiteren wichtigen Schritt [&hellip;]<\/p>\n","protected":false},"author":4,"featured_media":160238,"comment_status":"closed","ping_status":"open","sticky":false,"template":"","format":"standard","meta":{"inline_featured_image":false,"_exactmetrics_skip_tracking":false,"_exactmetrics_sitenote_active":false,"_exactmetrics_sitenote_note":"","_exactmetrics_sitenote_category":0,"footnotes":""},"categories":[2239],"tags":[10745,14857,16896,18287,68,275],"class_list":{"0":"post-160237","1":"post","2":"type-post","3":"status-publish","4":"format-standard","5":"has-post-thumbnail","7":"category-stuttgart-lokal","8":"tag-center","9":"tag-die-webzeitung","10":"tag-image","11":"tag-moving","12":"tag-online-zeitung","13":"tag-stuttgart"},"image_feature":"https:\/\/die-webzeitung.de\/stuttgart\/wp-content\/uploads\/sites\/4\/2026\/04\/Zeitkapsel-SMIC-scaled.jpg","author_name":"Redaktion","pure_taxonomies":{"categories":[{"term_id":2239,"name":"Stuttgart","slug":"stuttgart-lokal","term_group":0,"term_taxonomy_id":2252,"taxonomy":"category","description":"Berichte und Informationen aus Stuttgart","parent":1433,"count":942,"filter":"raw","image":""}],"tags":[{"term_id":10745,"name":"Center","slug":"center","term_group":0,"term_taxonomy_id":10781,"taxonomy":"post_tag","description":"","parent":0,"count":1,"filter":"raw","image":""},{"term_id":14857,"name":"Die-Webzeitung","slug":"die-webzeitung","term_group":0,"term_taxonomy_id":14876,"taxonomy":"post_tag","description":"","parent":0,"count":3625,"filter":"raw","image":""},{"term_id":16896,"name":"Image","slug":"image","term_group":0,"term_taxonomy_id":16915,"taxonomy":"post_tag","description":"","parent":0,"count":3,"filter":"raw","image":""},{"term_id":18287,"name":"Moving","slug":"moving","term_group":0,"term_taxonomy_id":18306,"taxonomy":"post_tag","description":"","parent":0,"count":1,"filter":"raw","image":""},{"term_id":68,"name":"Online-Zeitung","slug":"online-zeitung","term_group":0,"term_taxonomy_id":69,"taxonomy":"post_tag","description":"","parent":0,"count":3595,"filter":"raw","image":""},{"term_id":275,"name":"Stuttgart","slug":"stuttgart","term_group":0,"term_taxonomy_id":281,"taxonomy":"post_tag","description":"","parent":0,"count":1195,"filter":"raw","image":""}]},"_links":{"self":[{"href":"https:\/\/die-webzeitung.de\/stuttgart\/wp-json\/wp\/v2\/posts\/160237","targetHints":{"allow":["GET"]}}],"collection":[{"href":"https:\/\/die-webzeitung.de\/stuttgart\/wp-json\/wp\/v2\/posts"}],"about":[{"href":"https:\/\/die-webzeitung.de\/stuttgart\/wp-json\/wp\/v2\/types\/post"}],"author":[{"embeddable":true,"href":"https:\/\/die-webzeitung.de\/stuttgart\/wp-json\/wp\/v2\/users\/4"}],"replies":[{"embeddable":true,"href":"https:\/\/die-webzeitung.de\/stuttgart\/wp-json\/wp\/v2\/comments?post=160237"}],"version-history":[{"count":1,"href":"https:\/\/die-webzeitung.de\/stuttgart\/wp-json\/wp\/v2\/posts\/160237\/revisions"}],"predecessor-version":[{"id":160239,"href":"https:\/\/die-webzeitung.de\/stuttgart\/wp-json\/wp\/v2\/posts\/160237\/revisions\/160239"}],"wp:featuredmedia":[{"embeddable":true,"href":"https:\/\/die-webzeitung.de\/stuttgart\/wp-json\/wp\/v2\/media\/160238"}],"wp:attachment":[{"href":"https:\/\/die-webzeitung.de\/stuttgart\/wp-json\/wp\/v2\/media?parent=160237"}],"wp:term":[{"taxonomy":"category","embeddable":true,"href":"https:\/\/die-webzeitung.de\/stuttgart\/wp-json\/wp\/v2\/categories?post=160237"},{"taxonomy":"post_tag","embeddable":true,"href":"https:\/\/die-webzeitung.de\/stuttgart\/wp-json\/wp\/v2\/tags?post=160237"}],"curies":[{"name":"wp","href":"https:\/\/api.w.org\/{rel}","templated":true}]}}