{"id":160223,"date":"2026-04-27T16:28:49","date_gmt":"2026-04-27T15:28:49","guid":{"rendered":"https:\/\/die-webzeitung.de\/stuttgart\/?p=160223"},"modified":"2026-04-27T16:28:49","modified_gmt":"2026-04-27T15:28:49","slug":"quartiersplatz-in-nellingen-wird-eroeffnet","status":"publish","type":"post","link":"https:\/\/die-webzeitung.de\/stuttgart\/2026\/04\/27\/quartiersplatz-in-nellingen-wird-eroeffnet\/","title":{"rendered":"Quartiersplatz in Nellingen wird er\u00f6ffnet"},"content":{"rendered":"<p style=\"text-align: justify;\">Ostfildern.| In der Hindenburgstra\u00dfe in Nellingen ist ein neuer Quartiersplatz fertiggestellt worden. In den vergangenen Monaten ist ein moderner, begr\u00fcnter Aufenthaltsbereich entstanden, der k\u00fcnftig zur Belebung des Stadtteils beitragen und zugleich ein Zeichen f\u00fcr klimaangepasste Stadtentwicklung setzen soll. Die offizielle Er\u00f6ffnung mit Inbetriebnahme des ersten \u00f6ffentlichen Trinkbrunnens Ostfilderns findet am 9. Mai statt \u2013 dem bundesweiten Tag der St\u00e4dtebauf\u00f6rderung.<\/p>\n<p style=\"text-align: justify;\">Auf dem rund 220 Quadratmeter gro\u00dfen Grundst\u00fcck in der Hindenburgstra\u00dfe Ecke Otto-Schuster-Stra\u00dfe ist ein neuer Platz entstanden, der gezielt auf Aufenthaltsqualit\u00e4t, Nachhaltigkeit und st\u00e4dtebauliche Aufwertung ausgerichtet ist. Die Fl\u00e4che war zuvor aufgrund ihrer geringen Gr\u00f6\u00dfe und des baulichen Zustands des ehemaligen Geb\u00e4udes nicht sinnvoll weiter nutzbar. Mit dem nun realisierten Konzept wurde eine L\u00f6sung umgesetzt, die den Standort dauerhaft in den \u00f6ffentlichen Raum integriert.<\/p>\n<p style=\"text-align: justify;\">Die Gestaltung folgt einem klaren st\u00e4dtebaulichen und \u00f6kologischen Ansatz: Drei neu gepflanzte B\u00e4ume \u2013 Feldahorn, Z\u00fcrgelbaum und wintergr\u00fcne Eiche \u2013 strukturieren den Platz und sorgen k\u00fcnftig f\u00fcr nat\u00fcrlichen Schatten. Erg\u00e4nzt wird die Bepflanzung durch zwei Staudenbeete sowie eine Hecke im s\u00fcdlichen Bereich, die als gr\u00fcne Raumkante dient und zus\u00e4tzliche Beschattung bietet. Drei Sitzb\u00e4nke laden zum Verweilen ein und machen den Platz zu einem offenen Treffpunkt im Quartier.<\/p>\n<p style=\"text-align: justify;\">Der Bodenbelag wurde als wassergebundene Decke ausgef\u00fchrt. Dieses Material heizt sich im Vergleich zu versiegelten Bel\u00e4gen deutlich weniger stark auf und erm\u00f6glicht zugleich die Versickerung von Regenwasser. Damit tr\u00e4gt der Platz zur Verbesserung des Mikroklimas bei und unterst\u00fctzt eine nachhaltige Regenwasserbewirtschaftung.<\/p>\n<p style=\"text-align: justify;\"><strong>Nachhaltigkeit und neue Aufenthaltsqualit\u00e4t<\/strong><\/p>\n<p style=\"text-align: justify;\">Ein besonderes Merkmal des neuen Quartiersplatzes ist der erste \u00f6ffentliche Trinkbrunnen Ostfilderns. Er steht k\u00fcnftig allen B\u00fcrgerinnen und B\u00fcrgern zur Verf\u00fcgung und setzt zugleich ein Zeichen f\u00fcr eine moderne, ressourcenschonende Infrastruktur im \u00f6ffentlichen Raum. Das \u00fcbersch\u00fcssige Wasser des Trinkbrunnens sowie anfallendes Regenwasser werden zur Bew\u00e4sserung der Staudenbeete und B\u00e4ume genutzt \u2013 ein geschlossener Wasserkreislauf, der den Nachhaltigkeitsgedanken der Anlage unterstreicht.<\/p>\n<p style=\"text-align: justify;\">Auch die Nutzung des Platzes wurde bewusst flexibel konzipiert: Ein Teilbereich kann vom angrenzenden Caf\u00e9 f\u00fcr Au\u00dfengastronomie genutzt werden. Damit wird der neue Platz nicht nur ein gr\u00fcner R\u00fcckzugsort, sondern auch ein Ort der Begegnung und Belebung im Stadtzentrum.<\/p>\n<p style=\"text-align: justify;\">Die Ma\u00dfnahme ist Bestandteil der st\u00e4dtebaulichen Sanierung im Bereich Nellingen und wurde durch die SEG Ostfildern umgesetzt. Die Baukosten belaufen sich auf rund 55.000 Euro brutto, wobei F\u00f6rdermittel aus der St\u00e4dtebauf\u00f6rderung in H\u00f6he von etwa 32.000 Euro erwartet werden. Die Umsetzung erfolgte im Rahmen der beschlossenen st\u00e4dtebaulichen Entwicklung des Quartiers.<\/p>\n<p style=\"text-align: justify;\"><strong>Er\u00f6ffnung am 9. Mai mit Programm<\/strong><\/p>\n<p style=\"text-align: justify;\">Die offizielle Er\u00f6ffnung des neuen Quartiersplatzes findet am 9. Mai statt. Von 9 bis 14 Uhr wird ein begleitendes Programm angeboten. Neben Informationsst\u00e4nden der SWO zur Wasser- und W\u00e4rmeversorgung sowie der SEG zur Stadtsanierung und St\u00e4dtebauf\u00f6rderung in Nellingen beteiligt sich auch das Quartiersmanagement mit einem eigenen Angebot. F\u00fcr Kinder ist eine Malaktion vorgesehen.<\/p>\n<hr \/>\n<p style=\"text-align: justify;\">\n","protected":false},"excerpt":{"rendered":"<p>Ostfildern.| In der Hindenburgstra\u00dfe in Nellingen ist ein neuer Quartiersplatz fertiggestellt worden. In den vergangenen Monaten ist ein moderner, begr\u00fcnter Aufenthaltsbereich entstanden, der k\u00fcnftig zur Belebung des Stadtteils beitragen und zugleich ein Zeichen f\u00fcr klimaangepasste Stadtentwicklung setzen soll. Die offizielle Er\u00f6ffnung mit Inbetriebnahme des ersten \u00f6ffentlichen Trinkbrunnens Ostfilderns findet am 9. Mai statt \u2013 dem [&hellip;]<\/p>\n","protected":false},"author":4,"featured_media":160224,"comment_status":"closed","ping_status":"open","sticky":false,"template":"","format":"standard","meta":{"inline_featured_image":false,"_exactmetrics_skip_tracking":false,"_exactmetrics_sitenote_active":false,"_exactmetrics_sitenote_note":"","_exactmetrics_sitenote_category":0,"footnotes":""},"categories":[2247],"tags":[14857,6268,68,14439],"class_list":{"0":"post-160223","1":"post","2":"type-post","3":"status-publish","4":"format-standard","5":"has-post-thumbnail","7":"category-kreis-esslingen","8":"tag-die-webzeitung","9":"tag-nellingen","10":"tag-online-zeitung","11":"tag-ostfildern"},"image_feature":"https:\/\/die-webzeitung.de\/stuttgart\/wp-content\/uploads\/sites\/4\/2026\/04\/Ofi26_KW18_Quartiersplatz-Nellingen_Foto-Tanja-Eisbrenner-scaled.jpg","author_name":"Redaktion","pure_taxonomies":{"categories":[{"term_id":2247,"name":"Kreis Esslingen","slug":"kreis-esslingen","term_group":0,"term_taxonomy_id":2260,"taxonomy":"category","description":"Informationen aus dem Landkreis Esslingen","parent":171,"count":214,"filter":"raw","image":""}],"tags":[{"term_id":14857,"name":"Die-Webzeitung","slug":"die-webzeitung","term_group":0,"term_taxonomy_id":14876,"taxonomy":"post_tag","description":"","parent":0,"count":3623,"filter":"raw","image":""},{"term_id":6268,"name":"Nellingen","slug":"nellingen","term_group":0,"term_taxonomy_id":6289,"taxonomy":"post_tag","description":"","parent":0,"count":3,"filter":"raw","image":""},{"term_id":68,"name":"Online-Zeitung","slug":"online-zeitung","term_group":0,"term_taxonomy_id":69,"taxonomy":"post_tag","description":"","parent":0,"count":3593,"filter":"raw","image":""},{"term_id":14439,"name":"Ostfildern","slug":"ostfildern","term_group":0,"term_taxonomy_id":1797,"taxonomy":"post_tag","description":"","parent":0,"count":35,"filter":"raw","image":""}]},"_links":{"self":[{"href":"https:\/\/die-webzeitung.de\/stuttgart\/wp-json\/wp\/v2\/posts\/160223","targetHints":{"allow":["GET"]}}],"collection":[{"href":"https:\/\/die-webzeitung.de\/stuttgart\/wp-json\/wp\/v2\/posts"}],"about":[{"href":"https:\/\/die-webzeitung.de\/stuttgart\/wp-json\/wp\/v2\/types\/post"}],"author":[{"embeddable":true,"href":"https:\/\/die-webzeitung.de\/stuttgart\/wp-json\/wp\/v2\/users\/4"}],"replies":[{"embeddable":true,"href":"https:\/\/die-webzeitung.de\/stuttgart\/wp-json\/wp\/v2\/comments?post=160223"}],"version-history":[{"count":1,"href":"https:\/\/die-webzeitung.de\/stuttgart\/wp-json\/wp\/v2\/posts\/160223\/revisions"}],"predecessor-version":[{"id":160225,"href":"https:\/\/die-webzeitung.de\/stuttgart\/wp-json\/wp\/v2\/posts\/160223\/revisions\/160225"}],"wp:featuredmedia":[{"embeddable":true,"href":"https:\/\/die-webzeitung.de\/stuttgart\/wp-json\/wp\/v2\/media\/160224"}],"wp:attachment":[{"href":"https:\/\/die-webzeitung.de\/stuttgart\/wp-json\/wp\/v2\/media?parent=160223"}],"wp:term":[{"taxonomy":"category","embeddable":true,"href":"https:\/\/die-webzeitung.de\/stuttgart\/wp-json\/wp\/v2\/categories?post=160223"},{"taxonomy":"post_tag","embeddable":true,"href":"https:\/\/die-webzeitung.de\/stuttgart\/wp-json\/wp\/v2\/tags?post=160223"}],"curies":[{"name":"wp","href":"https:\/\/api.w.org\/{rel}","templated":true}]}}