{"id":160209,"date":"2026-04-27T10:11:08","date_gmt":"2026-04-27T09:11:08","guid":{"rendered":"https:\/\/die-webzeitung.de\/stuttgart\/?p=160209"},"modified":"2026-04-27T10:11:08","modified_gmt":"2026-04-27T09:11:08","slug":"polizei-report-kreis-esslingen-woche-18","status":"publish","type":"post","link":"https:\/\/die-webzeitung.de\/stuttgart\/2026\/04\/27\/polizei-report-kreis-esslingen-woche-18\/","title":{"rendered":"Polizei-Report Kreis Esslingen | Woche 18"},"content":{"rendered":"<p><em>Quelle: ots<\/em><\/p>\n<p style=\"text-align: justify;\"><strong>Frickenhausen: Verkehrsunfall mit mehreren Verletzten<br \/>\n<\/strong>Bei einem schadenstr\u00e4chtigen Verkehrsunfall mit vier beteiligten Fahrzeugen zwischen N\u00fcrtingen und Frickenhausen sind am Sonntagabend vier Personen verletzt worden. Ein 90-J\u00e4hriger befuhr gegen 19.20 Uhr mit seinem Opel Meriva die Landesstra\u00dfe 1250 von N\u00fcrtingen kommend in Richtung Frickenhausen. Kurz nach der Einm\u00fcndung Johannes-Vatter-Stra\u00dfe geriet er, mutma\u00dflich aufgrund von Sonnenblendung, auf die Gegenfahrbahn und kollidierte dort mit dem entgegenkommende Cupra Ateca eines 35-J\u00e4hrigen. Hinter dem Cupra befanden sich zu diesem Zeitpunkt zwei 3er BMW. Der vordere BMW fuhr auf den bereits verunfallten Cupra auf und schob diesen in den angrenzenden Gr\u00fcnstreifen, bevor er auch noch frontal mit dem unfallverursachenden Opel kollidierte. Schlie\u00dflich konnte der hintere BMW ein Auffahren auf den vorderen BMW nicht mehr verhindern. Der 90-j\u00e4hrige Opelfahrer und seine 86-j\u00e4hrige Beifahrerin sowie die zwei Insassen im vorderen 3er BMW im Alter von 20 und 17 Jahren erlitten leichte Verletzungen und wurden vom Rettungsdienst in umliegende Krankenh\u00e4user gebracht. Die Insassen der beiden anderen Fahrzeuge blieben unverletzt. Der Rettungsdienst war mit drei Fahrzeugen und einem Organisatorischen Leiter, die Feuerwehr mit einem Fahrzeug und drei Einsatzkr\u00e4ften an der Unfall\u00f6rtlichkeit. Der entstandene Sachschaden wird auf insgesamt etwa 80.000 Euro beziffert. Die Landesstra\u00dfe musste im Bereich der Unfallstelle f\u00fcr vier Stunden voll gesperrt werden, eine \u00f6rtliche Umleitung wurde eingerichtet.<\/p>\n<hr \/>\n<p style=\"text-align: justify;\">\n","protected":false},"excerpt":{"rendered":"<p>Quelle: ots Frickenhausen: Verkehrsunfall mit mehreren Verletzten Bei einem schadenstr\u00e4chtigen Verkehrsunfall mit vier beteiligten Fahrzeugen zwischen N\u00fcrtingen und Frickenhausen sind am Sonntagabend vier Personen verletzt worden. Ein 90-J\u00e4hriger befuhr gegen 19.20 Uhr mit seinem Opel Meriva die Landesstra\u00dfe 1250 von N\u00fcrtingen kommend in Richtung Frickenhausen. Kurz nach der Einm\u00fcndung Johannes-Vatter-Stra\u00dfe geriet er, mutma\u00dflich aufgrund von [&hellip;]<\/p>\n","protected":false},"author":4,"featured_media":152245,"comment_status":"closed","ping_status":"open","sticky":false,"template":"","format":"standard","meta":{"inline_featured_image":false,"_exactmetrics_skip_tracking":false,"_exactmetrics_sitenote_active":false,"_exactmetrics_sitenote_note":"","_exactmetrics_sitenote_category":0,"footnotes":""},"categories":[11240],"tags":[14857,14440,68,205,1625],"class_list":{"0":"post-160209","1":"post","2":"type-post","3":"status-publish","4":"format-standard","5":"has-post-thumbnail","7":"category-region-esslingen","8":"tag-die-webzeitung","9":"tag-esslingen","10":"tag-online-zeitung","11":"tag-polizei","12":"tag-report"},"image_feature":"https:\/\/die-webzeitung.de\/stuttgart\/wp-content\/uploads\/sites\/4\/2024\/02\/Polizei-Pix-scaled.jpg","author_name":"Redaktion","pure_taxonomies":{"categories":[{"term_id":11240,"name":"Polizei-Report Esslingen","slug":"region-esslingen","term_group":0,"term_taxonomy_id":11278,"taxonomy":"category","description":"Polizeiberichte aus der Region des Landkreises Esslingen","parent":1619,"count":69,"filter":"raw","image":""}],"tags":[{"term_id":14857,"name":"Die-Webzeitung","slug":"die-webzeitung","term_group":0,"term_taxonomy_id":14876,"taxonomy":"post_tag","description":"","parent":0,"count":3621,"filter":"raw","image":""},{"term_id":14440,"name":"Esslingen","slug":"esslingen","term_group":0,"term_taxonomy_id":3885,"taxonomy":"post_tag","description":"","parent":0,"count":202,"filter":"raw","image":""},{"term_id":68,"name":"Online-Zeitung","slug":"online-zeitung","term_group":0,"term_taxonomy_id":69,"taxonomy":"post_tag","description":"","parent":0,"count":3591,"filter":"raw","image":""},{"term_id":205,"name":"Polizei","slug":"polizei","term_group":0,"term_taxonomy_id":208,"taxonomy":"post_tag","description":"","parent":0,"count":277,"filter":"raw","image":""},{"term_id":1625,"name":"Report","slug":"report","term_group":0,"term_taxonomy_id":1634,"taxonomy":"post_tag","description":"","parent":0,"count":210,"filter":"raw","image":""}]},"_links":{"self":[{"href":"https:\/\/die-webzeitung.de\/stuttgart\/wp-json\/wp\/v2\/posts\/160209","targetHints":{"allow":["GET"]}}],"collection":[{"href":"https:\/\/die-webzeitung.de\/stuttgart\/wp-json\/wp\/v2\/posts"}],"about":[{"href":"https:\/\/die-webzeitung.de\/stuttgart\/wp-json\/wp\/v2\/types\/post"}],"author":[{"embeddable":true,"href":"https:\/\/die-webzeitung.de\/stuttgart\/wp-json\/wp\/v2\/users\/4"}],"replies":[{"embeddable":true,"href":"https:\/\/die-webzeitung.de\/stuttgart\/wp-json\/wp\/v2\/comments?post=160209"}],"version-history":[{"count":2,"href":"https:\/\/die-webzeitung.de\/stuttgart\/wp-json\/wp\/v2\/posts\/160209\/revisions"}],"predecessor-version":[{"id":160213,"href":"https:\/\/die-webzeitung.de\/stuttgart\/wp-json\/wp\/v2\/posts\/160209\/revisions\/160213"}],"wp:featuredmedia":[{"embeddable":true,"href":"https:\/\/die-webzeitung.de\/stuttgart\/wp-json\/wp\/v2\/media\/152245"}],"wp:attachment":[{"href":"https:\/\/die-webzeitung.de\/stuttgart\/wp-json\/wp\/v2\/media?parent=160209"}],"wp:term":[{"taxonomy":"category","embeddable":true,"href":"https:\/\/die-webzeitung.de\/stuttgart\/wp-json\/wp\/v2\/categories?post=160209"},{"taxonomy":"post_tag","embeddable":true,"href":"https:\/\/die-webzeitung.de\/stuttgart\/wp-json\/wp\/v2\/tags?post=160209"}],"curies":[{"name":"wp","href":"https:\/\/api.w.org\/{rel}","templated":true}]}}