{"id":159849,"date":"2026-03-17T13:34:24","date_gmt":"2026-03-17T12:34:24","guid":{"rendered":"https:\/\/die-webzeitung.de\/stuttgart\/2026\/03\/17\/hochschwarzwaelder-veranstaltungen-im-april-2026\/"},"modified":"2026-03-17T13:34:24","modified_gmt":"2026-03-17T12:34:24","slug":"hochschwarzwaelder-veranstaltungen-im-april-2026","status":"publish","type":"post","link":"https:\/\/die-webzeitung.de\/stuttgart\/2026\/03\/17\/hochschwarzwaelder-veranstaltungen-im-april-2026\/","title":{"rendered":"Hochschwarzw\u00e4lder Veranstaltungen im April 2026"},"content":{"rendered":"<p style=\"text-align: justify;\">Die Ferienregion Hochschwarzwald pr\u00e4sentiert im Fr\u00fchling ein abwechslungsreiches Kulturprogramm: Musikliebhaber:innen k\u00f6nnen sich auf Klassik- und Folk-Konzerte freuen. Zudem laden Ausstellungen wie die Osterausstellung in Titisee oder die Internationale Antik-Uhrenb\u00f6rse in Eisenbach (Hochschwarzwald) zu besonderen Entdeckungen ein. F\u00fcr Unterhaltung sorgen au\u00dferdem Kabarett und Zauberkunst. Eine \u00dcbersicht mit allen Events im Hochschwarzwald gibt es unter: <a href=\"https:\/\/www.hochschwarzwald.de\/events#\/event\" target=\"_blank\" rel=\"noopener\"><strong>hochschwarzwald.de\/events<\/strong><\/a><a href=\"https:\/\/www.hochschwarzwald.de\/events#\/event\">.<\/a><\/p>\n<p style=\"text-align: justify;\"><strong>Klassikkonzert: \u201eMusica Crucis\u201c am 3. April in St. Peter\u00a0\u00a0 \u00a0<\/strong><\/p>\n<p style=\"text-align: justify;\">Mit der geistlichen Komposition \u201eStabat Mater\u201c von Gioachino Rossini gestaltet ein Vokalensemble unter der Leitung von Johannes G\u00f6tz am Karfreitag, 3. April 2026, ein Klassikkonzert in der Barockkirche in\u00a0 St. Peter. Das Werk entstand in zwei Arbeitsphasen zwischen 1831 und 1841 und wurde ein Jahr sp\u00e4ter in\u00a0Paris uraufgef\u00fchrt. Der mittelalterliche Text thematisiert die Schmerzen Marias angesichts des gekreuzigten\u00a0Christi in Form eines Gebets. Das Konzert beginnt um 17:00 Uhr und wird in einer Fassung f\u00fcr Gesang, Klavier und Harmonium von Jacques-Nicolas Lemmens aufgef\u00fchrt. Geistliche Impulse erg\u00e4nzen das musikalische Programm. Der Eintritt ist frei.<\/p>\n<p style=\"text-align: justify;\"><strong>Osterausstellung vom 3. bis 6. April in Titisee\u00a0\u00a0 \u00a0<\/strong><\/p>\n<p style=\"text-align: justify;\">Mit kreativer Handwerkskunst lockt die 23. Osterausstellung vom 3. bis 6. April 2026 ins Kurhaus Titisee.\u00a0Von Karfreitag bis Ostermontag pr\u00e4sentieren f\u00fcnf K\u00fcnstler:innen aus der Region im Erdgeschoss t\u00e4glich von\u00a010:00 bis 18:00 Uhr vielf\u00e4ltige Kunst- und Dekorationsarbeiten. Gezeigt werden handgefertigte\u00a0Modeaccessoires, von Hand bemaltes Porzellan in klassischer und moderner Gestaltung, P\u00fcppchen und Blumenkinder nach Waldorf-Art, Drechselarbeiten aus Holz sowie textile Unikate. Alle Ausstellungsst\u00fccke werden auch zum Kauf angeboten. Der Eintritt zur Ausstellung ist frei.<\/p>\n<p style=\"text-align: justify;\"><strong>Kabarett: Malad\u00e9e am 10. April in Furtwangen\u00a0 \u00a0<\/strong><\/p>\n<p style=\"text-align: justify;\">Chanson-Comedy der Extraklasse: Am Freitag, 10. April 2026, pr\u00e4sentiert Malad\u00e9e ihr Programm \u201eVoil\u00e0, da bin isch!\u201c um 20:00 Uhr in der Kulturfabrik in Furtwangen. Seit 2018 verk\u00f6rpert die S\u00e4ngerin, Schauspielerin und Choreografin Susanne Hayo die chaotisch-charmante Kunstfigur und bietet in ihrer Show eine brisante\u00a0Mischung aus Mata Hari, Mireille Mathieu und Louis de Fun\u00e8s. Hayo absolvierte eine Musicalausbildung in\u00a0Hamburg und war als klassische Ballettt\u00e4nzerin in M\u00fcnchen und Saarbr\u00fccken t\u00e4tig. Tickets sind im Vorverkauf in Morys Hofbuchhandlung und im Weltladen-Buchladen in Furtwangen sowie online unter <a href=\"https:\/\/www.kulturfabrik-furtwangen.de\/\" target=\"_blank\" rel=\"noopener\"><strong>kulturfabrik<\/strong><\/a><a href=\"https:\/\/www.kulturfabrik-furtwangen.de\/\"><strong>&#8211;<\/strong><\/a><a href=\"https:\/\/www.kulturfabrik-furtwangen.de\/\" target=\"_blank\" rel=\"noopener\"><strong>furtwangen.de<\/strong><\/a> erh\u00e4ltlich.<\/p>\n<p style=\"text-align: justify;\"><strong>Internationale Antik-Uhrenb\u00f6rse vom 10. bis 12. April in Eisenbach (Hochschwarzwald)<\/strong><\/p>\n<p style=\"text-align: justify;\">Von der Kuckucksuhr bis zum Radiowecker: Etwa 100 Aussteller:innen aus dem In- und Ausland zeigen ihre\u00a0Zeitmesser bei der 29. internationalen Antik-Uhrenb\u00f6rse, die vom 10. bis 12. April 2026 in der\u00a0Wolfwinkelhalle in Eisenbach (Hochschwarzwald) stattfindet. Die Gemeinde hat eine Jahrhunderte alte\u00a0Tradition in der Herstellung von Schwarzwalduhren. Pr\u00e4sentiert werden Uhren verschiedenster Kategorien\u00a0\u2013 von Armbanduhren bis zu Kirchturmuhren \u2013 sowie Werkzeuge und Ersatzteile. Die B\u00f6rse hat f\u00fcr\u00a0Besucher:innen am Samstag von 09:00 bis 18:00 Uhr und am Sonntag von 10:00 bis 14:00 Uhr ge\u00f6ffnet. Am Freitag ist von 12:00 bis 18:00 Uhr H\u00e4ndlertag.<\/p>\n<p style=\"text-align: justify;\"><strong>Kabarett: K\u00e4cheles am 17. April in Schluchsee<\/strong><\/p>\n<p style=\"text-align: justify;\">Am Freitag, 17. April 2026, pr\u00e4sentieren die K\u00e4cheles um 20:00 Uhr ihr Programm \u201eFirlefanz!\u201c im Spa\u00dfpark\u00a0Hochschwarzwald in Schluchsee. Hinter den Figuren Eugen und K\u00e4the stehen Ute Landenberger und Michael Willkommen, die als schw\u00e4bisches Comedy-Duo K\u00e4cheles seit Jahren ihr Publikum begeistern. In ihrem Programm nehmen sie mit viel Wortwitz und Situationskomik Themen wie k\u00fcnstliche Intelligenz oder die T\u00fccken des Ehealltags ins Visier. Dabei bleibt kein Aspekt des ganz normalen Beziehungswahnsinns unber\u00fchrt. Tickets gibt es bei allen Tourist-Informationen der Hochschwarzwald Tourismus GmbH, telefonisch unter +49 (0)7652\/1206-0 oder online unter <a href=\"https:\/\/www.reservix.de\/\" target=\"_blank\" rel=\"noopener\"><strong>reservix.de<\/strong><\/a><a href=\"https:\/\/www.reservix.de\/\">.<\/a><\/p>\n<p style=\"text-align: justify;\">KuTipp-Reihe: Konzert mit String Connection am 24. April in L\u00f6ffingen<\/p>\n<p style=\"text-align: justify;\">Ein Abend voller Folk-Musik: Die vierk\u00f6pfige Band String Connection spielt am Freitag, 24. April 2026, um\u00a020:00 Uhr im Saal des Stadtmarketings am Rathausplatz 14, in L\u00f6ffingen. Unter dem Motto \u201eTransatlantic Folk and more\u201c und mit einer Vielzahl an klassischen Folk-Instrumenten pr\u00e4sentiert das Ensemble ein abwechslungsreiches Programm, das von traditioneller amerikanischer Folk-Musik bis zu melodischen\u00a0Eigenkompositionen reicht. Der Einlass beginnt um 19:00 Uhr. Tickets gibt es bei allen Tourist-Informationen der Hochschwarzwald Tourismus GmbH, telefonisch unter +49 (0)7652\/1206-0 oder online unter <a href=\"https:\/\/www.reservix.de\/\" target=\"_blank\" rel=\"noopener\"><strong>reservix.de<\/strong><\/a><a href=\"https:\/\/www.reservix.de\/\">.<\/a><\/p>\n<p style=\"text-align: justify;\"><strong>Zaubershow: Julian Pyhrr am 24. April in Bonndorf<\/strong><\/p>\n<p style=\"text-align: justify;\">Eine Illusionsshow, die fasziniert: Am Freitag, 24. April 2026, kommt Julian Phyrr mit seiner Zaubershow in die Stadthalle Bonndorf. Der geb\u00fcrtige Freiburger startete schon mit sechs Jahren seine Zaubereikarriere. Inzwischen ist die Magie zu seiner gr\u00f6\u00dften Leidenschaft geworden. Gemeinsam mit seinen Assistentinnen, den \u201eQueens of Magic\u201c, pr\u00e4sentiert er ab 20:00 Uhr im Foyer der Stadthalle ein abwechslungsreiches Programm mit aufwendig inszenierten Effekten. Der Einlass beginnt bereits um 19:00 Uhr. Tickets f\u00fcr die Veranstaltung des Folktreffs Bonndorf sind online unter <a href=\"https:\/\/folktreff-bonndorf.de\/\" target=\"_blank\" rel=\"noopener\"><strong>folktreff<\/strong><\/a><a href=\"https:\/\/folktreff-bonndorf.de\/\"><strong>&#8211;<\/strong><\/a><a href=\"https:\/\/folktreff-bonndorf.de\/\" target=\"_blank\" rel=\"noopener\"><strong>bonndorf.de<\/strong><\/a> erh\u00e4ltlich.<\/p>\n<p style=\"text-align: justify;\">Mehr Informationen zu den Veranstaltungen im Hochschwarzwald unter: <a href=\"http:\/\/www.hochschwarzwald.de\/events\" target=\"_blank\" rel=\"noopener\"><strong>hochschwarzwald.de\/events<\/strong><\/a><\/p>\n<hr \/>\n<p style=\"text-align: justify;\">\n","protected":false},"excerpt":{"rendered":"<p>Die Ferienregion Hochschwarzwald pr\u00e4sentiert im Fr\u00fchling ein abwechslungsreiches Kulturprogramm: Musikliebhaber:innen k\u00f6nnen sich auf Klassik- und Folk-Konzerte freuen. Zudem laden Ausstellungen wie die Osterausstellung in Titisee oder die Internationale Antik-Uhrenb\u00f6rse in Eisenbach (Hochschwarzwald) zu besonderen Entdeckungen ein. F\u00fcr Unterhaltung sorgen au\u00dferdem Kabarett und Zauberkunst. Eine \u00dcbersicht mit allen Events im Hochschwarzwald gibt es unter: hochschwarzwald.de\/events. Klassikkonzert: [&hellip;]<\/p>\n","protected":false},"author":4,"featured_media":0,"comment_status":"closed","ping_status":"open","sticky":false,"template":"","format":"standard","meta":{"inline_featured_image":false,"_exactmetrics_skip_tracking":false,"_exactmetrics_sitenote_active":false,"_exactmetrics_sitenote_note":"","_exactmetrics_sitenote_category":0,"footnotes":""},"categories":[18063,89],"tags":[14857,13710,68,10111],"class_list":{"0":"post-159849","1":"post","2":"type-post","3":"status-publish","4":"format-standard","6":"category-ausstellungen","7":"category-reisezeit","8":"tag-die-webzeitung","9":"tag-hochschwarzwald","10":"tag-online-zeitung","11":"tag-ostern"},"image_feature":null,"author_name":"Redaktion","pure_taxonomies":{"categories":[{"term_id":18063,"name":"Ausstellungen","slug":"ausstellungen","term_group":0,"term_taxonomy_id":18082,"taxonomy":"category","description":"","parent":2240,"count":4,"filter":"raw","image":""},{"term_id":89,"name":"Freizeit &amp; Reise","slug":"reisezeit","term_group":0,"term_taxonomy_id":90,"taxonomy":"category","description":"","parent":482,"count":34,"filter":"raw","image":""}],"tags":[{"term_id":14857,"name":"Die-Webzeitung","slug":"die-webzeitung","term_group":0,"term_taxonomy_id":14876,"taxonomy":"post_tag","description":"","parent":0,"count":3628,"filter":"raw","image":""},{"term_id":13710,"name":"Hochschwarzwald","slug":"hochschwarzwald","term_group":0,"term_taxonomy_id":13752,"taxonomy":"post_tag","description":"","parent":0,"count":1,"filter":"raw","image":""},{"term_id":68,"name":"Online-Zeitung","slug":"online-zeitung","term_group":0,"term_taxonomy_id":69,"taxonomy":"post_tag","description":"","parent":0,"count":3598,"filter":"raw","image":""},{"term_id":10111,"name":"Ostern","slug":"ostern","term_group":0,"term_taxonomy_id":10142,"taxonomy":"post_tag","description":"","parent":0,"count":2,"filter":"raw","image":""}]},"_links":{"self":[{"href":"https:\/\/die-webzeitung.de\/stuttgart\/wp-json\/wp\/v2\/posts\/159849","targetHints":{"allow":["GET"]}}],"collection":[{"href":"https:\/\/die-webzeitung.de\/stuttgart\/wp-json\/wp\/v2\/posts"}],"about":[{"href":"https:\/\/die-webzeitung.de\/stuttgart\/wp-json\/wp\/v2\/types\/post"}],"author":[{"embeddable":true,"href":"https:\/\/die-webzeitung.de\/stuttgart\/wp-json\/wp\/v2\/users\/4"}],"replies":[{"embeddable":true,"href":"https:\/\/die-webzeitung.de\/stuttgart\/wp-json\/wp\/v2\/comments?post=159849"}],"version-history":[{"count":0,"href":"https:\/\/die-webzeitung.de\/stuttgart\/wp-json\/wp\/v2\/posts\/159849\/revisions"}],"wp:attachment":[{"href":"https:\/\/die-webzeitung.de\/stuttgart\/wp-json\/wp\/v2\/media?parent=159849"}],"wp:term":[{"taxonomy":"category","embeddable":true,"href":"https:\/\/die-webzeitung.de\/stuttgart\/wp-json\/wp\/v2\/categories?post=159849"},{"taxonomy":"post_tag","embeddable":true,"href":"https:\/\/die-webzeitung.de\/stuttgart\/wp-json\/wp\/v2\/tags?post=159849"}],"curies":[{"name":"wp","href":"https:\/\/api.w.org\/{rel}","templated":true}]}}