{"id":159844,"date":"2026-03-17T13:20:36","date_gmt":"2026-03-17T12:20:36","guid":{"rendered":"https:\/\/die-webzeitung.de\/stuttgart\/?p=159844"},"modified":"2026-03-17T13:20:36","modified_gmt":"2026-03-17T12:20:36","slug":"saisonstart-im-freilichtmuseum-beuren","status":"publish","type":"post","link":"https:\/\/die-webzeitung.de\/stuttgart\/2026\/03\/17\/saisonstart-im-freilichtmuseum-beuren\/","title":{"rendered":"Saisonstart im Freilichtmuseum Beuren"},"content":{"rendered":"<h4 style=\"text-align: justify;\"><strong>Osterferienprogramm f\u00fcr Familien<\/strong><\/h4>\n<p style=\"text-align: justify;\">Beuren.| Am Sonntag, 29. M\u00e4rz beginnt im Freilichtmuseum des Landkreises Esslingen in Beuren die neue Saison. Nach der Winterpause werden in dem Museumsdorf am Albtrauf die \u00d6fen wieder angeheizt, aus dem Schornstein des Backhauses steigt Rauch auf, das Museumsl\u00e4dle \u00f6ffnet und auch die Tiere erwarten die ersten Besucherinnen und Besucher. Zum Auftakt stehen am ersten \u00d6ffnungstag gleich drei \u00f6ffentliche F\u00fchrungen auf dem Programm: Um 11 Uhr geht es bei \u201eMobilit\u00e4t fr\u00fcher\u201c um historische Formen der Fortbewegung. Um 12.30 Uhr folgt die Familienf\u00fchrung \u201eVon Kuhgespann, Heuhaufen und R\u00fcbengeistern\u201c und um 14 Uhr f\u00fchrt eine Zeitreise in die Lebenswelt der 1950er Jahre. Ein sch\u00f6nes Erlebnis ist die Tierf\u00fctterung um 15 Uhr.<\/p>\n<p style=\"text-align: justify;\">Historischer Alltag ist in besonderer Weise erlebbar, wenn am Zentrum Museump\u00e4dagogik Waffeln in historischen Eisen auf dem Holzherd gebacken werden oder im Haus mit Schreinerei aus Ohmenhausen Fl\u00e4dlessuppe k\u00f6chelt. Besucherinnen und Besucher k\u00f6nnen dabei zuschauen, mitmachen, probieren und mit den Akteurinnen und Akteuren ins Gespr\u00e4ch kommen.<\/p>\n<p style=\"text-align: justify;\"><strong>Familienangebote in den Ferien<\/strong><\/p>\n<p style=\"text-align: justify;\">W\u00e4hrend der Osterferien vom 30. M\u00e4rz bis 10. April richtet sich ein besonderes Angebot an Familien. Dienstags und donnerstags um 14 Uhr geben Themenf\u00fchrungen Einblicke in das fr\u00fchere Dorfleben: Am 2. April geht es um Markt- und Festtage auf dem Land, am 7. April um historische Essgewohnheiten. Mittwochs und freitags von 14 bis 17 Uhr stehen kreative Mitmachaktionen auf dem Programm. Rund um Wolle, H\u00fchner und Eier k\u00f6nnen Kinder und Erwachsene selbst aktiv werden: Am 1. April entstehen gefilzte Eier und Nester aus Heu. Nach den Feiertagen hei\u00dft es am 8. April \u201eWir filzen kleine Felle aus Schafwolle\u201c, bevor am 10. April Tiere aus Naturmaterialien gestaltet werden.<\/p>\n<p style=\"text-align: justify;\"><strong>Aktionen am Osterwochenende<\/strong><\/p>\n<p style=\"text-align: justify;\">Auch das Osterwochenende bietet besondere Erlebnisse. Am Karfreitag, 3. April, werden von 14 bis 17 Uhr Eier mit Naturmaterialien gef\u00e4rbt. Am Karsamstag und Ostersonntag ist die Zuckerhasengie\u00dferei der Familie Waldmann im Museum zu Gast. Am Ostersonntag kommt zudem der Osterhase ins Museumsdorf und versteckt auf dem Gel\u00e4nde zahlreiche Eier, die Kinder zwischen 9 und 11 Uhr suchen d\u00fcrfen.<\/p>\n<p style=\"text-align: justify;\">Mit Beginn der Saison \u00fcbernimmt au\u00dferdem der Verein \u201eLeben inklusiv e. V.\u201c die Museumsgastronomie an der Au\u00dfensitzfl\u00e4che und betreibt den Ausgabepavillon t\u00e4glich von 12 bis 16.30 Uhr.<\/p>\n<p style=\"text-align: justify;\">Die Teilnahme am Programm ist im Museumseintritt enthalten. Beim Familien-Ferien-Programm f\u00e4llt zum Teil eine Kostenbeitrag f\u00fcr Material an. Weitere Informationen gibt es unter <a href=\"http:\/\/www.freilichtmuseum-beuren.de\" target=\"_blank\" rel=\"noopener\">www.freilichtmuseum-beuren.de<\/a> oder auf Anfrage per E-Mail: <a href=\"mailto:info@freilichtmuseum-beuren.de\" target=\"_blank\" rel=\"noopener\">info@freilichtmuseum-beuren.de<\/a> oder Telefon 0711 3902 41890.<\/p>\n<hr \/>\n<p style=\"text-align: justify;\">\n","protected":false},"excerpt":{"rendered":"<p>Osterferienprogramm f\u00fcr Familien Beuren.| Am Sonntag, 29. M\u00e4rz beginnt im Freilichtmuseum des Landkreises Esslingen in Beuren die neue Saison. Nach der Winterpause werden in dem Museumsdorf am Albtrauf die \u00d6fen wieder angeheizt, aus dem Schornstein des Backhauses steigt Rauch auf, das Museumsl\u00e4dle \u00f6ffnet und auch die Tiere erwarten die ersten Besucherinnen und Besucher. Zum Auftakt [&hellip;]<\/p>\n","protected":false},"author":4,"featured_media":159845,"comment_status":"closed","ping_status":"open","sticky":false,"template":"","format":"standard","meta":{"inline_featured_image":false,"_exactmetrics_skip_tracking":false,"_exactmetrics_sitenote_active":false,"_exactmetrics_sitenote_note":"","_exactmetrics_sitenote_category":0,"footnotes":""},"categories":[59,76],"tags":[18265,14857,15710,10111],"class_list":{"0":"post-159844","1":"post","2":"type-post","3":"status-publish","4":"format-standard","5":"has-post-thumbnail","7":"category-aktuell","8":"category-fuhrung-vortrage","9":"tag-beurten","10":"tag-die-webzeitung","11":"tag-freilichtmuseum","12":"tag-ostern"},"image_feature":"https:\/\/die-webzeitung.de\/stuttgart\/wp-content\/uploads\/sites\/4\/2026\/03\/17.03.2026-44-2026_Foto1_PM_Saisonstart_Freilichtmuseum_-Zuckerhasenherstellung-im-Freilichtmuse-scaled.jpg","author_name":"Redaktion","pure_taxonomies":{"categories":[{"term_id":59,"name":"Aktuell","slug":"aktuell","term_group":0,"term_taxonomy_id":60,"taxonomy":"category","description":"","parent":0,"count":1018,"filter":"raw","image":""},{"term_id":76,"name":"F\u00fchrungen \/ Vortr\u00e4ge","slug":"fuhrung-vortrage","term_group":0,"term_taxonomy_id":77,"taxonomy":"category","description":"","parent":2240,"count":8,"filter":"raw","image":""}],"tags":[{"term_id":18265,"name":"Beurten","slug":"beurten","term_group":0,"term_taxonomy_id":18284,"taxonomy":"post_tag","description":"","parent":0,"count":1,"filter":"raw","image":""},{"term_id":14857,"name":"Die-Webzeitung","slug":"die-webzeitung","term_group":0,"term_taxonomy_id":14876,"taxonomy":"post_tag","description":"","parent":0,"count":3627,"filter":"raw","image":""},{"term_id":15710,"name":"Freilichtmuseum","slug":"freilichtmuseum","term_group":0,"term_taxonomy_id":15729,"taxonomy":"post_tag","description":"","parent":0,"count":2,"filter":"raw","image":""},{"term_id":10111,"name":"Ostern","slug":"ostern","term_group":0,"term_taxonomy_id":10142,"taxonomy":"post_tag","description":"","parent":0,"count":2,"filter":"raw","image":""}]},"_links":{"self":[{"href":"https:\/\/die-webzeitung.de\/stuttgart\/wp-json\/wp\/v2\/posts\/159844","targetHints":{"allow":["GET"]}}],"collection":[{"href":"https:\/\/die-webzeitung.de\/stuttgart\/wp-json\/wp\/v2\/posts"}],"about":[{"href":"https:\/\/die-webzeitung.de\/stuttgart\/wp-json\/wp\/v2\/types\/post"}],"author":[{"embeddable":true,"href":"https:\/\/die-webzeitung.de\/stuttgart\/wp-json\/wp\/v2\/users\/4"}],"replies":[{"embeddable":true,"href":"https:\/\/die-webzeitung.de\/stuttgart\/wp-json\/wp\/v2\/comments?post=159844"}],"version-history":[{"count":1,"href":"https:\/\/die-webzeitung.de\/stuttgart\/wp-json\/wp\/v2\/posts\/159844\/revisions"}],"predecessor-version":[{"id":159846,"href":"https:\/\/die-webzeitung.de\/stuttgart\/wp-json\/wp\/v2\/posts\/159844\/revisions\/159846"}],"wp:featuredmedia":[{"embeddable":true,"href":"https:\/\/die-webzeitung.de\/stuttgart\/wp-json\/wp\/v2\/media\/159845"}],"wp:attachment":[{"href":"https:\/\/die-webzeitung.de\/stuttgart\/wp-json\/wp\/v2\/media?parent=159844"}],"wp:term":[{"taxonomy":"category","embeddable":true,"href":"https:\/\/die-webzeitung.de\/stuttgart\/wp-json\/wp\/v2\/categories?post=159844"},{"taxonomy":"post_tag","embeddable":true,"href":"https:\/\/die-webzeitung.de\/stuttgart\/wp-json\/wp\/v2\/tags?post=159844"}],"curies":[{"name":"wp","href":"https:\/\/api.w.org\/{rel}","templated":true}]}}