{"id":159838,"date":"2026-03-16T17:23:40","date_gmt":"2026-03-16T16:23:40","guid":{"rendered":"https:\/\/die-webzeitung.de\/stuttgart\/?p=159838"},"modified":"2026-03-16T17:23:40","modified_gmt":"2026-03-16T16:23:40","slug":"feuerwehreinsatz-in-der-eichendorffschule-in-boeblingen","status":"publish","type":"post","link":"https:\/\/die-webzeitung.de\/stuttgart\/2026\/03\/16\/feuerwehreinsatz-in-der-eichendorffschule-in-boeblingen\/","title":{"rendered":"Feuerwehreinsatz in der Eichendorffschule in B\u00f6blingen"},"content":{"rendered":"<p style=\"text-align: justify;\">B\u00f6blingen.| Zu einem Gro\u00dfeinsatz von Feuerwehr und Rettungskr\u00e4ften kam es am Montag gegen 9.40 Uhr in der Eichendorffschule im B\u00f6blinger Herdweg. Personen klagten \u00fcber Atemwegsreizungen, weshalb die Feuerwehr mit dem Stichwort \u201eGefahrstoffaustritt\u201c alarmiert wurde.<\/p>\n<p style=\"text-align: justify;\">Beim Eintreffen der Feuerwehr war die Schule vorbildlich durch die Lehrpersonen und das st\u00e4dtische Personal ger\u00e4umt. Die Feuerwehr f\u00fchrte umgehend Erkundungs- und Messma\u00dfnahmen im betroffenen Geb\u00e4udeabschnitt durch, sicherte die Einsatzstelle weitr\u00e4umig ab und k\u00fcmmerte sich gemeinsam mit den Lehrpersonen um die Betreuung der Sch\u00fclerinnen und Sch\u00fcler.<\/p>\n<p style=\"text-align: justify;\">Im Einsatzverlauf wurden f\u00fcnf Kinder und neun Erwachsene dem Rettungsdienst zur Abkl\u00e4rung vorgestellt. Drei Kinder und eine erwachsene Person kamen zur weiteren Untersuchung in ein nahegelegenes Krankenhaus. Insgesamt hielten sich in der Schule an diesem Vormittag rund 350 Personen auf. Die Betreuung der Sch\u00fclerinnen und Sch\u00fcler wurde bis zur Abholung durch die Eltern, dem vorgezogenen Unterrichtende oder Betreuungsende durchweg in nicht betroffenen R\u00e4umlichkeiten der angrenzenden Kita Herdweg, der Sporthalle sowie dem Gemeindehaus St. Clemens sichergestellt. Die Schulleitung und Elternvertretung waren \u00fcber interne Kan\u00e4le mit der Elternschaft stets in Kontakt und informierte so \u00fcber die Situation und das weitere Vorgehen.<\/p>\n<p style=\"text-align: justify;\">Auch nach umfangreichen Mess-Ma\u00dfnahmen durch Spezialkr\u00e4fte der Feuerwehr konnte im Einsatzverlauf kein konkreter Stoff nachgewiesen werden, weshalb der betroffene Bereich in der Schule vorsorglich gesperrt bleibt, bis professionelle Reinigungsma\u00dfnahmen durchgef\u00fchrt wurden. Der Schulbetrieb kann ab morgen (Dienstag) wieder regul\u00e4r stattfinden.<\/p>\n<p style=\"text-align: justify;\">Einsatzleiter Oliver Zw\u00f6lfer, stellv. Kommandant der Feuerwehr B\u00f6blingen: \u201eDie Schulgemeinschaft hat die R\u00e4umung des Schulgeb\u00e4udes professionell und innerhalb k\u00fcrzester Zeit durchgef\u00fchrt. Dem umsichtigen Handeln von Lehrpersonen und st\u00e4dtischen Besch\u00e4ftigten ist es zu verdanken, dass nicht mehr Personen zu Schaden gekommen sind.\u201c<\/p>\n<p style=\"text-align: justify;\">Erster B\u00fcrgermeister Tobias Heizmann, der als Schultr\u00e4ger sich ebenfalls vor Ort ein Bild von der Lage machte: \u201eDie Zusammenarbeit zwischen Schule, Feuerwehr und Rettungsorganisationen hat hervorragend geklappt. Ich danke allen Beteiligten f\u00fcr ihr umsichtiges Handeln, insbesondere unserer Feuerwehr und dem Rettungsdienst f\u00fcr ihren Einsatz. Den Betroffenen w\u00fcnsche ich schnelle Genesung.\u201c<\/p>\n<p style=\"text-align: justify;\">Insgesamt waren die Feuerwehr B\u00f6blingen und Herrenberg, die den Umweltschutzzug S\u00fcd betreiben, sowie Kreisbrandmeister Martin Amler mit der F\u00fchrungsgruppe des Landkreises und weiteren Spezialkr\u00e4ften mit rund 20 Fahrzeugen vor Ort. Der Rettungsdienst, die Sanit\u00e4tseinheiten sowie die Polizei war ebenfalls mit starken Kr\u00e4ften vertreten, um zum einen die Versorgung von Personen vorzunehmen und zum anderen die Einsatzstelle zu sichern.<\/p>\n<hr \/>\n<p style=\"text-align: justify;\">\n","protected":false},"excerpt":{"rendered":"<p>B\u00f6blingen.| Zu einem Gro\u00dfeinsatz von Feuerwehr und Rettungskr\u00e4ften kam es am Montag gegen 9.40 Uhr in der Eichendorffschule im B\u00f6blinger Herdweg. Personen klagten \u00fcber Atemwegsreizungen, weshalb die Feuerwehr mit dem Stichwort \u201eGefahrstoffaustritt\u201c alarmiert wurde. Beim Eintreffen der Feuerwehr war die Schule vorbildlich durch die Lehrpersonen und das st\u00e4dtische Personal ger\u00e4umt. Die Feuerwehr f\u00fchrte umgehend Erkundungs- [&hellip;]<\/p>\n","protected":false},"author":4,"featured_media":159839,"comment_status":"closed","ping_status":"open","sticky":false,"template":"","format":"standard","meta":{"inline_featured_image":false,"_exactmetrics_skip_tracking":false,"_exactmetrics_sitenote_active":false,"_exactmetrics_sitenote_note":"","_exactmetrics_sitenote_category":0,"footnotes":""},"categories":[2242],"tags":[3061,14857,18262,68],"class_list":{"0":"post-159838","1":"post","2":"type-post","3":"status-publish","4":"format-standard","5":"has-post-thumbnail","7":"category-boeblingen","8":"tag-boblingen","9":"tag-die-webzeitung","10":"tag-eichendorffschule","11":"tag-online-zeitung"},"image_feature":"https:\/\/die-webzeitung.de\/stuttgart\/wp-content\/uploads\/sites\/4\/2026\/03\/wietzenu-fire-department-3102386_1280-scaled.jpg","author_name":"Redaktion","pure_taxonomies":{"categories":[{"term_id":2242,"name":"B\u00f6blingen","slug":"boeblingen","term_group":0,"term_taxonomy_id":2255,"taxonomy":"category","description":"News und Informationen aus B\u00f6blingen und Sindelfingen","parent":1433,"count":22,"filter":"raw","image":""}],"tags":[{"term_id":3061,"name":"B\u00f6blingen","slug":"boblingen","term_group":0,"term_taxonomy_id":3075,"taxonomy":"post_tag","description":"","parent":0,"count":260,"filter":"raw","image":""},{"term_id":14857,"name":"Die-Webzeitung","slug":"die-webzeitung","term_group":0,"term_taxonomy_id":14876,"taxonomy":"post_tag","description":"","parent":0,"count":3625,"filter":"raw","image":""},{"term_id":18262,"name":"Eichendorffschule","slug":"eichendorffschule","term_group":0,"term_taxonomy_id":18281,"taxonomy":"post_tag","description":"","parent":0,"count":1,"filter":"raw","image":""},{"term_id":68,"name":"Online-Zeitung","slug":"online-zeitung","term_group":0,"term_taxonomy_id":69,"taxonomy":"post_tag","description":"","parent":0,"count":3595,"filter":"raw","image":""}]},"_links":{"self":[{"href":"https:\/\/die-webzeitung.de\/stuttgart\/wp-json\/wp\/v2\/posts\/159838","targetHints":{"allow":["GET"]}}],"collection":[{"href":"https:\/\/die-webzeitung.de\/stuttgart\/wp-json\/wp\/v2\/posts"}],"about":[{"href":"https:\/\/die-webzeitung.de\/stuttgart\/wp-json\/wp\/v2\/types\/post"}],"author":[{"embeddable":true,"href":"https:\/\/die-webzeitung.de\/stuttgart\/wp-json\/wp\/v2\/users\/4"}],"replies":[{"embeddable":true,"href":"https:\/\/die-webzeitung.de\/stuttgart\/wp-json\/wp\/v2\/comments?post=159838"}],"version-history":[{"count":1,"href":"https:\/\/die-webzeitung.de\/stuttgart\/wp-json\/wp\/v2\/posts\/159838\/revisions"}],"predecessor-version":[{"id":159840,"href":"https:\/\/die-webzeitung.de\/stuttgart\/wp-json\/wp\/v2\/posts\/159838\/revisions\/159840"}],"wp:featuredmedia":[{"embeddable":true,"href":"https:\/\/die-webzeitung.de\/stuttgart\/wp-json\/wp\/v2\/media\/159839"}],"wp:attachment":[{"href":"https:\/\/die-webzeitung.de\/stuttgart\/wp-json\/wp\/v2\/media?parent=159838"}],"wp:term":[{"taxonomy":"category","embeddable":true,"href":"https:\/\/die-webzeitung.de\/stuttgart\/wp-json\/wp\/v2\/categories?post=159838"},{"taxonomy":"post_tag","embeddable":true,"href":"https:\/\/die-webzeitung.de\/stuttgart\/wp-json\/wp\/v2\/tags?post=159838"}],"curies":[{"name":"wp","href":"https:\/\/api.w.org\/{rel}","templated":true}]}}