{"id":159809,"date":"2026-03-14T11:38:50","date_gmt":"2026-03-14T10:38:50","guid":{"rendered":"https:\/\/die-webzeitung.de\/stuttgart\/?p=159809"},"modified":"2026-03-14T11:38:50","modified_gmt":"2026-03-14T10:38:50","slug":"neuer-bikepark-macht-aichtal-jetzt-grosse-spruenge","status":"publish","type":"post","link":"https:\/\/die-webzeitung.de\/stuttgart\/2026\/03\/14\/neuer-bikepark-macht-aichtal-jetzt-grosse-spruenge\/","title":{"rendered":"Neuer Bikepark, macht Aichtal jetzt gro\u00dfe Spr\u00fcnge?"},"content":{"rendered":"<p style=\"text-align: justify;\">Der Skiclub Aichtal e.V. hatte vor Jahren die Idee f\u00fcr den Bau eines Bikepark im Aichtal um damit sein sportliches Programm weiter auszuweiten. Mit der Gr\u00fcndung einer Radsportabteilung wurde der Stein letztendlich ins Rollen gebracht.<\/p>\n<p style=\"text-align: justify;\">Dass Wunsch und Wirklichkeit nicht immer im zeitlichen Gleichklang schwingen, erfuhren die Initiatoren schnell, denn auf ihre Initiative hin hatten die ersten Gespr\u00e4che mit der Stadt Aichtal 2023 begonnen, um an einer Umsetzung des Bike-Parks zu arbeiten.<\/p>\n<p style=\"text-align: justify;\">\u201eBevor wir die eigentliche Strecke planen konnten, musste erst einmal eine geeignete Fl\u00e4che gefunden werden, auf der wir einen solchen Park errichten konnten\u201c, so Manuel Krau\u00df (1.Vorstand Skiclub Aichtal e.V.). Der nun entstehende Park wird auf st\u00e4dtischem Grund realisiert und er\u00f6ffnet, zudem steht er in unmittelbarer N\u00e4he zum Radweg am Festplatz in Aichtal- Aich und ist sehr gut mit dem Fahrrad aus allen drei Ortsteilen zu erreichen und steht der \u00d6ffentlichkeit vollumf\u00e4nglich zur Nutzung zur Verf\u00fcgung.<\/p>\n<p style=\"text-align: justify;\">Der Bikepark wird aus verschiedenen Bereichen bestehen: aus einer Sprungstrecke (Jumpline), die unterschiedlich gro\u00dfe Spr\u00fcnge erm\u00f6glicht. Aus einem Parcours f\u00fcr Kinder und Anf\u00e4nger mit kleineren Spr\u00fcngen, Kurven und Wellen. Aus einer Geschicklichkeitsstrecke mit verschieden hohen Abs\u00e4tzen, um die technischen F\u00e4higkeiten zu verbessern. Und aus einem Pumptrack, einer gr\u00f6\u00dferen Wellenbahn mit Anliegerkurven sowie einem Rundkurs f\u00fcr ferngesteuerte RC-Fahrzeuge.<\/p>\n<p style=\"text-align: justify;\">Nicht nur die Planungen der Strecke haben die Projektverantwortlichen aktiv begleitet, auch mit den politischen Entscheidungsgremien machten sie Bekanntschaft, in Form einer pers\u00f6nlichen Vorstellung ihres Projekts im Technikausschuss u. Verwaltungsausschuss. \u201eIch freue mich, dass wir hier von einzelnen geh\u00f6rt worden sind und unsere Arbeit anerkannt wurde\u201c, freut sich Manuel Krau\u00df.<\/p>\n<p style=\"text-align: justify;\">Allein durch ehrenamtliches Engagement kann der Bikepark aber nicht entstehen. Auf Grund der angespannten finanziellen Lage der Kommunen, so hat auch die Stadt Aichtal leider keine M\u00f6glichkeit das Projekt in Form von Kosten\u00fcbernahmen zu unterst\u00fctzen. Sind wir alleine auf Unternehmen und Spenden der B\u00fcrger und B\u00fcrgerinnen aus Aichtal angewiesen.<\/p>\n<p style=\"text-align: justify;\">Die Verantwortlichen rechnen mit Gesamtkosten von mindestens 25.000 Euro. Die Kosten m\u00fcssen &#8211; neben einem Zuschuss des W\u00fcrttembergischen Landessportbund (WLSB) &#8211; \u00fcberwiegend \u00fcber Spenden und Sponsorengelder Aichtaler Unternehmen sowie Stiftungsgeld der Kreissparkasse Esslingen-N\u00fcrtingen gedeckt werden. Nach Angaben von Manuel Krau\u00df sind derzeit bei sehr optimistischer Betrachtung noch etwa 4000 Euro offen. Gerne darf das Projekt auf der WirWunder Plattform der KSK Esslingen-N\u00fcrtingen unterst\u00fctzt werden!<\/p>\n<p style=\"text-align: justify;\">So dass die offizielle Einweihung voraussichtlich im kommenden Jahr im Rahmen einer Feier erfolgen kann.<\/p>\n<hr \/>\n<p style=\"text-align: justify;\">\n","protected":false},"excerpt":{"rendered":"<p>Der Skiclub Aichtal e.V. hatte vor Jahren die Idee f\u00fcr den Bau eines Bikepark im Aichtal um damit sein sportliches Programm weiter auszuweiten. Mit der Gr\u00fcndung einer Radsportabteilung wurde der Stein letztendlich ins Rollen gebracht. Dass Wunsch und Wirklichkeit nicht immer im zeitlichen Gleichklang schwingen, erfuhren die Initiatoren schnell, denn auf ihre Initiative hin hatten [&hellip;]<\/p>\n","protected":false},"author":4,"featured_media":159810,"comment_status":"closed","ping_status":"open","sticky":false,"template":"","format":"standard","meta":{"inline_featured_image":false,"_exactmetrics_skip_tracking":false,"_exactmetrics_sitenote_active":false,"_exactmetrics_sitenote_note":"","_exactmetrics_sitenote_category":0,"footnotes":""},"categories":[59,2247],"tags":[18259,18258,14857,68],"class_list":{"0":"post-159809","1":"post","2":"type-post","3":"status-publish","4":"format-standard","5":"has-post-thumbnail","7":"category-aktuell","8":"category-kreis-esslingen","9":"tag-aichtal","10":"tag-bikepark","11":"tag-die-webzeitung","12":"tag-online-zeitung"},"image_feature":"https:\/\/die-webzeitung.de\/stuttgart\/wp-content\/uploads\/sites\/4\/2026\/03\/pezibear-bike-770193_1280-scaled.jpg","author_name":"Redaktion","pure_taxonomies":{"categories":[{"term_id":59,"name":"Aktuell","slug":"aktuell","term_group":0,"term_taxonomy_id":60,"taxonomy":"category","description":"","parent":0,"count":1017,"filter":"raw","image":""},{"term_id":2247,"name":"Kreis Esslingen","slug":"kreis-esslingen","term_group":0,"term_taxonomy_id":2260,"taxonomy":"category","description":"Informationen aus dem Landkreis Esslingen","parent":171,"count":214,"filter":"raw","image":""}],"tags":[{"term_id":18259,"name":"Aichtal","slug":"aichtal","term_group":0,"term_taxonomy_id":18278,"taxonomy":"post_tag","description":"","parent":0,"count":1,"filter":"raw","image":""},{"term_id":18258,"name":"Bikepark","slug":"bikepark","term_group":0,"term_taxonomy_id":18277,"taxonomy":"post_tag","description":"","parent":0,"count":1,"filter":"raw","image":""},{"term_id":14857,"name":"Die-Webzeitung","slug":"die-webzeitung","term_group":0,"term_taxonomy_id":14876,"taxonomy":"post_tag","description":"","parent":0,"count":3623,"filter":"raw","image":""},{"term_id":68,"name":"Online-Zeitung","slug":"online-zeitung","term_group":0,"term_taxonomy_id":69,"taxonomy":"post_tag","description":"","parent":0,"count":3593,"filter":"raw","image":""}]},"_links":{"self":[{"href":"https:\/\/die-webzeitung.de\/stuttgart\/wp-json\/wp\/v2\/posts\/159809","targetHints":{"allow":["GET"]}}],"collection":[{"href":"https:\/\/die-webzeitung.de\/stuttgart\/wp-json\/wp\/v2\/posts"}],"about":[{"href":"https:\/\/die-webzeitung.de\/stuttgart\/wp-json\/wp\/v2\/types\/post"}],"author":[{"embeddable":true,"href":"https:\/\/die-webzeitung.de\/stuttgart\/wp-json\/wp\/v2\/users\/4"}],"replies":[{"embeddable":true,"href":"https:\/\/die-webzeitung.de\/stuttgart\/wp-json\/wp\/v2\/comments?post=159809"}],"version-history":[{"count":1,"href":"https:\/\/die-webzeitung.de\/stuttgart\/wp-json\/wp\/v2\/posts\/159809\/revisions"}],"predecessor-version":[{"id":159811,"href":"https:\/\/die-webzeitung.de\/stuttgart\/wp-json\/wp\/v2\/posts\/159809\/revisions\/159811"}],"wp:featuredmedia":[{"embeddable":true,"href":"https:\/\/die-webzeitung.de\/stuttgart\/wp-json\/wp\/v2\/media\/159810"}],"wp:attachment":[{"href":"https:\/\/die-webzeitung.de\/stuttgart\/wp-json\/wp\/v2\/media?parent=159809"}],"wp:term":[{"taxonomy":"category","embeddable":true,"href":"https:\/\/die-webzeitung.de\/stuttgart\/wp-json\/wp\/v2\/categories?post=159809"},{"taxonomy":"post_tag","embeddable":true,"href":"https:\/\/die-webzeitung.de\/stuttgart\/wp-json\/wp\/v2\/tags?post=159809"}],"curies":[{"name":"wp","href":"https:\/\/api.w.org\/{rel}","templated":true}]}}