{"id":159803,"date":"2026-03-13T13:00:46","date_gmt":"2026-03-13T12:00:46","guid":{"rendered":"https:\/\/die-webzeitung.de\/stuttgart\/?p=159803"},"modified":"2026-03-13T13:00:46","modified_gmt":"2026-03-13T12:00:46","slug":"magie-und-macht-krabat-zu-gast-im-dat-theater-im-feierraum","status":"publish","type":"post","link":"https:\/\/die-webzeitung.de\/stuttgart\/2026\/03\/13\/magie-und-macht-krabat-zu-gast-im-dat-theater-im-feierraum\/","title":{"rendered":"Magie und Macht: \u201eKrabat\u201c zu Gast im DAT Theater im Feierraum"},"content":{"rendered":"<p style=\"text-align: justify;\">B\u00f6blingen.| Am Sonntag, 22. M\u00e4rz 2026, um 17.00 Uhr, gastiert das Theater der Stadt Aalen mit seiner szenischen Umsetzung des Jugendbuchklassikers \u201eKrabat\u201c im DAT Theater im Feierraum. Die Inszenierung nach dem Roman von Otfried Preu\u00dfler erz\u00e4hlt von Krabats Leben als Lehrling in einer geheimnisvollen M\u00fchle und von seinem Kampf um Freiheit und Freundschaft. Das Theater der Stadt Aalen zeigt die Geschichte dabei in konzentrierter Form und richtet sich an Erwachsene, Jugendliche sowie an Kinder ab 12 Jahren.<\/p>\n<p style=\"text-align: justify;\">Der 14-j\u00e4hrige Waisenjunge Krabat wird Lehrling in einer unheimlichen M\u00fchle der schwar\u00adzen Magie. Hier herrscht der Meister, f\u00fcr dessen Weiterleben jedes Jahr einer der Gesellen sterben muss. Als sich Krabat in die Kantorka verliebt, muss er um seine Freiheit k\u00e4mpfen. Wird es ihm gelingen, sich und die anderen Gesellen durch wahre Freundschaft, die Liebe eines M\u00e4dchens und seine eigene Standhaftigkeit aus den F\u00e4ngen des Meisters zu befreien?<\/p>\n<p style=\"text-align: justify;\">Die Inszenierung des Theaters der Stadt Aalen, die in etwas mehr als einer Stunde die Geschichte Krabats erz\u00e4hlt, thematisiert die Gefahren und die Faszination von Macht und Machtstrukturen.\u00a0Auf der B\u00fchne steht nur eine Person: Ella Elia Anschein schl\u00fcpft durch Artikulation, Stimmgestaltung und K\u00f6rperhaltung in die unterschiedlichen Rollen. Der Wechsel zwischen H\u00f6ren der Geschichte und Sehen der spielerischen Umsetzung bietet die M\u00f6glichkeit, sich dem Stoff aus verschiedenen Perspektiven zu n\u00e4hern. Ohne aufwendige B\u00fchnenmittel wird deutlich, wie stark Stimme, Pr\u00e4senz und k\u00f6rperlicher Ausdruck wirken k\u00f6nnen.<\/p>\n<p style=\"text-align: justify;\">Otfried Preu\u00dfler schrieb zehn Jahre lang an dem Roman und ver\u00f6ffentlichte ihn schlie\u00dflich 1971 im Arena Verlag. Die Geschichte basiert auf einer sorbischen Volkssage. \u201eKrabat\u201c wurde mit zahlreichen Literaturpreisen ausgezeichnet und in 37 Sprachen \u00fcbersetzt.<\/p>\n<p style=\"text-align: justify;\">Regie: Alexandra St\u00f6lzl<br \/>\nMit: Ella Elia Anschein<\/p>\n<p style=\"text-align: justify;\">Sonntag, 22. M\u00e4rz 2026, 17.00 Uhr<br \/>\nDAT Theater im Feierraum, Pestalozzistra\u00dfe 9, B\u00f6blingen<br \/>\nEintritt: 14,00 Euro; 10,00 Euro erm\u00e4\u00dfigt; 35,00 Euro Familienkarte<\/p>\n<p style=\"text-align: justify;\">Weitere Informationen unter: <a href=\"http:\/\/kunstschule.boeblingen.de\" target=\"_blank\" rel=\"noopener\" data-saferedirecturl=\"https:\/\/www.google.com\/url?q=http:\/\/kunstschule.boeblingen.de&amp;source=gmail&amp;ust=1773488911638000&amp;usg=AOvVaw0a07U59qxyVyN3-iYXHacv\">kunstschule.boeblingen.de<\/a><\/p>\n<p style=\"text-align: justify;\">Tickets \u00fcber <a href=\"http:\/\/reservix.de\" target=\"_blank\" rel=\"noopener\" data-saferedirecturl=\"https:\/\/www.google.com\/url?q=http:\/\/reservix.de&amp;source=gmail&amp;ust=1773488911638000&amp;usg=AOvVaw1YMfXu4KscemqCpes8OybA\">reservix.de<\/a> und, je nach Verf\u00fcgbarkeit, an der Tageskasse<\/p>\n<hr \/>\n<p style=\"text-align: justify;\">\n","protected":false},"excerpt":{"rendered":"<p>B\u00f6blingen.| Am Sonntag, 22. M\u00e4rz 2026, um 17.00 Uhr, gastiert das Theater der Stadt Aalen mit seiner szenischen Umsetzung des Jugendbuchklassikers \u201eKrabat\u201c im DAT Theater im Feierraum. Die Inszenierung nach dem Roman von Otfried Preu\u00dfler erz\u00e4hlt von Krabats Leben als Lehrling in einer geheimnisvollen M\u00fchle und von seinem Kampf um Freiheit und Freundschaft. Das Theater [&hellip;]<\/p>\n","protected":false},"author":4,"featured_media":0,"comment_status":"closed","ping_status":"open","sticky":false,"template":"","format":"standard","meta":{"inline_featured_image":false,"_exactmetrics_skip_tracking":false,"_exactmetrics_sitenote_active":false,"_exactmetrics_sitenote_note":"","_exactmetrics_sitenote_category":0,"footnotes":""},"categories":[14123],"tags":[3061,14857,18257,68],"class_list":{"0":"post-159803","1":"post","2":"type-post","3":"status-publish","4":"format-standard","6":"category-buehne","7":"tag-boblingen","8":"tag-die-webzeitung","9":"tag-krabat","10":"tag-online-zeitung"},"image_feature":null,"author_name":"Redaktion","pure_taxonomies":{"categories":[{"term_id":14123,"name":"B\u00fchne","slug":"buehne","term_group":0,"term_taxonomy_id":1851,"taxonomy":"category","description":"","parent":2240,"count":4,"filter":"raw","image":""}],"tags":[{"term_id":3061,"name":"B\u00f6blingen","slug":"boblingen","term_group":0,"term_taxonomy_id":3075,"taxonomy":"post_tag","description":"","parent":0,"count":260,"filter":"raw","image":""},{"term_id":14857,"name":"Die-Webzeitung","slug":"die-webzeitung","term_group":0,"term_taxonomy_id":14876,"taxonomy":"post_tag","description":"","parent":0,"count":3625,"filter":"raw","image":""},{"term_id":18257,"name":"Krabat","slug":"krabat","term_group":0,"term_taxonomy_id":18276,"taxonomy":"post_tag","description":"","parent":0,"count":1,"filter":"raw","image":""},{"term_id":68,"name":"Online-Zeitung","slug":"online-zeitung","term_group":0,"term_taxonomy_id":69,"taxonomy":"post_tag","description":"","parent":0,"count":3595,"filter":"raw","image":""}]},"_links":{"self":[{"href":"https:\/\/die-webzeitung.de\/stuttgart\/wp-json\/wp\/v2\/posts\/159803","targetHints":{"allow":["GET"]}}],"collection":[{"href":"https:\/\/die-webzeitung.de\/stuttgart\/wp-json\/wp\/v2\/posts"}],"about":[{"href":"https:\/\/die-webzeitung.de\/stuttgart\/wp-json\/wp\/v2\/types\/post"}],"author":[{"embeddable":true,"href":"https:\/\/die-webzeitung.de\/stuttgart\/wp-json\/wp\/v2\/users\/4"}],"replies":[{"embeddable":true,"href":"https:\/\/die-webzeitung.de\/stuttgart\/wp-json\/wp\/v2\/comments?post=159803"}],"version-history":[{"count":1,"href":"https:\/\/die-webzeitung.de\/stuttgart\/wp-json\/wp\/v2\/posts\/159803\/revisions"}],"predecessor-version":[{"id":159804,"href":"https:\/\/die-webzeitung.de\/stuttgart\/wp-json\/wp\/v2\/posts\/159803\/revisions\/159804"}],"wp:attachment":[{"href":"https:\/\/die-webzeitung.de\/stuttgart\/wp-json\/wp\/v2\/media?parent=159803"}],"wp:term":[{"taxonomy":"category","embeddable":true,"href":"https:\/\/die-webzeitung.de\/stuttgart\/wp-json\/wp\/v2\/categories?post=159803"},{"taxonomy":"post_tag","embeddable":true,"href":"https:\/\/die-webzeitung.de\/stuttgart\/wp-json\/wp\/v2\/tags?post=159803"}],"curies":[{"name":"wp","href":"https:\/\/api.w.org\/{rel}","templated":true}]}}