{"id":159801,"date":"2026-03-15T11:08:11","date_gmt":"2026-03-15T10:08:11","guid":{"rendered":"https:\/\/die-webzeitung.de\/stuttgart\/?p=159801"},"modified":"2026-03-15T11:31:15","modified_gmt":"2026-03-15T10:31:15","slug":"gemeinderat-beschliesst-bau-der-hauptradroute-41","status":"publish","type":"post","link":"https:\/\/die-webzeitung.de\/stuttgart\/2026\/03\/15\/gemeinderat-beschliesst-bau-der-hauptradroute-41\/","title":{"rendered":"Gemeinderat beschlie\u00dft Bau der Hauptradroute 41"},"content":{"rendered":"<p style=\"text-align: justify;\">Stuttgart.|\u00a0Der Stuttgarter Gemeinderat hat den Bau eines Abschnitts der Hauptradroute 41 entlang der Pischekstra\u00dfe, Jahnstra\u00dfe und Mittleren Filderstra\u00dfe beschlossen. Die Verbindung zwischen Stuttgart-Ost, -S\u00fcd und Sillenbuch ist Teil der geplanten Radschnellverbindung nach Ostfildern und Kirchheim unter Teck. Baubeginn ist f\u00fcr 2026 geplant.<\/p>\n<div>\n<p style=\"text-align: justify;\">Der Stuttgarter Gemeinderat hat am 12. M\u00e4rz den Baubeschluss f\u00fcr einen weiteren Abschnitt der Hauptradroute 41 gefasst. Die neue Radverbindung entsteht entlang der Pischekstra\u00dfe, der Jahnstra\u00dfe und der Mittleren Filderstra\u00dfe und ist Teil der geplanten Radschnellverbindung von Stuttgart \u00fcber Ostfildern nach Kirchheim unter Teck.<\/p>\n<p style=\"text-align: justify;\">Mit dem Beschluss hat der Gemeinderat dem Bau der Hauptradroute auf Grundlage der Planungen des Tiefbauamts zugestimmt und die Verwaltung beauftragt, die notwendigen Planungs- und Bauleistungen zu vergeben. Die Gesamtkosten des Projekts werden nach aktueller Prognose rund 13,8 Millionen Euro betragen. Darin enthalten sind auch erwartete Baupreissteigerungen sowie Kostenrisiken w\u00e4hrend der Bauphase.<\/p>\n<p style=\"text-align: justify;\">Der Ausbau st\u00e4rkt das st\u00e4dtische Netz der Hauptradrouten und soll eine leistungsf\u00e4hige Verbindung f\u00fcr den Radverkehr zwischen den Stadtbezirken Ost, S\u00fcd und Sillenbuch schaffen. Ziel ist es, den Radverkehr auf dieser Strecke sicherer und komfortabler zu machen und gleichzeitig eine wichtige Verbindung innerhalb der geplanten Radschnellverbindung Richtung Ostfildern und Kirchheim unter Teck auszubauen.<\/p>\n<p style=\"text-align: justify;\">Bereits 2025 wurde in der Pischekstra\u00dfe ein erster Abschnitt umgesetzt. W\u00e4hrend der Pfingstferien wurde dort ein Fahrstreifen stadtausw\u00e4rts auf einer L\u00e4nge von rund 600 Metern in einen Radfahrstreifen umgewandelt. Auf diesem Teilst\u00fcck steht damit bereits eine eigene Spur f\u00fcr den Radverkehr zur Verf\u00fcgung.<\/p>\n<p style=\"text-align: justify;\">Nach dem Baubeschluss sollen nun die Bauleistungen ausgeschrieben und vergeben werden. Der Baubeginn ist nach derzeitiger Planung im Herbst 2026 vorgesehen. Ab Herbst 2027 soll der ausgebaute Abschnitt vom Knotenpunkt Pischekstra\u00dfe\/Payerstra\u00dfe\/<wbr \/>G\u00e4nsheidestra\u00dfe bis zur Geroksruhe in Betrieb gehen. Die vollst\u00e4ndige Fertigstellung der Arbeiten ist nach aktuellem Stand bis Ende 2028 geplant.<\/p>\n<p style=\"text-align: justify;\">Das Vorhaben wird vom Land Baden-W\u00fcrttemberg mit rund 6 Millionen Euro gef\u00f6rdert. Die Gesamtzuwendung einschlie\u00dflich einer Planungskostenpauschale bel\u00e4uft sich auf etwa 7,3 Millionen Euro. Zus\u00e4tzlich hat die Stadt einen Antrag im Bundesf\u00f6rderprogramm f\u00fcr kommunalen Klimaschutz gestellt.<\/p>\n<p style=\"text-align: justify;\">Radschnellverbindungen sind besonders leistungsf\u00e4hige Radwege f\u00fcr den Alltagsverkehr sowie f\u00fcr Pendlerinnen und Pendler. Sie verlaufen m\u00f6glichst direkt, sind in der Regel durchgehend asphaltiert und bieten ausreichend breite Fahrfl\u00e4chen. Ziel ist es, l\u00e4ngere Strecken mit dem Fahrrad schnell, sicher und komfortabel zur\u00fccklegen zu k\u00f6nnen und damit eine umweltfreundliche Alternative zum motorisierten Verkehr zu st\u00e4rken.<\/p>\n<hr \/>\n<p style=\"text-align: justify;\">\n<\/div>\n","protected":false},"excerpt":{"rendered":"<p>Stuttgart.|\u00a0Der Stuttgarter Gemeinderat hat den Bau eines Abschnitts der Hauptradroute 41 entlang der Pischekstra\u00dfe, Jahnstra\u00dfe und Mittleren Filderstra\u00dfe beschlossen. Die Verbindung zwischen Stuttgart-Ost, -S\u00fcd und Sillenbuch ist Teil der geplanten Radschnellverbindung nach Ostfildern und Kirchheim unter Teck. Baubeginn ist f\u00fcr 2026 geplant. Der Stuttgarter Gemeinderat hat am 12. M\u00e4rz den Baubeschluss f\u00fcr einen weiteren Abschnitt [&hellip;]<\/p>\n","protected":false},"author":4,"featured_media":153388,"comment_status":"closed","ping_status":"open","sticky":false,"template":"","format":"standard","meta":{"inline_featured_image":false,"_exactmetrics_skip_tracking":false,"_exactmetrics_sitenote_active":false,"_exactmetrics_sitenote_note":"","_exactmetrics_sitenote_category":0,"footnotes":""},"categories":[2239],"tags":[14857,68,15905,275],"class_list":{"0":"post-159801","1":"post","2":"type-post","3":"status-publish","4":"format-standard","5":"has-post-thumbnail","7":"category-stuttgart-lokal","8":"tag-die-webzeitung","9":"tag-online-zeitung","10":"tag-radschnellweg","11":"tag-stuttgart"},"image_feature":"https:\/\/die-webzeitung.de\/stuttgart\/wp-content\/uploads\/sites\/4\/2024\/06\/bike-path-123253_1280-scaled.jpg","author_name":"Redaktion","pure_taxonomies":{"categories":[{"term_id":2239,"name":"Stuttgart","slug":"stuttgart-lokal","term_group":0,"term_taxonomy_id":2252,"taxonomy":"category","description":"Berichte und Informationen aus Stuttgart","parent":1433,"count":942,"filter":"raw","image":""}],"tags":[{"term_id":14857,"name":"Die-Webzeitung","slug":"die-webzeitung","term_group":0,"term_taxonomy_id":14876,"taxonomy":"post_tag","description":"","parent":0,"count":3625,"filter":"raw","image":""},{"term_id":68,"name":"Online-Zeitung","slug":"online-zeitung","term_group":0,"term_taxonomy_id":69,"taxonomy":"post_tag","description":"","parent":0,"count":3595,"filter":"raw","image":""},{"term_id":15905,"name":"Radschnellweg","slug":"radschnellweg","term_group":0,"term_taxonomy_id":15924,"taxonomy":"post_tag","description":"","parent":0,"count":7,"filter":"raw","image":""},{"term_id":275,"name":"Stuttgart","slug":"stuttgart","term_group":0,"term_taxonomy_id":281,"taxonomy":"post_tag","description":"","parent":0,"count":1195,"filter":"raw","image":""}]},"_links":{"self":[{"href":"https:\/\/die-webzeitung.de\/stuttgart\/wp-json\/wp\/v2\/posts\/159801","targetHints":{"allow":["GET"]}}],"collection":[{"href":"https:\/\/die-webzeitung.de\/stuttgart\/wp-json\/wp\/v2\/posts"}],"about":[{"href":"https:\/\/die-webzeitung.de\/stuttgart\/wp-json\/wp\/v2\/types\/post"}],"author":[{"embeddable":true,"href":"https:\/\/die-webzeitung.de\/stuttgart\/wp-json\/wp\/v2\/users\/4"}],"replies":[{"embeddable":true,"href":"https:\/\/die-webzeitung.de\/stuttgart\/wp-json\/wp\/v2\/comments?post=159801"}],"version-history":[{"count":1,"href":"https:\/\/die-webzeitung.de\/stuttgart\/wp-json\/wp\/v2\/posts\/159801\/revisions"}],"predecessor-version":[{"id":159802,"href":"https:\/\/die-webzeitung.de\/stuttgart\/wp-json\/wp\/v2\/posts\/159801\/revisions\/159802"}],"wp:featuredmedia":[{"embeddable":true,"href":"https:\/\/die-webzeitung.de\/stuttgart\/wp-json\/wp\/v2\/media\/153388"}],"wp:attachment":[{"href":"https:\/\/die-webzeitung.de\/stuttgart\/wp-json\/wp\/v2\/media?parent=159801"}],"wp:term":[{"taxonomy":"category","embeddable":true,"href":"https:\/\/die-webzeitung.de\/stuttgart\/wp-json\/wp\/v2\/categories?post=159801"},{"taxonomy":"post_tag","embeddable":true,"href":"https:\/\/die-webzeitung.de\/stuttgart\/wp-json\/wp\/v2\/tags?post=159801"}],"curies":[{"name":"wp","href":"https:\/\/api.w.org\/{rel}","templated":true}]}}