{"id":159794,"date":"2026-03-12T17:39:08","date_gmt":"2026-03-12T16:39:08","guid":{"rendered":"https:\/\/die-webzeitung.de\/stuttgart\/?p=159794"},"modified":"2026-03-12T17:39:08","modified_gmt":"2026-03-12T16:39:08","slug":"kammermusik-mit-dem-trio-chalumeau","status":"publish","type":"post","link":"https:\/\/die-webzeitung.de\/stuttgart\/2026\/03\/12\/kammermusik-mit-dem-trio-chalumeau\/","title":{"rendered":"Kammermusik mit dem TRIO CHALUMEAU"},"content":{"rendered":"<p style=\"text-align: justify;\">Kirchheim unter Teck.|\u00a0Zu einem Kammermusikkonzert mit dem TRIO CHALUMEAU l\u00e4dt der Kulturring Kirchheim unter Teck am Freitag, 20. M\u00e4rz 2026 in die Eduard-M\u00f6rike-Mehrzweckhalle (Im R\u00fcbholz 1) im Kirchheimer Stadtteil \u00d6tlingen ein. Konzertbeginn ist um 19:30 Uhr, Einlass ab 19:00 Uhr.<\/p>\n<p style=\"text-align: justify;\">Das Ensemble mit Bernhard Veil (Klarinette), Dorothea Borth (Violoncello) und Bettina Heinz (Klavier) z\u00e4hlt seit seiner Gr\u00fcndung im Jahr 1992 zu den f\u00fchrenden Trios in dieser besonderen Besetzung. Charakteristisch f\u00fcr das TRIO CHALUMEAU sind das warme Timbre der Instrumente, ihre klangliche Verschmelzung sowie die leidenschaftliche Musikalit\u00e4t der drei K\u00fcnstler.<\/p>\n<p style=\"text-align: justify;\">K\u00fcnstlerische Impulse erhielt das Trio unter anderem durch die Zusammenarbeit mit Peter Buck vom Melos Quartett und dem Beaux Arts Trio, die den unverwechselbaren Interpretationsstil des Ensembles pr\u00e4gten.<\/p>\n<p style=\"text-align: justify;\">Im Mittelpunkt des Repertoires stehen Werke der klassisch-romantischen Kammermusik von Mozart, Beethoven und Brahms. Dar\u00fcber hinaus widmet sich das Trio immer wieder auch weniger bekannten Werken der Kammermusikliteratur. In den vergangenen Jahren sind zudem zahlreiche Kompositionen entstanden, die dem Ensemble gewidmet wurden und von ihm uraufgef\u00fchrt wurden.<\/p>\n<p style=\"text-align: justify;\">Das TRIO CHALUMEAU ist regelm\u00e4\u00dfig auf Konzertpodien in ganz Deutschland zu h\u00f6ren und war bereits bei renommierten Festivals wie dem Schleswig-Holstein Musikfestival, dem Oberstdorfer Musiksommer, dem Internationalen Bodenseefestival sowie auf Schloss Elmau zu Gast. Auch international, etwa in europ\u00e4ischen Nachbarl\u00e4ndern und in Japan, wurde das Ensemble von Publikum und Presse begeistert aufgenommen.<\/p>\n<p style=\"text-align: justify;\">Tickets sind im Vorverkauf bei der Kirchheim-Info, Max-Eyth-Stra\u00dfe 15, online \u00fcber Reservix sowie bei allen weiteren Reservix-Vorverkaufsstellen erh\u00e4ltlich. Die Eintrittspreise betragen 25 Euro (erm\u00e4\u00dfigt 22 Euro) in Kategorie 1 sowie 22 Euro (erm\u00e4\u00dfigt 18 Euro) in Kategorie 2. An der Abendkasse wird ein Zuschlag von 4 Euro erhoben.<\/p>\n<hr \/>\n<p style=\"text-align: justify;\">\n","protected":false},"excerpt":{"rendered":"<p>Kirchheim unter Teck.|\u00a0Zu einem Kammermusikkonzert mit dem TRIO CHALUMEAU l\u00e4dt der Kulturring Kirchheim unter Teck am Freitag, 20. M\u00e4rz 2026 in die Eduard-M\u00f6rike-Mehrzweckhalle (Im R\u00fcbholz 1) im Kirchheimer Stadtteil \u00d6tlingen ein. Konzertbeginn ist um 19:30 Uhr, Einlass ab 19:00 Uhr. Das Ensemble mit Bernhard Veil (Klarinette), Dorothea Borth (Violoncello) und Bettina Heinz (Klavier) z\u00e4hlt seit [&hellip;]<\/p>\n","protected":false},"author":4,"featured_media":0,"comment_status":"closed","ping_status":"open","sticky":false,"template":"","format":"standard","meta":{"inline_featured_image":false,"_exactmetrics_skip_tracking":false,"_exactmetrics_sitenote_active":false,"_exactmetrics_sitenote_note":"","_exactmetrics_sitenote_category":0,"footnotes":""},"categories":[14125],"tags":[14857,9939,18052,68],"class_list":{"0":"post-159794","1":"post","2":"type-post","3":"status-publish","4":"format-standard","6":"category-konzert","7":"tag-die-webzeitung","8":"tag-kammermusik","9":"tag-kirchheim-teck","10":"tag-online-zeitung"},"image_feature":null,"author_name":"Redaktion","pure_taxonomies":{"categories":[{"term_id":14125,"name":"Konzert","slug":"konzert","term_group":0,"term_taxonomy_id":1291,"taxonomy":"category","description":"","parent":2240,"count":1,"filter":"raw","image":""}],"tags":[{"term_id":14857,"name":"Die-Webzeitung","slug":"die-webzeitung","term_group":0,"term_taxonomy_id":14876,"taxonomy":"post_tag","description":"","parent":0,"count":3628,"filter":"raw","image":""},{"term_id":9939,"name":"Kammermusik","slug":"kammermusik","term_group":0,"term_taxonomy_id":9970,"taxonomy":"post_tag","description":"","parent":0,"count":1,"filter":"raw","image":""},{"term_id":18052,"name":"Kirchheim\/Teck","slug":"kirchheim-teck","term_group":0,"term_taxonomy_id":18071,"taxonomy":"post_tag","description":"","parent":0,"count":25,"filter":"raw","image":""},{"term_id":68,"name":"Online-Zeitung","slug":"online-zeitung","term_group":0,"term_taxonomy_id":69,"taxonomy":"post_tag","description":"","parent":0,"count":3598,"filter":"raw","image":""}]},"_links":{"self":[{"href":"https:\/\/die-webzeitung.de\/stuttgart\/wp-json\/wp\/v2\/posts\/159794","targetHints":{"allow":["GET"]}}],"collection":[{"href":"https:\/\/die-webzeitung.de\/stuttgart\/wp-json\/wp\/v2\/posts"}],"about":[{"href":"https:\/\/die-webzeitung.de\/stuttgart\/wp-json\/wp\/v2\/types\/post"}],"author":[{"embeddable":true,"href":"https:\/\/die-webzeitung.de\/stuttgart\/wp-json\/wp\/v2\/users\/4"}],"replies":[{"embeddable":true,"href":"https:\/\/die-webzeitung.de\/stuttgart\/wp-json\/wp\/v2\/comments?post=159794"}],"version-history":[{"count":1,"href":"https:\/\/die-webzeitung.de\/stuttgart\/wp-json\/wp\/v2\/posts\/159794\/revisions"}],"predecessor-version":[{"id":159795,"href":"https:\/\/die-webzeitung.de\/stuttgart\/wp-json\/wp\/v2\/posts\/159794\/revisions\/159795"}],"wp:attachment":[{"href":"https:\/\/die-webzeitung.de\/stuttgart\/wp-json\/wp\/v2\/media?parent=159794"}],"wp:term":[{"taxonomy":"category","embeddable":true,"href":"https:\/\/die-webzeitung.de\/stuttgart\/wp-json\/wp\/v2\/categories?post=159794"},{"taxonomy":"post_tag","embeddable":true,"href":"https:\/\/die-webzeitung.de\/stuttgart\/wp-json\/wp\/v2\/tags?post=159794"}],"curies":[{"name":"wp","href":"https:\/\/api.w.org\/{rel}","templated":true}]}}