{"id":159788,"date":"2026-03-12T11:29:23","date_gmt":"2026-03-12T10:29:23","guid":{"rendered":"https:\/\/die-webzeitung.de\/stuttgart\/?p=159788"},"modified":"2026-03-12T11:29:23","modified_gmt":"2026-03-12T10:29:23","slug":"fuerstlicher-glanz-im-kerzenschein-letzte-nachtfuehrungen-im-maerz","status":"publish","type":"post","link":"https:\/\/die-webzeitung.de\/stuttgart\/2026\/03\/12\/fuerstlicher-glanz-im-kerzenschein-letzte-nachtfuehrungen-im-maerz\/","title":{"rendered":"F\u00fcrstlicher Glanz im Kerzenschein: letzte Nachtf\u00fchrungen im M\u00e4rz"},"content":{"rendered":"<p class=\"SSGEinleitungstext\" style=\"margin-right: 49.55pt; text-align: justify;\">Stuttgart.| Wenn der Fr\u00fchling Einzug h\u00e4lt und die Tage wieder l\u00e4nger werden, endet die Saison der \u201eNachtf\u00fchrungen auf Schloss Solitude\u201c. Wer die herrschaftlichen R\u00e4ume jedoch noch einmal im Schein der Lampen und Laternen erleben m\u00f6chte, hat am Samstag, 21. M\u00e4rz, noch Gelegenheit dazu. Um 19.00 und 19.30 Uhr starten die letzten abendlichen Rundg\u00e4nge, die den G\u00e4sten die glanzvolle Vergangenheit des Schlosses in ungew\u00f6hnlichem Licht zeigen. F\u00fcr die Sonderf\u00fchrungen ist eine Anmeldung unter +49 (0) 711.351 47 72 oder an <a href=\"mailto:info@schloss-solitude.de\" target=\"_blank\" rel=\"noopener\">info@schloss-solitude.de<\/a> erforderlich.<\/p>\n<hr \/>\n<p class=\"SSGEinleitungstext\" style=\"margin-right: 49.55pt; text-align: justify;\">\n","protected":false},"excerpt":{"rendered":"<p>Stuttgart.| Wenn der Fr\u00fchling Einzug h\u00e4lt und die Tage wieder l\u00e4nger werden, endet die Saison der \u201eNachtf\u00fchrungen auf Schloss Solitude\u201c. Wer die herrschaftlichen R\u00e4ume jedoch noch einmal im Schein der Lampen und Laternen erleben m\u00f6chte, hat am Samstag, 21. M\u00e4rz, noch Gelegenheit dazu. Um 19.00 und 19.30 Uhr starten die letzten abendlichen Rundg\u00e4nge, die den [&hellip;]<\/p>\n","protected":false},"author":4,"featured_media":0,"comment_status":"closed","ping_status":"open","sticky":false,"template":"","format":"standard","meta":{"inline_featured_image":false,"_exactmetrics_skip_tracking":false,"_exactmetrics_sitenote_active":false,"_exactmetrics_sitenote_note":"","_exactmetrics_sitenote_category":0,"footnotes":""},"categories":[76],"tags":[14857,68,9069],"class_list":{"0":"post-159788","1":"post","2":"type-post","3":"status-publish","4":"format-standard","6":"category-fuhrung-vortrage","7":"tag-die-webzeitung","8":"tag-online-zeitung","9":"tag-solitude"},"image_feature":null,"author_name":"Redaktion","pure_taxonomies":{"categories":[{"term_id":76,"name":"F\u00fchrungen \/ Vortr\u00e4ge","slug":"fuhrung-vortrage","term_group":0,"term_taxonomy_id":77,"taxonomy":"category","description":"","parent":2240,"count":8,"filter":"raw","image":""}],"tags":[{"term_id":14857,"name":"Die-Webzeitung","slug":"die-webzeitung","term_group":0,"term_taxonomy_id":14876,"taxonomy":"post_tag","description":"","parent":0,"count":3628,"filter":"raw","image":""},{"term_id":68,"name":"Online-Zeitung","slug":"online-zeitung","term_group":0,"term_taxonomy_id":69,"taxonomy":"post_tag","description":"","parent":0,"count":3598,"filter":"raw","image":""},{"term_id":9069,"name":"Solitude","slug":"solitude","term_group":0,"term_taxonomy_id":9094,"taxonomy":"post_tag","description":"","parent":0,"count":3,"filter":"raw","image":""}]},"_links":{"self":[{"href":"https:\/\/die-webzeitung.de\/stuttgart\/wp-json\/wp\/v2\/posts\/159788","targetHints":{"allow":["GET"]}}],"collection":[{"href":"https:\/\/die-webzeitung.de\/stuttgart\/wp-json\/wp\/v2\/posts"}],"about":[{"href":"https:\/\/die-webzeitung.de\/stuttgart\/wp-json\/wp\/v2\/types\/post"}],"author":[{"embeddable":true,"href":"https:\/\/die-webzeitung.de\/stuttgart\/wp-json\/wp\/v2\/users\/4"}],"replies":[{"embeddable":true,"href":"https:\/\/die-webzeitung.de\/stuttgart\/wp-json\/wp\/v2\/comments?post=159788"}],"version-history":[{"count":1,"href":"https:\/\/die-webzeitung.de\/stuttgart\/wp-json\/wp\/v2\/posts\/159788\/revisions"}],"predecessor-version":[{"id":159789,"href":"https:\/\/die-webzeitung.de\/stuttgart\/wp-json\/wp\/v2\/posts\/159788\/revisions\/159789"}],"wp:attachment":[{"href":"https:\/\/die-webzeitung.de\/stuttgart\/wp-json\/wp\/v2\/media?parent=159788"}],"wp:term":[{"taxonomy":"category","embeddable":true,"href":"https:\/\/die-webzeitung.de\/stuttgart\/wp-json\/wp\/v2\/categories?post=159788"},{"taxonomy":"post_tag","embeddable":true,"href":"https:\/\/die-webzeitung.de\/stuttgart\/wp-json\/wp\/v2\/tags?post=159788"}],"curies":[{"name":"wp","href":"https:\/\/api.w.org\/{rel}","templated":true}]}}