{"id":159786,"date":"2026-03-11T17:30:29","date_gmt":"2026-03-11T16:30:29","guid":{"rendered":"https:\/\/die-webzeitung.de\/stuttgart\/?p=159786"},"modified":"2026-03-11T17:30:29","modified_gmt":"2026-03-11T16:30:29","slug":"stuttgart-startet-in-die-10-runde-des-stadtradeln","status":"publish","type":"post","link":"https:\/\/die-webzeitung.de\/stuttgart\/2026\/03\/11\/stuttgart-startet-in-die-10-runde-des-stadtradeln\/","title":{"rendered":"Stuttgart startet in die 10. Runde des STADTRADELN"},"content":{"rendered":"<h4 class=\"m_-878193535935883723mynewsHeadline\" style=\"text-align: justify;\"><strong>Jetzt anmelden und Kilometer sammeln<\/strong><\/h4>\n<p style=\"text-align: justify;\">Stuttgart.|\u00a0Stuttgart beteiligt sich vom 4. bis 24. Mai 2026 zum zehnten Mal an der bundesweiten Fahrradkampagne STADTRADELN. Ab Donnerstag, 12. M\u00e4rz, k\u00f6nnen sich B\u00fcrgerinnen und B\u00fcrger anmelden und im Aktionszeitraum m\u00f6glichst viele Wege mit dem Fahrrad zur\u00fccklegen \u2013 f\u00fcr klimafreundliche Mobilit\u00e4t und aktiven Klimaschutz.<\/p>\n<div>\n<p style=\"text-align: justify;\">Die Landeshauptstadt Stuttgart beteiligt sich vom 4. bis 24. Mai 2026 zum zehnten Mal an der bundesweiten Fahrradkampagne STADTRADELN. B\u00fcrgerinnen und B\u00fcrger k\u00f6nnen sich ab sofort anmelden und im Aktionszeitraum m\u00f6glichst viele Wege mit dem Fahrrad zur\u00fccklegen. Ziel ist es, gemeinsam ein Zeichen f\u00fcr klimafreundliche Mobilit\u00e4t zu setzen \u2013 und im Jubil\u00e4umsjahr neue Bestmarken bei Teilnehmenden und gefahrenen Kilometern zu erreichen.<\/p>\n<p style=\"text-align: justify;\">STADTRADELN ist mit mehr als 1,2 Millionen Teilnehmenden Deutschlands gr\u00f6\u00dfte Fahrradkampagne. Im vergangenen Jahr beteiligten sich \u00fcber 3.000 Kommunen \u2013 vom Bodensee bis zur Nordseek\u00fcste \u2013 an der bundesweiten Aktion, die vom Klima-B\u00fcndnis initiiert wird. Auch in Stuttgart w\u00e4chst das Interesse seit Jahren.<\/p>\n<p style=\"text-align: justify;\">Beim STADTRADELN geht es um mehr als um gesammelte Kilometer. Kommunen und Teilnehmende machen auf die Bedeutung umweltfreundlicher Mobilit\u00e4t und aktiven Klimaschutz aufmerksam. Gleichzeitig setzt die Kampagne Impulse f\u00fcr ein Umdenken im Verkehr und wirbt f\u00fcr den Ausbau einer modernen, sicheren und zukunftsf\u00e4higen Radinfrastruktur.<\/p>\n<p style=\"text-align: justify;\">Diesen treibt auch die Stadt Stuttgart weiter voran. \u201eWir arbeiten kontinuierlich an einer besseren Radinfrastruktur f\u00fcr Stuttgart\u201c, sagt Peter P\u00e4tzold, B\u00fcrgermeister f\u00fcr St\u00e4dtebau, Wohnen und Umwelt. \u201eNeue Fahrradstra\u00dfen, optimierte Wege und sp\u00fcrbare Verbesserungen im Radnetz machen das Radfahren in unserer Stadt Schritt f\u00fcr Schritt attraktiver, sicherer und komfortabler.\u201c<\/p>\n<p style=\"text-align: justify;\">Der B\u00fcrgermeister betont: \u201eF\u00fcr das Team der Stadtverwaltung f\u00e4hrt diesmal ein neues Gesicht vorneweg: Fahrradbotschafter Jonas Marwein wird in seiner Funktion Tempo f\u00fcr die St\u00e4rkung des Radverkehrs und den Austausch zwischen B\u00fcrgerschaft und Stadt machen.\u201c<\/p>\n<p style=\"text-align: justify;\">Dass viele Menschen in Stuttgart regelm\u00e4\u00dfig Rad fahren und die Aktion STADTRADELN nutzen, um auf ihre Bed\u00fcrfnisse aufmerksam zu machen, zeigt der Blick auf die Zahlen aus dem vergangenen Jahr. 9.397 Teilnehmende legten gemeinsam rund 1,9 Millionen Kilometer mit dem Fahrrad zur\u00fcck. F\u00fcr 2026 zeichnet sich bereits das n\u00e4chste Ziel ab: Erstmals k\u00f6nnten mehr als 10.000 Teilnehmende und \u00fcber zwei Millionen geradelte Kilometer erreicht werden.<\/p>\n<p style=\"text-align: justify;\">Innerhalb des dreiw\u00f6chigen Aktionszeitraums vom 4. bis 24. Mai 2026 legen die Teilnehmenden m\u00f6glichst viele Wege klimafreundlich mit dem Fahrrad zur\u00fcck. Die gefahrenen Kilometer werden online eingetragen und laufend ausgewertet. So l\u00e4sst sich verfolgen, welche Teams aktuell vorne liegen und welchen Platz Stuttgart im bundesweiten Vergleich der Kommunen erreicht.<\/p>\n<p style=\"text-align: justify;\">Wer am STADTRADELN Stuttgart 2026 teilnehmen m\u00f6chte, kann sich ab sofort unter <a href=\"http:\/\/www.stadtradeln.de\/stuttgart\" target=\"_blank\" rel=\"noopener\" data-saferedirecturl=\"https:\/\/www.google.com\/url?q=http:\/\/www.stadtradeln.de\/stuttgart&amp;source=gmail&amp;ust=1773321302177000&amp;usg=AOvVaw0eNtXzuPtBvcMtmCNAraiC\">www.stadtradeln.de\/stuttgart<\/a> registrieren. Teilnehmen k\u00f6nnen alle, die in Stuttgart wohnen, arbeiten, eine (Hoch-)Schule besuchen oder Mitglied in einem Verein sind. Es besteht die M\u00f6glichkeit, ein eigenes Team zu gr\u00fcnden oder sich einem bestehenden offenen Team anzuschlie\u00dfen.<\/p>\n<p style=\"text-align: justify;\">Im Rahmen des STADTRADELN findet auch in diesem Jahr wieder das Schulradeln in Baden-W\u00fcrttemberg statt. Dieser Sonderwettbewerb richtet sich an Schulen und zeichnet die fahrradaktivsten Schulen im Land aus. Das Schulradeln l\u00e4uft zeitgleich mit dem STADTRADELN, und alle gefahrenen Kilometer flie\u00dfen in die Gesamtwertung ein. Weitere Informationen gibt es unter <a href=\"https:\/\/www.stadtradeln.de\/schulradeln-bw\" target=\"_blank\" rel=\"noopener\" data-saferedirecturl=\"https:\/\/www.google.com\/url?q=https:\/\/www.stadtradeln.de\/schulradeln-bw&amp;source=gmail&amp;ust=1773321302177000&amp;usg=AOvVaw3arZOMhEUCFUErYcFYgzNg\">www.stadtradeln.de\/<wbr \/>schulradeln-bw<\/a>.<\/p>\n<hr \/>\n<p style=\"text-align: justify;\">\n<\/div>\n","protected":false},"excerpt":{"rendered":"<p>Jetzt anmelden und Kilometer sammeln Stuttgart.|\u00a0Stuttgart beteiligt sich vom 4. bis 24. Mai 2026 zum zehnten Mal an der bundesweiten Fahrradkampagne STADTRADELN. Ab Donnerstag, 12. M\u00e4rz, k\u00f6nnen sich B\u00fcrgerinnen und B\u00fcrger anmelden und im Aktionszeitraum m\u00f6glichst viele Wege mit dem Fahrrad zur\u00fccklegen \u2013 f\u00fcr klimafreundliche Mobilit\u00e4t und aktiven Klimaschutz. Die Landeshauptstadt Stuttgart beteiligt sich vom [&hellip;]<\/p>\n","protected":false},"author":4,"featured_media":155463,"comment_status":"closed","ping_status":"open","sticky":false,"template":"","format":"standard","meta":{"inline_featured_image":false,"_exactmetrics_skip_tracking":false,"_exactmetrics_sitenote_active":false,"_exactmetrics_sitenote_note":"","_exactmetrics_sitenote_category":0,"footnotes":""},"categories":[2239],"tags":[14857,68,7788,275],"class_list":{"0":"post-159786","1":"post","2":"type-post","3":"status-publish","4":"format-standard","5":"has-post-thumbnail","7":"category-stuttgart-lokal","8":"tag-die-webzeitung","9":"tag-online-zeitung","10":"tag-stadtradeln","11":"tag-stuttgart"},"image_feature":"https:\/\/die-webzeitung.de\/stuttgart\/wp-content\/uploads\/sites\/4\/2025\/03\/bike-8668956_1280-scaled.jpg","author_name":"Redaktion","pure_taxonomies":{"categories":[{"term_id":2239,"name":"Stuttgart","slug":"stuttgart-lokal","term_group":0,"term_taxonomy_id":2252,"taxonomy":"category","description":"Berichte und Informationen aus Stuttgart","parent":1433,"count":941,"filter":"raw","image":""}],"tags":[{"term_id":14857,"name":"Die-Webzeitung","slug":"die-webzeitung","term_group":0,"term_taxonomy_id":14876,"taxonomy":"post_tag","description":"","parent":0,"count":3623,"filter":"raw","image":""},{"term_id":68,"name":"Online-Zeitung","slug":"online-zeitung","term_group":0,"term_taxonomy_id":69,"taxonomy":"post_tag","description":"","parent":0,"count":3593,"filter":"raw","image":""},{"term_id":7788,"name":"Stadtradeln","slug":"stadtradeln","term_group":0,"term_taxonomy_id":7810,"taxonomy":"post_tag","description":"","parent":0,"count":12,"filter":"raw","image":""},{"term_id":275,"name":"Stuttgart","slug":"stuttgart","term_group":0,"term_taxonomy_id":281,"taxonomy":"post_tag","description":"","parent":0,"count":1194,"filter":"raw","image":""}]},"_links":{"self":[{"href":"https:\/\/die-webzeitung.de\/stuttgart\/wp-json\/wp\/v2\/posts\/159786","targetHints":{"allow":["GET"]}}],"collection":[{"href":"https:\/\/die-webzeitung.de\/stuttgart\/wp-json\/wp\/v2\/posts"}],"about":[{"href":"https:\/\/die-webzeitung.de\/stuttgart\/wp-json\/wp\/v2\/types\/post"}],"author":[{"embeddable":true,"href":"https:\/\/die-webzeitung.de\/stuttgart\/wp-json\/wp\/v2\/users\/4"}],"replies":[{"embeddable":true,"href":"https:\/\/die-webzeitung.de\/stuttgart\/wp-json\/wp\/v2\/comments?post=159786"}],"version-history":[{"count":1,"href":"https:\/\/die-webzeitung.de\/stuttgart\/wp-json\/wp\/v2\/posts\/159786\/revisions"}],"predecessor-version":[{"id":159787,"href":"https:\/\/die-webzeitung.de\/stuttgart\/wp-json\/wp\/v2\/posts\/159786\/revisions\/159787"}],"wp:featuredmedia":[{"embeddable":true,"href":"https:\/\/die-webzeitung.de\/stuttgart\/wp-json\/wp\/v2\/media\/155463"}],"wp:attachment":[{"href":"https:\/\/die-webzeitung.de\/stuttgart\/wp-json\/wp\/v2\/media?parent=159786"}],"wp:term":[{"taxonomy":"category","embeddable":true,"href":"https:\/\/die-webzeitung.de\/stuttgart\/wp-json\/wp\/v2\/categories?post=159786"},{"taxonomy":"post_tag","embeddable":true,"href":"https:\/\/die-webzeitung.de\/stuttgart\/wp-json\/wp\/v2\/tags?post=159786"}],"curies":[{"name":"wp","href":"https:\/\/api.w.org\/{rel}","templated":true}]}}