{"id":159773,"date":"2026-03-10T17:54:24","date_gmt":"2026-03-10T16:54:24","guid":{"rendered":"https:\/\/die-webzeitung.de\/stuttgart\/?p=159773"},"modified":"2026-03-10T17:54:24","modified_gmt":"2026-03-10T16:54:24","slug":"praktikum-bei-der-polizei-zwei-tage-voller-einblicke","status":"publish","type":"post","link":"https:\/\/die-webzeitung.de\/stuttgart\/2026\/03\/10\/praktikum-bei-der-polizei-zwei-tage-voller-einblicke\/","title":{"rendered":"Praktikum bei der Polizei &#8211; zwei Tage voller Einblicke"},"content":{"rendered":"<p style=\"text-align: justify;\">Stuttgart.|\u00a0Das Polizeipr\u00e4sidium Stuttgart bietet <strong>am Mittwoch und Donnerstag, 08. und 09. April 2026<\/strong>, erneut ein zweit\u00e4giges Praktikum f\u00fcr Erwachsene an, die sich f\u00fcr den Polizeiberuf interessieren.<\/p>\n<p style=\"text-align: justify;\">Die Teilnehmenden erhalten dabei einen praxisnahen Einblick in den Arbeitsalltag und lernen verschiedene Aufgabenbereiche der Polizei kennen. Am ersten Tag erwartet die Teilnehmenden eine Einf\u00fchrung in die polizeiliche Arbeit sowie ein Besuch im Polizeimuseum, bei dem ausgew\u00e4hlte Kriminalf\u00e4lle aus der Stuttgarter Polizeigeschichte vorgestellt werden.<\/p>\n<p style=\"text-align: justify;\">Der zweite Tag steht ganz im Zeichen der Praxis: In realit\u00e4tsnahen \u00dcbungsszenarien \u00fcbernehmen die Teilnehmenden selbst die Rolle von Polizeibeamtinnen und Polizeibeamten und erleben den Ablauf von Eins\u00e4tzen hautnah.<\/p>\n<p style=\"text-align: justify;\">Bewerben k\u00f6nnen sich Personen ab 18 Jahren, die k\u00f6rperlich geeignet sind, mindestens 150 cm gro\u00df sind, sich bislang noch nicht bei der Polizei Baden-W\u00fcrttemberg beworben haben und die allgemeinen Einstellungsvoraussetzungen erf\u00fcllen.<\/p>\n<p style=\"text-align: justify;\">Weitere Informationen sowie der Bewerbungsbogen sind abrufbar unter: <a class=\"uri-ext outbound\" href=\"https:\/\/sohub.io\/23cb\" target=\"_blank\" rel=\"noopener\">https:\/\/sohub.io\/23cb<\/a> . Die Bewerbung mit Bewerbungsbogen und Motivationsschreiben ist ab sofort per E-Mail an <a class=\"uri-mailto\" href=\"mailto: stuttgart.berufsinfo@polizei.bwl.de\"> stuttgart.berufsinfo@polizei.bwl.de<\/a> m\u00f6glich. Die Einstellungsberatung des Polizeipr\u00e4sidiums Stuttgart freut sich \u00fcber zahlreiche Bewerbungen.<\/p>\n<hr \/>\n<p style=\"text-align: justify;\">\n","protected":false},"excerpt":{"rendered":"<p>Stuttgart.|\u00a0Das Polizeipr\u00e4sidium Stuttgart bietet am Mittwoch und Donnerstag, 08. und 09. April 2026, erneut ein zweit\u00e4giges Praktikum f\u00fcr Erwachsene an, die sich f\u00fcr den Polizeiberuf interessieren. Die Teilnehmenden erhalten dabei einen praxisnahen Einblick in den Arbeitsalltag und lernen verschiedene Aufgabenbereiche der Polizei kennen. Am ersten Tag erwartet die Teilnehmenden eine Einf\u00fchrung in die polizeiliche Arbeit [&hellip;]<\/p>\n","protected":false},"author":4,"featured_media":151511,"comment_status":"closed","ping_status":"open","sticky":false,"template":"","format":"standard","meta":{"inline_featured_image":false,"_exactmetrics_skip_tracking":false,"_exactmetrics_sitenote_active":false,"_exactmetrics_sitenote_note":"","_exactmetrics_sitenote_category":0,"footnotes":""},"categories":[2239],"tags":[14857,68,205,6725,275],"class_list":{"0":"post-159773","1":"post","2":"type-post","3":"status-publish","4":"format-standard","5":"has-post-thumbnail","7":"category-stuttgart-lokal","8":"tag-die-webzeitung","9":"tag-online-zeitung","10":"tag-polizei","11":"tag-praktikum","12":"tag-stuttgart"},"image_feature":"https:\/\/die-webzeitung.de\/stuttgart\/wp-content\/uploads\/sites\/4\/2023\/11\/police-378255_1280-scaled.jpg","author_name":"Redaktion","pure_taxonomies":{"categories":[{"term_id":2239,"name":"Stuttgart","slug":"stuttgart-lokal","term_group":0,"term_taxonomy_id":2252,"taxonomy":"category","description":"Berichte und Informationen aus Stuttgart","parent":1433,"count":942,"filter":"raw","image":""}],"tags":[{"term_id":14857,"name":"Die-Webzeitung","slug":"die-webzeitung","term_group":0,"term_taxonomy_id":14876,"taxonomy":"post_tag","description":"","parent":0,"count":3625,"filter":"raw","image":""},{"term_id":68,"name":"Online-Zeitung","slug":"online-zeitung","term_group":0,"term_taxonomy_id":69,"taxonomy":"post_tag","description":"","parent":0,"count":3595,"filter":"raw","image":""},{"term_id":205,"name":"Polizei","slug":"polizei","term_group":0,"term_taxonomy_id":208,"taxonomy":"post_tag","description":"","parent":0,"count":277,"filter":"raw","image":""},{"term_id":6725,"name":"Praktikum","slug":"praktikum","term_group":0,"term_taxonomy_id":6747,"taxonomy":"post_tag","description":"","parent":0,"count":1,"filter":"raw","image":""},{"term_id":275,"name":"Stuttgart","slug":"stuttgart","term_group":0,"term_taxonomy_id":281,"taxonomy":"post_tag","description":"","parent":0,"count":1195,"filter":"raw","image":""}]},"_links":{"self":[{"href":"https:\/\/die-webzeitung.de\/stuttgart\/wp-json\/wp\/v2\/posts\/159773","targetHints":{"allow":["GET"]}}],"collection":[{"href":"https:\/\/die-webzeitung.de\/stuttgart\/wp-json\/wp\/v2\/posts"}],"about":[{"href":"https:\/\/die-webzeitung.de\/stuttgart\/wp-json\/wp\/v2\/types\/post"}],"author":[{"embeddable":true,"href":"https:\/\/die-webzeitung.de\/stuttgart\/wp-json\/wp\/v2\/users\/4"}],"replies":[{"embeddable":true,"href":"https:\/\/die-webzeitung.de\/stuttgart\/wp-json\/wp\/v2\/comments?post=159773"}],"version-history":[{"count":1,"href":"https:\/\/die-webzeitung.de\/stuttgart\/wp-json\/wp\/v2\/posts\/159773\/revisions"}],"predecessor-version":[{"id":159774,"href":"https:\/\/die-webzeitung.de\/stuttgart\/wp-json\/wp\/v2\/posts\/159773\/revisions\/159774"}],"wp:featuredmedia":[{"embeddable":true,"href":"https:\/\/die-webzeitung.de\/stuttgart\/wp-json\/wp\/v2\/media\/151511"}],"wp:attachment":[{"href":"https:\/\/die-webzeitung.de\/stuttgart\/wp-json\/wp\/v2\/media?parent=159773"}],"wp:term":[{"taxonomy":"category","embeddable":true,"href":"https:\/\/die-webzeitung.de\/stuttgart\/wp-json\/wp\/v2\/categories?post=159773"},{"taxonomy":"post_tag","embeddable":true,"href":"https:\/\/die-webzeitung.de\/stuttgart\/wp-json\/wp\/v2\/tags?post=159773"}],"curies":[{"name":"wp","href":"https:\/\/api.w.org\/{rel}","templated":true}]}}