{"id":159768,"date":"2026-03-10T14:10:16","date_gmt":"2026-03-10T13:10:16","guid":{"rendered":"https:\/\/die-webzeitung.de\/stuttgart\/?p=159768"},"modified":"2026-03-10T14:10:16","modified_gmt":"2026-03-10T13:10:16","slug":"copdays-2026-fuer-den-landkreis-esslingen","status":"publish","type":"post","link":"https:\/\/die-webzeitung.de\/stuttgart\/2026\/03\/10\/copdays-2026-fuer-den-landkreis-esslingen\/","title":{"rendered":"COPDAYS 2026 f\u00fcr den Landkreis Esslingen"},"content":{"rendered":"<h4 style=\"text-align: justify;\"><strong>Polizeischau f\u00fcr alle am 09. und 10. April 2026<\/strong><\/h4>\n<p style=\"text-align: justify;\">Esslingen.| Auch dieses Jahr finden wieder die COPDAYS, das beliebte, zweit\u00e4gige Erlebnispraktikum f\u00fcr junge Berufsinteressenten, in Esslingen statt.<\/p>\n<p style=\"text-align: justify;\">Von den 36 Pl\u00e4tzen sind nur noch wenige verf\u00fcgbar, jedoch findet am zweiten Tag der Veranstaltung von 13.30 Uhr bis 15.30 Uhr eine Polizeischau statt, bei der sich viele verschiedene Einheiten der Polizei vorstellen. Die Schau ist f\u00fcr alle Interessierten ge\u00f6ffnet, eine Anmeldung ist hier nicht notwendig. Auch Eltern, Geschwister, Gro\u00dfeltern und Freunde sind herzlich eingeladen!<\/p>\n<p style=\"text-align: justify;\">Diejenigen, die einen der hei\u00df begehrten Pl\u00e4tze ergattern konnten, haben Mitte April im Sportpark Weil die M\u00f6glichkeit, die Aufgaben der Polizistinnen und Polizisten des Polizeipr\u00e4sidiums Reutlingen, sowie des Polizeipr\u00e4sidiums Einsatz hautnah zu erleben und dabei sogar selbst aktiv zu werden. Es wartet ein facettenreiches Programm auf die Teilnehmenden, mit dem die Vielfalt des abwechslungsreichen Berufs bei der Landespolizei vorgestellt wird und bei dem das Mitmachen im Mittelpunkt steht.<\/p>\n<p style=\"text-align: justify;\">Welche Aufgaben warten im Polizeialltag? Wie sieht ein Streifenwagen von innen aus? Was k\u00f6nnen unsere Polizeihunde? Wie arbeitet eigentlich die Kriminaltechnik? Wieso hat die Polizei Drohnen und was sieht man alles, wenn man beim Polizeipr\u00e4sidium Einsatz arbeitet? Diese und noch viele weitere Fragen werden in entspannter Atmosph\u00e4re von erfahrenen Polizistinnen und Polizisten beantwortet. Aber auch Beamtinnen und Beamte, die gerade in Ausbildung sind, berichten von ihren Eindr\u00fccken. Interessante, praktische Vorf\u00fchrungen und Erste-Hilfe-Training geh\u00f6ren ebenfalls zum Programm. Weil zum Polizeiberuf auch eine gewisse Fitness geh\u00f6rt, stehen an beiden Tagen Dienstsport, Einsatztraining und der COPDAYS-Parcours gemeinsam mit unseren Kolleginnen und Kollegen auf dem Plan.<\/p>\n<p style=\"text-align: justify;\">Wer teilnehmen m\u00f6chte, kann sich noch bis zum 23.03.26 mit einem Motivationsschreiben, einem tabellarischen Lebenslauf mit aktuellem Foto und einem Scan eines Schul- oder Abschlusszeugnisses per E-Mail an <a class=\"uri-mailto\" href=\"mailto: reutlingen.berufsinfo@polizei.bwl.de\" target=\"_blank\" rel=\"noopener\">reutlingen.berufsinfo@polizei.bwl.de<\/a> bewerben. F\u00fcr eine Teilnahme wird eine gewisse Fitness und k\u00f6rperliche Belastbarkeit vorausgesetzt, \u00fcber die auch in der Bewerbung Angaben gemacht werden k\u00f6nnen. Zus\u00e4tzlich kann, sofern vorhanden, ein Sport- oder Schwimmabzeichen beigef\u00fcgt werden.<\/p>\n<p style=\"text-align: justify;\">Und wieder gilt: Wer dieses Mal keinen Platz f\u00fcr die COPDAYS in Esslingen mehr bekommen hat, muss nicht lange warten, denn es sind bereits die n\u00e4chsten COPDAYS in Planung.<\/p>\n<p style=\"text-align: justify;\">Die Veranstaltungen richten sich an alle jungen Erwachsenen und Jugendlichen, die herausfinden wollen, ob der Polizeiberuf zu ihnen passt. Auch potentielle Berufswechsler sind willkommen. Eine Teilnahme ist ab dem vollendeten 14. Lebensjahr bis zum jungen Erwachsenenalter m\u00f6glich. Mitmachen kann, wer in den Landkreisen Esslingen, Reutlingen, T\u00fcbingen oder im Zollernalbkreis wohnt, auf dem Weg zur Mittleren Reife, Fachhochschulreife oder zum Abitur ist oder bereits einen solchen Abschluss hat.<\/p>\n<p style=\"text-align: justify;\">F\u00fcr alle Fragen rund um den Polizeiberuf stehen unsere Einstellungsberater Benjamin Seidt und Markus Ebert unter 0711\/3990-298 oder -299 jederzeit gerne zur Verf\u00fcgung. Auf unserer Karriereseite <a class=\"uri-ext outbound\" href=\"https:\/\/www.karriere-polizei-bw.de\" target=\"_blank\" rel=\"noopener\">www.karriere-polizei-bw.de<\/a> gibt es ebenfalls Informationen rund ums Thema.<\/p>\n<hr \/>\n<p style=\"text-align: justify;\">\n","protected":false},"excerpt":{"rendered":"<p>Polizeischau f\u00fcr alle am 09. und 10. April 2026 Esslingen.| Auch dieses Jahr finden wieder die COPDAYS, das beliebte, zweit\u00e4gige Erlebnispraktikum f\u00fcr junge Berufsinteressenten, in Esslingen statt. Von den 36 Pl\u00e4tzen sind nur noch wenige verf\u00fcgbar, jedoch findet am zweiten Tag der Veranstaltung von 13.30 Uhr bis 15.30 Uhr eine Polizeischau statt, bei der sich [&hellip;]<\/p>\n","protected":false},"author":4,"featured_media":152701,"comment_status":"closed","ping_status":"open","sticky":false,"template":"","format":"standard","meta":{"inline_featured_image":false,"_exactmetrics_skip_tracking":false,"_exactmetrics_sitenote_active":false,"_exactmetrics_sitenote_note":"","_exactmetrics_sitenote_category":0,"footnotes":""},"categories":[59,2247],"tags":[18254,14857,14440,68,205],"class_list":{"0":"post-159768","1":"post","2":"type-post","3":"status-publish","4":"format-standard","5":"has-post-thumbnail","7":"category-aktuell","8":"category-kreis-esslingen","9":"tag-copdays","10":"tag-die-webzeitung","11":"tag-esslingen","12":"tag-online-zeitung","13":"tag-polizei"},"image_feature":"https:\/\/die-webzeitung.de\/stuttgart\/wp-content\/uploads\/sites\/4\/2024\/04\/csm_Polizei_Hubschrauber_Fuenfblaettrig_LPOBW_2434x1310_6f5121b427.jpg","author_name":"Redaktion","pure_taxonomies":{"categories":[{"term_id":59,"name":"Aktuell","slug":"aktuell","term_group":0,"term_taxonomy_id":60,"taxonomy":"category","description":"","parent":0,"count":1017,"filter":"raw","image":""},{"term_id":2247,"name":"Kreis Esslingen","slug":"kreis-esslingen","term_group":0,"term_taxonomy_id":2260,"taxonomy":"category","description":"Informationen aus dem Landkreis Esslingen","parent":171,"count":213,"filter":"raw","image":""}],"tags":[{"term_id":18254,"name":"Copdays","slug":"copdays","term_group":0,"term_taxonomy_id":18273,"taxonomy":"post_tag","description":"","parent":0,"count":1,"filter":"raw","image":""},{"term_id":14857,"name":"Die-Webzeitung","slug":"die-webzeitung","term_group":0,"term_taxonomy_id":14876,"taxonomy":"post_tag","description":"","parent":0,"count":3616,"filter":"raw","image":""},{"term_id":14440,"name":"Esslingen","slug":"esslingen","term_group":0,"term_taxonomy_id":3885,"taxonomy":"post_tag","description":"","parent":0,"count":201,"filter":"raw","image":""},{"term_id":68,"name":"Online-Zeitung","slug":"online-zeitung","term_group":0,"term_taxonomy_id":69,"taxonomy":"post_tag","description":"","parent":0,"count":3586,"filter":"raw","image":""},{"term_id":205,"name":"Polizei","slug":"polizei","term_group":0,"term_taxonomy_id":208,"taxonomy":"post_tag","description":"","parent":0,"count":274,"filter":"raw","image":""}]},"_links":{"self":[{"href":"https:\/\/die-webzeitung.de\/stuttgart\/wp-json\/wp\/v2\/posts\/159768","targetHints":{"allow":["GET"]}}],"collection":[{"href":"https:\/\/die-webzeitung.de\/stuttgart\/wp-json\/wp\/v2\/posts"}],"about":[{"href":"https:\/\/die-webzeitung.de\/stuttgart\/wp-json\/wp\/v2\/types\/post"}],"author":[{"embeddable":true,"href":"https:\/\/die-webzeitung.de\/stuttgart\/wp-json\/wp\/v2\/users\/4"}],"replies":[{"embeddable":true,"href":"https:\/\/die-webzeitung.de\/stuttgart\/wp-json\/wp\/v2\/comments?post=159768"}],"version-history":[{"count":1,"href":"https:\/\/die-webzeitung.de\/stuttgart\/wp-json\/wp\/v2\/posts\/159768\/revisions"}],"predecessor-version":[{"id":159769,"href":"https:\/\/die-webzeitung.de\/stuttgart\/wp-json\/wp\/v2\/posts\/159768\/revisions\/159769"}],"wp:featuredmedia":[{"embeddable":true,"href":"https:\/\/die-webzeitung.de\/stuttgart\/wp-json\/wp\/v2\/media\/152701"}],"wp:attachment":[{"href":"https:\/\/die-webzeitung.de\/stuttgart\/wp-json\/wp\/v2\/media?parent=159768"}],"wp:term":[{"taxonomy":"category","embeddable":true,"href":"https:\/\/die-webzeitung.de\/stuttgart\/wp-json\/wp\/v2\/categories?post=159768"},{"taxonomy":"post_tag","embeddable":true,"href":"https:\/\/die-webzeitung.de\/stuttgart\/wp-json\/wp\/v2\/tags?post=159768"}],"curies":[{"name":"wp","href":"https:\/\/api.w.org\/{rel}","templated":true}]}}