{"id":159743,"date":"2026-03-09T14:10:20","date_gmt":"2026-03-09T13:10:20","guid":{"rendered":"https:\/\/die-webzeitung.de\/stuttgart\/?p=159743"},"modified":"2026-03-15T11:08:26","modified_gmt":"2026-03-15T10:08:26","slug":"polizei-report-stuttgart-woche-11","status":"publish","type":"post","link":"https:\/\/die-webzeitung.de\/stuttgart\/2026\/03\/09\/polizei-report-stuttgart-woche-11\/","title":{"rendered":"Polizei-Report Stuttgart | Woche 11"},"content":{"rendered":"<p><em>Quelle: ots<\/em><\/p>\n<p style=\"text-align: justify;\"><strong>Stuttgart-Ost: Fu\u00dfg\u00e4ngerin von Auto erfasst und schwer verletzt &#8211; Zeugen gesucht<\/strong><br \/>\nEin 76 Jahre alter Mann hat am Freitag (13.03.2026) mit seinem Renault auf der Ostendstra\u00dfe eine 84 Jahre alte Fu\u00dfg\u00e4ngerin erfasst. Der 76-J\u00e4hrige befuhr gegen 12.45 Uhr die Ostendstra\u00dfe in Richtung Landhausstra\u00dfe und wendete auf H\u00f6he der Ro\u00dfbergstra\u00dfe um wieder in Richtung Talstra\u00dfe zu fahren. Hierbei wurde die 84-J\u00e4hrige vom Pkw erfasst, als sie die Ostendstra\u00dfe \u00fcberqueren wollte. Die Fu\u00dfg\u00e4ngerin st\u00fcrzte zu Boden und verletzte sich schwer. Rettungskr\u00e4fte versorgten die Frau und brachten sie in ein Krankenhaus. Zeugen werden gebeten, sich unter der Rufnummer +4971189904100 bei der Verkehrspolizei zu melden.<\/p>\n<p style=\"text-align: justify;\"><strong>Stuttgart-S\u00fcd: Unbekannter schl\u00e4gt Autoscheiben ein &#8211; Zeugen gesucht<\/strong><br \/>\nEin unbekannter T\u00e4ter hat in der Nacht zum Freitag (12.03.2026 bis 13.03.2026) in der Hohenzollernstra\u00dfe mehrere geparkte Fahrzeuge besch\u00e4digt und durchsucht. Die Polizei sucht Zeugen. Der T\u00e4ter schlug zwischen 22.30 Uhr und 08.00 Uhr an zwei geparkten Fahrzeugen die Seitenscheiben ein und durchsuchte anschlie\u00dfend die Innenr\u00e4ume nach Wertsachen. Bei einem dritten Fahrzeug versuchte er ebenfalls zweimal die Seitenscheibe einzuschlagen, scheiterte jedoch daran. Nach bisherigen Erkenntnissen erbeutete der T\u00e4ter aus der Mittelkonsole eines Fahrzeugs ein Multitool. Zudem warf er einen Rucksack mit Kletterausr\u00fcstung aus einem Fahrzeug auf ein benachbartes Grundst\u00fcck. Zeugen werden gebeten, sich unter der Rufnummer +49 711 8990-3300 beim Polizeirevier 3 Gutenbergstra\u00dfe zu melden.<\/p>\n<p style=\"text-align: justify;\"><strong>Stuttgart-Bad Cannstatt: Fanm\u00fctze geraubt &#8211; Zeugen gesucht<\/strong><br \/>\nEin Unbekannter hat am Donnerstag (12.03.2026) vor einer Gastst\u00e4tte an der Mercedesstra\u00dfe die Fanm\u00fctze eines 28-j\u00e4hrigen Mannes geraubt. Der 28-J\u00e4hrige befand sich gegen 17.30 Uhr an den Treppen der Gastst\u00e4tte, als der Unbekannte ihm die M\u00fctze vom Kopf riss und anschlie\u00dfend mit zwei weiteren Unbekannten in Richtung eines Hotels an der Mercedesstra\u00dfe fl\u00fcchtete. Der 28-J\u00e4hrige rannte dem T\u00e4ter hinterher und forderte ihn auf, ihm seine M\u00fctze wiederzugeben. Es folgte ein Gerangel, bei dem ein Mann den 28-J\u00e4hrigen w\u00fcrgte und eine dritte Person den 28-J\u00e4hrigen schubste. Anschlie\u00dfend fl\u00fcchteten die T\u00e4ter und der 28-J\u00e4hrige, der sich leichte Verletzungen zuzog, sprach Polizeibeamte an. Eine eingeleitete Fahndung verlief ergebnislos. Einer der Unbekannten war zirka 20 bis 30 Jahre alt und zwischen etwa 175 und 180 Zentimeter gro\u00df. Er hatte blonde Haare, die an den Seiten rasiert waren. Bekleidet war er mit einer weinroten Jacke, dunklen Hose und wei\u00dfen Turnschuhen. Zeugen werden gebeten, sich unter der Rufnummer +4971189905778 bei der Kriminalpolizei zu melden.<\/p>\n<p style=\"text-align: justify;\"><strong>Stuttgart-Weilimdorf: Einbr\u00fcche in Stuttgart &#8211; Zeugen gesucht<\/strong><br \/>\nUnbekannte sind am Mittwoch (11.03.2026) in Mehrfamilienh\u00e4user an der Engelbergstra\u00dfe und an der Lindensp\u00fcrstra\u00dfe eingebrochen. In der Engelbergstra\u00dfe hebelten die T\u00e4ter zwischen 16:00 Uhr und 23:00 Uhr die Terrassent\u00fcr auf und gelangten so in das Wohnzimmer. Sie durchsuchten s\u00e4mtliche R\u00e4ume und entwendeten mehrere tausend Euro Bargeld. In der Lindensp\u00fcrstra\u00dfe gelangten die T\u00e4ter zwischen 08:00 Uhr und 22:00 Uhr durch Aufhebeln der Wohnungst\u00fcre in die Wohnung und entwendeten hochwertigen Schmuck. Zeugen werden gebeten, sich unter der Rufnummer +4971189905778 bei der Kriminalpolizei zu melden.<\/p>\n<p style=\"text-align: justify;\"><strong>Stuttgart-West: Gegen geparktes Auto gefahren &#8211; Zeugen gesucht<\/strong><br \/>\nEin unbekannter Autofahrer ist am Mittwoch (11.03.2026) in der Marienstra\u00dfe gegen ein geparktes Auto und anschlie\u00dfend davongefahren, ohne sich um die Schadensregulierung zu k\u00fcmmern. Der Unbekannte fuhr zwischen 20.00 Uhr und 21.50 Uhr, vermutlich mit einem Renault in der Marienstra\u00dfe. Auf H\u00f6he der Hausnummer 46 streifte er einen am Stra\u00dfenrand abgestellten Ford. Der unbekannte fuhr anschlie\u00dfend weiter. Am Ford entstand ein Sachschaden von rund 2000 Euro. Zeugen werden gebeten, sich unter der Rufnummer +4971189903300 Polizeirevier 3 Gutenbergstra\u00dfe zu melden.<\/p>\n<p style=\"text-align: justify;\"><strong>Stuttgart-Mitte: Festnahme nach Rauschgifthandel &#8211; Haftrichtervorf\u00fchrung<\/strong><br \/>\nPolizeibeamte haben am Freitagnachmittag (06.03.2026) nach einem Rauschgifthandel im Leonhardsviertel drei Tatverd\u00e4chtige festgenommen. Eine 23-j\u00e4hrige und ein 33-j\u00e4hrige Bulgare sowie ein 33-j\u00e4hriger irakischer Tatverd\u00e4chtigter verkauften an einen zivilen Polizeibeamten Rauschgift im Wert von 120 Euro. Die Beamten nahmen alle Tatverd\u00e4chtigen noch vor Ort festnehmen. Sie wurden am Samstag (07.03.2026) auf Antrag der Staatsanwaltschaft Stuttgart einem Haftrichter vorgef\u00fchrt.<\/p>\n<p style=\"text-align: justify;\"><strong>Stuttgart-Mitte: Mann gegen Kopf geschlagen &#8211; Zeugen gesucht<\/strong><br \/>\nAm Freitagabend (06.03.2026) ist ein 43 Jahre alter Mann bei einem \u00dcberfall in der Lautenschlagerstra\u00dfe verletzt worden. Der Gesch\u00e4digte war gegen 21.15 Uhr gerade dabei, sein Fahrradschloss zu \u00f6ffnen, als er von einem unbekannten T\u00e4ter von hinten auf den Kopf geschlagen wurde. Durch den Schlag wurde der Mann stark benommen und war offenbar kurz davor, das Bewusstsein zu verlieren. Der T\u00e4ter wird wie folgt beschrieben: m\u00e4nnlich, etwa 18 Jahre alt, ca. 170 cm gro\u00df, lange schwarze Haare, schwarze Kleidung. Begleitet wurde er von einer m\u00e4nnlichen Person, ebenfalls etwa 18 Jahre alt, kurze schwarze Haare, schwarze Kleidung. Laut Angaben des Gesch\u00e4digten sa\u00dfen zum Tatzeitpunkt zwei Frauen auf der Terrasse eines angrenzenden Restaurants, die den Vorfall m\u00f6glicherweise beobachtet haben. Die Polizei bittet Zeugen, sich unter der Telefonnummer +497118990-3100 beim Polizeirevier 1 Theodor-Heuss-Stra\u00dfe zu melden.<\/p>\n<p style=\"text-align: justify;\"><strong>Stuttgart-Nord: Zwei Frauen von Exhibitionist bel\u00e4stigt &#8211; Zeugen gesucht<\/strong><br \/>\nEin unbekannter Mann hat sich am Dienstagabend (10.03.2026) auf der L\u00f6wentorbr\u00fccke vor zwei Frauen entbl\u00f6\u00dft. Der unbekannte Mann stand gegen 19.50 Uhr auf der Rampe kurz vor der Haltestelle, hatte die Hose heruntergelassen und manipulierte an seinem erigierten Glied. Zwei Frauen wandten sich dann an einen 45 Jahre alten Passanten. Als dieser den unbekannten Mann darauf ansprach, zog dieser seine Hose hoch, holte ein kleines Messer hervor und ging dann, ohne den Mann zu bedrohen, zur Haltestelle und stieg um 19.53 Uhr in die U6 in Richtung Zuffenhausen ein. Die beiden Frauen entfernten sich, bevor die Polizei eintraf. Der T\u00e4ter war etwa 185 bis 190 Zentimeter gro\u00df, zwischen 45 und 55 Jahre alt und schlank. Er trug zum Tatzeitpunkt ein rotes Shirt, eine schwarze Jogginghose, eine schwarze Winterjacke und wei\u00dfe Schuhe. Um den Kopf hatte er einen Schlauchschal gewickelt. Zudem f\u00fchrte er zwei blaue Kr\u00fccken mit sich, war aber gut zu Fu\u00df. Er sprach akzentfreies Deutsch und wirkte ungepflegt. Zeugen und die beiden Frauen werden gebeten, sich unter der Rufnummer +4971189903300 beim Polizeirevier 3, Gutenbergstra\u00dfe zu melden.<\/p>\n<p style=\"text-align: justify;\"><strong>Stuttgart-Vaihingen: Motorradfahrerin bei Verkehrsunfall schwer verletzt- Zeugen gesucht<\/strong><br \/>\nEine 68 Jahre alte Motorradfahrerin hat sich am Dienstagabend (10.03.2026) bei einem Verkehrsunfall auf der Bundesstra\u00dfe 14 schwere Verletzungen zugezogen. Die 68-J\u00e4hrige war gegen 17.00 Uhr auf der B14 vom Schattenring kommend in Richtung Stuttgart-Vaihingen unterwegs. Nach bisherigen Erkenntnissen fuhr sie aus bislang noch ungekl\u00e4rter Ursache auf den vorausfahrenden Ford einer 56-J\u00e4hrigen auf, geriet ins Schleudern und st\u00fcrzte. Die 68-J\u00e4hrige erlitt schwere Verletzungen und wurde vom Rettungsdienst in ein Krankenhaus gebracht. Lebensgefahr bestand nach aktuellem Stand nicht. W\u00e4hrend der Unfallaufnahme kam es rund um den Schattenring zu erheblichen Verkehrsbeeintr\u00e4chtigungen. Die B14 in Fahrtrichtung Vaihingen musste kurzzeitig voll gesperrt werden. Polizeibeamte regelten den Verkehr. Der entstandene Sachschaden bel\u00e4uft sich nach ersten Sch\u00e4tzungen auf rund 20.000 Euro. Beide Fahrzeuge mussten abgeschleppt werden. Zeugenhinweise nehmen die Beamtinnen und Beamten der Verkehrspolizei unter der Rufnummer 071189904100 entgegen.<\/p>\n<p style=\"text-align: justify;\"><strong>Stuttgart-Nord: Mann nach Angriff auf Polizeibeamten festgenommen -Zeugen und Gesch\u00e4digte nach exhibitionistischen Handlungen gesucht<\/strong><br \/>\nPolizeibeamte haben am Montagmittag (09.03.2026) am Pragsattel einen 36 Jahre alten Mann in Gewahrsam genommen, der sich zuvor vor Passanten entbl\u00f6\u00dft haben soll. Der 36-j\u00e4hrige Tatverd\u00e4chtige hielt sich gegen 13.30 Uhr an der Bushaltestelle auf und soll dort sein Glied in Richtung mehrerer Passanten gezeigt haben. Unter den Anwesenden befanden sich auch Kinder einer Kindergartengruppe. Beim Eintreffen der alarmierten Polizeibeamten soll sich der Mann erneut entbl\u00f6\u00dft und sich zudem aggressiv gegen\u00fcber den Einsatzkr\u00e4ften verhalten haben, weshalb er in Gewahrsam genommen wurde. In den R\u00e4umlichkeiten des Polizeipr\u00e4sidiums Stuttgart in der Hahnemannsta\u00dfe sollte der Mann durchsucht werden. Hiergegen soll er sich massiv zur Wehr gesetzt und in Richtung mehrerer Polizeibeamter getreten haben. Zudem soll er einen Polizeibeamten beleidigt und diesen in das Gesicht gespuckt und geschlagen haben Der Polizeibeamte wurde leicht verletzt. Die Beamten nahmen den 36-J\u00e4hrigen daraufhin fest. Der syrische Tatverd\u00e4chtige wird im Laufe des Dienstags (10.03.2026) auf Antrag der Staatsanwaltschaft Stuttgart einem Haftrichter vorgef\u00fchrt. Zeugen sowie Gesch\u00e4digte werden gebeten, sich bei der Kriminalpolizei unter der Rufnummer 07118990-5778 zu melden.<\/p>\n<p style=\"text-align: justify;\"><strong>Stuttgart-Vaihingen: Radfahrer attackiert und von Fahrrad gesto\u00dfen &#8211; Zeugen gesucht<\/strong><br \/>\nEin bislang unbekannter Fahrradfahrer hat am Donnerstagvormittag (05.02.2026) auf einem Feldweg zwischen der Vaihinger Stra\u00dfe und einer Kleingartenanlage beim Wohngebiet Probstsee einen 55 Jahre alten Radfahrer angegriffen. Der Unbekannte kam gegen 10.00 Uhr dem 55-J\u00e4hrigen zun\u00e4chst auf dem Feldweg entgegen, wendete anschlie\u00dfend und verfolgte den Mann. Dabei beschimpfte und beleidigte er ihn. Kurz darauf warf der T\u00e4ter einen Einwegkaffeebecher nach dem Radfahrer, wodurch dessen wei\u00dfe Sommerjacke beschmutzt wurde. Anschlie\u00dfend stie\u00df er den 55-J\u00e4hrigen w\u00e4hrend der Fahrt von dessen Mountainbike, sodass dieser st\u00fcrzte und leicht verletzt wurde. Der Gesch\u00e4digte kam auf dem begr\u00fcnten Seitenstreifen zum Liegen. Als er wieder aufstand, war der T\u00e4ter bereits gefl\u00fcchtet. Der Unbekannte wird als etwa 25 bis 40 Jahre alt beschrieben. Er trug dunkle Kleidung sowie eine Sonnenbrille und war ohne Gep\u00e4ck unterwegs. Zeugin des Vorfalls war eine Frau mit einem gro\u00dfen wei\u00dfen Hund. Zeugen, insbesondere die bislang unbekannte Frau mit dem Hund, werden gebeten, sich unter der Rufnummer +49 711 8990-3400 beim Polizeirevier 4 Balinger Stra\u00dfe zu melden.<\/p>\n<p style=\"text-align: justify;\"><strong>Stuttgart-Stadtgebiet: Polizeieinsatz anl\u00e4sslich der Landtagswahl Baden-W\u00fcrttemberg und mehrerer Versammlungen im Stadtgebiet<\/strong><br \/>\nDie Polizei war am Sonntag anl\u00e4sslich der Landtagswahl Baden-W\u00fcrttemberg sowie mehrerer Versammlungen im Stuttgarter Stadtgebiet im Einsatz. Die Einsatzma\u00dfnahmen anl\u00e4sslich der Landtagswahl richteten sich vornehmlich auf den Schutz der Parlamentsgeb\u00e4ude, der Wahlpartys und auf die Gew\u00e4hrleistung der uneingeschr\u00e4nkten Medienberichterstattung. Zum aktuellen Stand verliefen das Wahlgeschehen sowie die anschlie\u00dfenden parteiinternen Veranstaltungen innerhalb des Stadtgebiets aus polizeilicher Sicht vollkommen st\u00f6rungsfrei. Die Versammlung &#8220;Internationaler Frauen*kampftag&#8221;, die zwischen 14.00 und 16.15 Uhr stattfand und auch in einem Demonstrationszug durch die Innenstadt zog, verlief bis auf das Abbrennen einer Rauchfackel und einer K\u00f6rperverletzung am Rande des Aufzugs st\u00f6rungsfrei. Die Polizei hat in beiden F\u00e4llen entsprechende Ermittlungen aufgenommen. Die Versammlung &#8220;Solidarit\u00e4t mit den Menschen im Iran &#8211; Ausdruck von Hoffnung, Zusammenhalt und friedlichem Protest&#8221; lief vollkommen st\u00f6rungsfrei.<\/p>\n<hr \/>\n<p style=\"text-align: justify;\">\n","protected":false},"excerpt":{"rendered":"<p>Quelle: ots Stuttgart-Ost: Fu\u00dfg\u00e4ngerin von Auto erfasst und schwer verletzt &#8211; Zeugen gesucht Ein 76 Jahre alter Mann hat am Freitag (13.03.2026) mit seinem Renault auf der Ostendstra\u00dfe eine 84 Jahre alte Fu\u00dfg\u00e4ngerin erfasst. Der 76-J\u00e4hrige befuhr gegen 12.45 Uhr die Ostendstra\u00dfe in Richtung Landhausstra\u00dfe und wendete auf H\u00f6he der Ro\u00dfbergstra\u00dfe um wieder in Richtung [&hellip;]<\/p>\n","protected":false},"author":4,"featured_media":152245,"comment_status":"closed","ping_status":"open","sticky":false,"template":"","format":"standard","meta":{"inline_featured_image":false,"_exactmetrics_skip_tracking":false,"_exactmetrics_sitenote_active":false,"_exactmetrics_sitenote_note":"","_exactmetrics_sitenote_category":0,"footnotes":""},"categories":[11241],"tags":[14857,68,205,1625,275],"class_list":{"0":"post-159743","1":"post","2":"type-post","3":"status-publish","4":"format-standard","5":"has-post-thumbnail","7":"category-region-stuttgart","8":"tag-die-webzeitung","9":"tag-online-zeitung","10":"tag-polizei","11":"tag-report","12":"tag-stuttgart"},"image_feature":"https:\/\/die-webzeitung.de\/stuttgart\/wp-content\/uploads\/sites\/4\/2024\/02\/Polizei-Pix-scaled.jpg","author_name":"Redaktion","pure_taxonomies":{"categories":[{"term_id":11241,"name":"Polizei-Report Stuttgart","slug":"region-stuttgart","term_group":0,"term_taxonomy_id":11279,"taxonomy":"category","description":"Polizeiberichte aus der Region Stuttgart","parent":1619,"count":67,"filter":"raw","image":""}],"tags":[{"term_id":14857,"name":"Die-Webzeitung","slug":"die-webzeitung","term_group":0,"term_taxonomy_id":14876,"taxonomy":"post_tag","description":"","parent":0,"count":3616,"filter":"raw","image":""},{"term_id":68,"name":"Online-Zeitung","slug":"online-zeitung","term_group":0,"term_taxonomy_id":69,"taxonomy":"post_tag","description":"","parent":0,"count":3586,"filter":"raw","image":""},{"term_id":205,"name":"Polizei","slug":"polizei","term_group":0,"term_taxonomy_id":208,"taxonomy":"post_tag","description":"","parent":0,"count":274,"filter":"raw","image":""},{"term_id":1625,"name":"Report","slug":"report","term_group":0,"term_taxonomy_id":1634,"taxonomy":"post_tag","description":"","parent":0,"count":207,"filter":"raw","image":""},{"term_id":275,"name":"Stuttgart","slug":"stuttgart","term_group":0,"term_taxonomy_id":281,"taxonomy":"post_tag","description":"","parent":0,"count":1193,"filter":"raw","image":""}]},"_links":{"self":[{"href":"https:\/\/die-webzeitung.de\/stuttgart\/wp-json\/wp\/v2\/posts\/159743","targetHints":{"allow":["GET"]}}],"collection":[{"href":"https:\/\/die-webzeitung.de\/stuttgart\/wp-json\/wp\/v2\/posts"}],"about":[{"href":"https:\/\/die-webzeitung.de\/stuttgart\/wp-json\/wp\/v2\/types\/post"}],"author":[{"embeddable":true,"href":"https:\/\/die-webzeitung.de\/stuttgart\/wp-json\/wp\/v2\/users\/4"}],"replies":[{"embeddable":true,"href":"https:\/\/die-webzeitung.de\/stuttgart\/wp-json\/wp\/v2\/comments?post=159743"}],"version-history":[{"count":10,"href":"https:\/\/die-webzeitung.de\/stuttgart\/wp-json\/wp\/v2\/posts\/159743\/revisions"}],"predecessor-version":[{"id":159813,"href":"https:\/\/die-webzeitung.de\/stuttgart\/wp-json\/wp\/v2\/posts\/159743\/revisions\/159813"}],"wp:featuredmedia":[{"embeddable":true,"href":"https:\/\/die-webzeitung.de\/stuttgart\/wp-json\/wp\/v2\/media\/152245"}],"wp:attachment":[{"href":"https:\/\/die-webzeitung.de\/stuttgart\/wp-json\/wp\/v2\/media?parent=159743"}],"wp:term":[{"taxonomy":"category","embeddable":true,"href":"https:\/\/die-webzeitung.de\/stuttgart\/wp-json\/wp\/v2\/categories?post=159743"},{"taxonomy":"post_tag","embeddable":true,"href":"https:\/\/die-webzeitung.de\/stuttgart\/wp-json\/wp\/v2\/tags?post=159743"}],"curies":[{"name":"wp","href":"https:\/\/api.w.org\/{rel}","templated":true}]}}