{"id":159387,"date":"2026-01-29T17:12:58","date_gmt":"2026-01-29T16:12:58","guid":{"rendered":"https:\/\/die-webzeitung.de\/stuttgart\/?p=159387"},"modified":"2026-01-29T17:12:58","modified_gmt":"2026-01-29T16:12:58","slug":"gemeinderat-beschliesst-bau-des-stuttgart-moving-image-center-smic","status":"publish","type":"post","link":"https:\/\/die-webzeitung.de\/stuttgart\/2026\/01\/29\/gemeinderat-beschliesst-bau-des-stuttgart-moving-image-center-smic\/","title":{"rendered":"Gemeinderat beschlie\u00dft Bau des Stuttgart Moving Image Center (SMIC)"},"content":{"rendered":"<p class=\"m_8826110684989678606mynewsSubline\" style=\"text-align: justify;\"><strong>Der Gemeinderat hat mit 41 zu 14 Stimmen den Bau des Stuttgart Moving Image Center beschlossen. Ab M\u00e4rz 2026 entsteht ein bundesweit einmaliges Haus f\u00fcr Film und Medien. Das SMIC wird Ort f\u00fcr Ausstellungen, Bildung und Innovation, st\u00e4rkt den Medienstandort und setzt architektonisch wie st\u00e4dtebaulich neue Impulse.<\/strong><\/p>\n<div>\n<p style=\"text-align: justify;\">Stuttgart.| Stuttgart baut weiter an seiner Zukunft \u2013 und das an einer der sichtbarsten Stellen der Stadt: Der Gemeinderat hat am 29. Januar 2026 den Bau des Stuttgart Moving Image Center (SMIC) beschlossen und damit den Startschuss f\u00fcr ein neues Haus f\u00fcr Film und Medien gegeben. Mit dem SMIC entsteht eine Kultur- und Bildungseinrichtung, die in dieser Form bundesweit einmalig ist. Die Baugrube ist im Wesentlichen fertiggestellt und mit diesem Beschluss ist ein Start der Hochbauarbeiten bereits im M\u00e4rz 2026 vorgesehen. Laut Plan w\u00e4re das Geb\u00e4ude im Fr\u00fchjahr 2029 fertiggestellt und k\u00f6nnte dann in Betrieb gehen.<\/p>\n<p style=\"text-align: justify;\">Als offenes Haus des Erlebens, Lernens und Experimentierens widmet sich das SMIC der zentralen Pr\u00e4gung unserer Zeit: der wachsenden Bedeutung bewegter Bilder und digitaler Medien f\u00fcr Gesellschaft, Kultur, Bildung und Demokratie. Das Haus wird eine hybride, wandelbare Plattform f\u00fcr Ausstellungen, Film, Vermittlung, Produktion und Diskurs \u2013 mit Kinos\u00e4len, Studios, Laboren, Lern- und Experimentierr\u00e4umen sowie \u00f6ffentlichen Aufenthaltsbereichen.<\/p>\n<p style=\"text-align: justify;\">Oberb\u00fcrgermeister Dr. Frank Nopper erkl\u00e4rt: &#8220;In einer Gesamtabw\u00e4gung sind wir zu der \u00dcberzeugung gekommen, dass wir den bereits fahrenden Zug nicht mehr stoppen sollten. Wir haben dem Gemeinderat deswegen empfohlen, einen Baubeschluss zu fassen \u2013 allerdings mit der Auflage, dass die laufenden Betriebskosten unter anderem in Kooperation mit dem Land Baden-W\u00fcrttemberg deutlich reduziert werden m\u00fcssen sowie verbunden mit der Auflage, dass bei den Baukosten alle Einsparm\u00f6glichkeiten genutzt werden m\u00fcssen.&#8221;<\/p>\n<p style=\"text-align: justify;\">Der Kulturb\u00fcrgermeister Dr. Fabian Mayer sagt: &#8220;Das SMIC schlie\u00dft eine L\u00fccke in der deutschen Kulturlandschaft. Es wird ein Haus f\u00fcr das pr\u00e4gende Ph\u00e4nomen unserer Zeit: Ein offener und einladender Ort, an dem sich alle Menschen unserer Stadtgesellschaft kritisch, kreativ, experimentell und neugierig mit Medien und bewegten Bildern auseinandersetzen k\u00f6nnen. Zudem wird es ein Schaufenster f\u00fcr die Kreativwirtschaft, ein Cluster, dessen Bedeutung gerade in der Region immer mehr an Bedeutung gewinnt. Die Relevanz eines Hauses dieser Art ist im Informationszeitalter offensichtlich und zentral f\u00fcr einen Kulturbegriff, der Bildung und Teilhabe ganz neu fasst.&#8221;<\/p>\n<p style=\"text-align: justify;\"><strong>Architektur, Stadtentwicklung und Nachhaltigkeit<\/strong><\/p>\n<p style=\"text-align: justify;\">Im Gef\u00fcge der Stuttgarter Kulturlandschaft nimmt das SMIC damit eine neue, eigenst\u00e4ndige Rolle ein: Es erweitert die bestehende Infrastruktur um einen zukunftsorientierten Ort f\u00fcr Medienkompetenz, Kreativwirtschaft und kulturelle Innovation. Zugleich st\u00e4rkt es den Medien- und Filmstandort Stuttgart und die Region, die mit der Filmakademie Baden-W\u00fcrttemberg, der Hochschule der Medien oder dem Internationalen Trickfilmfestival sichtbar ist.<\/p>\n<p style=\"text-align: justify;\">Ein besonderer Akzent liegt auch auf der Architektur des Neubaus. Der Entwurf der Arbeitsgemeinschaft Delugan Meissl Associated Architects (Wien) und Wenzel + Wenzel (Karlsruhe) sieht ein offenes, transparentes Geb\u00e4ude vor, das die vielf\u00e4ltigen Nutzungen sichtbar miteinander verbindet. Die szenografische Ausgestaltung des Geb\u00e4udes durch das Stuttgarter Atelier Br\u00fcckner bildet seine symbiotische Einheit mit der Geb\u00e4udearchitektur. Pr\u00e4gende Elemente sind unter anderem die Medienfassade, die das Geb\u00e4ude selbst zum Kommunikationsmedium macht, sowie ein innovatives Tragwerkskonzept, das den scheinbar schwebenden Charakter des Geb\u00e4udes erm\u00f6glicht. Das Haus wird als IBA\u201927-Baustellenprojekt bereits w\u00e4hrend der Bauphase neue Perspektiven auf zeitgem\u00e4\u00dfen Kulturbau und die hochspannende Tragkonstruktion sichtbar machen.<\/p>\n<p style=\"text-align: justify;\">St\u00e4dtebaulich setzt das SMIC ein starkes Signal an einer der markantesten Stellen der Innenstadt \u2013 zwischen Leonhardskirche und einem Mobilit\u00e4ts-Hub von Breuninger. Hier entsteht ein neues verbindendes Element, das zur Aufwertung und Belebung der Leonhardsvorstadt und zur Verl\u00e4ngerung der Kulturmeile beitr\u00e4gt. Das Geb\u00e4ude leistet einen wichtigen Beitrag zur Stadtbildreparatur entlang der B14 und wird k\u00fcnftig mit \u00f6ffentlichen Nutzungen, Gastronomie und neuen Aufenthaltsqualit\u00e4ten in den Stadtraum ausstrahlen.<\/p>\n<p style=\"text-align: justify;\">Der Neubau wird zudem hohe \u00f6kologische Standards erf\u00fcllen: Rund 25 Prozent der Geb\u00e4udeh\u00fclle werden begr\u00fcnt, Photovoltaik wird in Dach und Fassade integriert, und das energetische Konzept unterschreitet die Anforderungen des Geb\u00e4udeenergiegesetzes deutlich.<\/p>\n<p style=\"text-align: justify;\">Bislang sind schon Leistungen in H\u00f6he von rund 15 Millionen Euro vergeben, wovon rund zehn Millionen Euro ausgezahlt sind. Die veranschlagten Gesamtkosten f\u00fcr den Bau des SMIC betragen nach aktuellem Stand rund 115 Millionen Euro brutto. Darin enthalten sind neben den eigentlichen Baukosten auch Risikopuffer und Prognosen f\u00fcr Baupreissteigerungen. Eine erste Tranche aus mehreren Bauauftr\u00e4gen kann rund acht Millionen Euro unter der Kostenerwartung vergeben werden.<\/p>\n<hr \/>\n<p style=\"text-align: justify;\">\n<\/div>\n","protected":false},"excerpt":{"rendered":"<p>Der Gemeinderat hat mit 41 zu 14 Stimmen den Bau des Stuttgart Moving Image Center beschlossen. Ab M\u00e4rz 2026 entsteht ein bundesweit einmaliges Haus f\u00fcr Film und Medien. Das SMIC wird Ort f\u00fcr Ausstellungen, Bildung und Innovation, st\u00e4rkt den Medienstandort und setzt architektonisch wie st\u00e4dtebaulich neue Impulse. Stuttgart.| Stuttgart baut weiter an seiner Zukunft \u2013 [&hellip;]<\/p>\n","protected":false},"author":4,"featured_media":159388,"comment_status":"closed","ping_status":"open","sticky":false,"template":"","format":"standard","meta":{"inline_featured_image":false,"_exactmetrics_skip_tracking":false,"_exactmetrics_sitenote_active":false,"_exactmetrics_sitenote_note":"","_exactmetrics_sitenote_category":0,"footnotes":""},"categories":[2239],"tags":[14857,68,18231,275],"class_list":{"0":"post-159387","1":"post","2":"type-post","3":"status-publish","4":"format-standard","5":"has-post-thumbnail","7":"category-stuttgart-lokal","8":"tag-die-webzeitung","9":"tag-online-zeitung","10":"tag-smic","11":"tag-stuttgart"},"image_feature":"https:\/\/die-webzeitung.de\/stuttgart\/wp-content\/uploads\/sites\/4\/2026\/01\/smic.jpg","author_name":"Redaktion","pure_taxonomies":{"categories":[{"term_id":2239,"name":"Stuttgart","slug":"stuttgart-lokal","term_group":0,"term_taxonomy_id":2252,"taxonomy":"category","description":"Berichte und Informationen aus Stuttgart","parent":1433,"count":940,"filter":"raw","image":""}],"tags":[{"term_id":14857,"name":"Die-Webzeitung","slug":"die-webzeitung","term_group":0,"term_taxonomy_id":14876,"taxonomy":"post_tag","description":"","parent":0,"count":3615,"filter":"raw","image":""},{"term_id":68,"name":"Online-Zeitung","slug":"online-zeitung","term_group":0,"term_taxonomy_id":69,"taxonomy":"post_tag","description":"","parent":0,"count":3585,"filter":"raw","image":""},{"term_id":18231,"name":"SMIC","slug":"smic","term_group":0,"term_taxonomy_id":18250,"taxonomy":"post_tag","description":"","parent":0,"count":1,"filter":"raw","image":""},{"term_id":275,"name":"Stuttgart","slug":"stuttgart","term_group":0,"term_taxonomy_id":281,"taxonomy":"post_tag","description":"","parent":0,"count":1192,"filter":"raw","image":""}]},"_links":{"self":[{"href":"https:\/\/die-webzeitung.de\/stuttgart\/wp-json\/wp\/v2\/posts\/159387","targetHints":{"allow":["GET"]}}],"collection":[{"href":"https:\/\/die-webzeitung.de\/stuttgart\/wp-json\/wp\/v2\/posts"}],"about":[{"href":"https:\/\/die-webzeitung.de\/stuttgart\/wp-json\/wp\/v2\/types\/post"}],"author":[{"embeddable":true,"href":"https:\/\/die-webzeitung.de\/stuttgart\/wp-json\/wp\/v2\/users\/4"}],"replies":[{"embeddable":true,"href":"https:\/\/die-webzeitung.de\/stuttgart\/wp-json\/wp\/v2\/comments?post=159387"}],"version-history":[{"count":1,"href":"https:\/\/die-webzeitung.de\/stuttgart\/wp-json\/wp\/v2\/posts\/159387\/revisions"}],"predecessor-version":[{"id":159389,"href":"https:\/\/die-webzeitung.de\/stuttgart\/wp-json\/wp\/v2\/posts\/159387\/revisions\/159389"}],"wp:featuredmedia":[{"embeddable":true,"href":"https:\/\/die-webzeitung.de\/stuttgart\/wp-json\/wp\/v2\/media\/159388"}],"wp:attachment":[{"href":"https:\/\/die-webzeitung.de\/stuttgart\/wp-json\/wp\/v2\/media?parent=159387"}],"wp:term":[{"taxonomy":"category","embeddable":true,"href":"https:\/\/die-webzeitung.de\/stuttgart\/wp-json\/wp\/v2\/categories?post=159387"},{"taxonomy":"post_tag","embeddable":true,"href":"https:\/\/die-webzeitung.de\/stuttgart\/wp-json\/wp\/v2\/tags?post=159387"}],"curies":[{"name":"wp","href":"https:\/\/api.w.org\/{rel}","templated":true}]}}