{"id":159341,"date":"2026-01-26T11:09:17","date_gmt":"2026-01-26T10:09:17","guid":{"rendered":"https:\/\/die-webzeitung.de\/stuttgart\/?p=159341"},"modified":"2026-01-26T11:09:17","modified_gmt":"2026-01-26T10:09:17","slug":"dr-stefan-belz-wiedergewaehlt","status":"publish","type":"post","link":"https:\/\/die-webzeitung.de\/stuttgart\/2026\/01\/26\/dr-stefan-belz-wiedergewaehlt\/","title":{"rendered":"Dr. Stefan Belz wiedergew\u00e4hlt"},"content":{"rendered":"<h4 style=\"text-align: justify;\"><strong>Vorl\u00e4ufiges amtliches Ergebnis der OB-Wahl in B\u00f6blingen<\/strong><\/h4>\n<p style=\"text-align: justify;\">B\u00f6blingen.| Am Sonntag, 25. Januar 2026, waren 36.400 Wahlberechtigte der Stadt B\u00f6blingen mit der Ortschaft Dagersheim zur Wahl des Oberb\u00fcrgermeisters aufgerufen.<\/p>\n<p style=\"text-align: justify;\">Nach Beschluss des Gemeindewahlausschusses am Sonntagabend liegt das vorl\u00e4ufige amtliche Endergebnis vor: 13.176 Personen machten von ihrem Wahlrecht Gebrauch \u2013 dies entspricht einer Wahlbeteiligung von 36,2 Prozent.<\/p>\n<p style=\"text-align: justify;\">8.501 W\u00e4hler stimmten f\u00fcr Dr. Stefan Belz und w\u00e4hlten ihn mit 64,8 Prozent nach 2018 erneut im ersten Wahlgang zum Oberb\u00fcrgermeister der Stadt B\u00f6blingen. Die Amtszeit betr\u00e4gt acht Jahre und beginnt am 1. April 2026. Die Ergebnisse der weiteren Kandidaten sind dem Link zu entnehmen.<\/p>\n<p style=\"text-align: justify;\">Dr. Stefan Belz: \u201eIch danke allen B\u00fcrgerinnen und B\u00fcrgern sehr herzlich f\u00fcr das Vertrauen, das sie mir mit diesem Wahlergebnis erneut ausgesprochen haben. Die Wiederwahl ist f\u00fcr mich Verpflichtung und Ansporn zugleich, begonnene Projekte konsequent weiterzuf\u00fchren. Unsere Heimat B\u00f6blingen und Dagersheim werde ich mutig und zukunftsorientiert weiterentwickeln. Ich freue mich darauf, gemeinsam mit den B\u00fcrgerinnen und B\u00fcrgern die kommenden acht Jahre aktiv zu gestalten.\u201c<\/p>\n<p style=\"text-align: justify;\">Weitere Informationen zum Wahlergebnis, darunter die Ergebnisse aus den einzelnen Wahlbezirken, finden sich im Internet auf <a href=\"https:\/\/wahlergebnisse.komm.one\/21\/produktion\/8115003\/0\/20260125\/buergermeisterwahl_gemeinde\/index.html\" target=\"_blank\" rel=\"noopener\" data-saferedirecturl=\"https:\/\/www.google.com\/url?q=https:\/\/wahlergebnisse.komm.one\/21\/produktion\/8115003\/0\/20260125\/buergermeisterwahl_gemeinde\/index.html&amp;source=gmail&amp;ust=1769505777491000&amp;usg=AOvVaw17dDSmIoD-jVrM2zNZ-Qh4\">https:\/\/wahlergebnisse.komm.one\/21\/produktion\/8115003\/0\/20260125\/buergermeisterwahl_gemeinde\/index.html<\/a><\/p>\n<hr \/>\n<p style=\"text-align: justify;\">\n","protected":false},"excerpt":{"rendered":"<p>Vorl\u00e4ufiges amtliches Ergebnis der OB-Wahl in B\u00f6blingen B\u00f6blingen.| Am Sonntag, 25. Januar 2026, waren 36.400 Wahlberechtigte der Stadt B\u00f6blingen mit der Ortschaft Dagersheim zur Wahl des Oberb\u00fcrgermeisters aufgerufen. Nach Beschluss des Gemeindewahlausschusses am Sonntagabend liegt das vorl\u00e4ufige amtliche Endergebnis vor: 13.176 Personen machten von ihrem Wahlrecht Gebrauch \u2013 dies entspricht einer Wahlbeteiligung von 36,2 Prozent. [&hellip;]<\/p>\n","protected":false},"author":4,"featured_media":159342,"comment_status":"closed","ping_status":"open","sticky":false,"template":"","format":"standard","meta":{"inline_featured_image":false,"_exactmetrics_skip_tracking":false,"_exactmetrics_sitenote_active":false,"_exactmetrics_sitenote_note":"","_exactmetrics_sitenote_category":0,"footnotes":""},"categories":[59,2242],"tags":[3061,14857,9229,68,139],"class_list":{"0":"post-159341","1":"post","2":"type-post","3":"status-publish","4":"format-standard","5":"has-post-thumbnail","7":"category-aktuell","8":"category-boeblingen","9":"tag-boblingen","10":"tag-die-webzeitung","11":"tag-ob","12":"tag-online-zeitung","13":"tag-wahl"},"image_feature":"https:\/\/die-webzeitung.de\/stuttgart\/wp-content\/uploads\/sites\/4\/2026\/01\/Dr.-Stefan-Belz-mit-seinem-Mann-Manuel-Zimmerer-scaled.jpg","author_name":"Redaktion","pure_taxonomies":{"categories":[{"term_id":59,"name":"Aktuell","slug":"aktuell","term_group":0,"term_taxonomy_id":60,"taxonomy":"category","description":"","parent":0,"count":1017,"filter":"raw","image":""},{"term_id":2242,"name":"B\u00f6blingen","slug":"boeblingen","term_group":0,"term_taxonomy_id":2255,"taxonomy":"category","description":"News und Informationen aus B\u00f6blingen und Sindelfingen","parent":1433,"count":22,"filter":"raw","image":""}],"tags":[{"term_id":3061,"name":"B\u00f6blingen","slug":"boblingen","term_group":0,"term_taxonomy_id":3075,"taxonomy":"post_tag","description":"","parent":0,"count":260,"filter":"raw","image":""},{"term_id":14857,"name":"Die-Webzeitung","slug":"die-webzeitung","term_group":0,"term_taxonomy_id":14876,"taxonomy":"post_tag","description":"","parent":0,"count":3625,"filter":"raw","image":""},{"term_id":9229,"name":"OB","slug":"ob","term_group":0,"term_taxonomy_id":9256,"taxonomy":"post_tag","description":"","parent":0,"count":9,"filter":"raw","image":""},{"term_id":68,"name":"Online-Zeitung","slug":"online-zeitung","term_group":0,"term_taxonomy_id":69,"taxonomy":"post_tag","description":"","parent":0,"count":3595,"filter":"raw","image":""},{"term_id":139,"name":"Wahl","slug":"wahl","term_group":0,"term_taxonomy_id":141,"taxonomy":"post_tag","description":"","parent":0,"count":12,"filter":"raw","image":""}]},"_links":{"self":[{"href":"https:\/\/die-webzeitung.de\/stuttgart\/wp-json\/wp\/v2\/posts\/159341","targetHints":{"allow":["GET"]}}],"collection":[{"href":"https:\/\/die-webzeitung.de\/stuttgart\/wp-json\/wp\/v2\/posts"}],"about":[{"href":"https:\/\/die-webzeitung.de\/stuttgart\/wp-json\/wp\/v2\/types\/post"}],"author":[{"embeddable":true,"href":"https:\/\/die-webzeitung.de\/stuttgart\/wp-json\/wp\/v2\/users\/4"}],"replies":[{"embeddable":true,"href":"https:\/\/die-webzeitung.de\/stuttgart\/wp-json\/wp\/v2\/comments?post=159341"}],"version-history":[{"count":1,"href":"https:\/\/die-webzeitung.de\/stuttgart\/wp-json\/wp\/v2\/posts\/159341\/revisions"}],"predecessor-version":[{"id":159343,"href":"https:\/\/die-webzeitung.de\/stuttgart\/wp-json\/wp\/v2\/posts\/159341\/revisions\/159343"}],"wp:featuredmedia":[{"embeddable":true,"href":"https:\/\/die-webzeitung.de\/stuttgart\/wp-json\/wp\/v2\/media\/159342"}],"wp:attachment":[{"href":"https:\/\/die-webzeitung.de\/stuttgart\/wp-json\/wp\/v2\/media?parent=159341"}],"wp:term":[{"taxonomy":"category","embeddable":true,"href":"https:\/\/die-webzeitung.de\/stuttgart\/wp-json\/wp\/v2\/categories?post=159341"},{"taxonomy":"post_tag","embeddable":true,"href":"https:\/\/die-webzeitung.de\/stuttgart\/wp-json\/wp\/v2\/tags?post=159341"}],"curies":[{"name":"wp","href":"https:\/\/api.w.org\/{rel}","templated":true}]}}