{"id":159320,"date":"2026-01-23T11:47:35","date_gmt":"2026-01-23T10:47:35","guid":{"rendered":"https:\/\/die-webzeitung.de\/stuttgart\/2026\/01\/23\/rennen-um-die-play-offs-barock-volleys-empfangen-herrsching\/"},"modified":"2026-01-23T11:47:35","modified_gmt":"2026-01-23T10:47:35","slug":"rennen-um-die-play-offs-barock-volleys-empfangen-herrsching","status":"publish","type":"post","link":"https:\/\/die-webzeitung.de\/stuttgart\/2026\/01\/23\/rennen-um-die-play-offs-barock-volleys-empfangen-herrsching\/","title":{"rendered":"Rennen um die Play-offs: Barock Volleys empfangen Herrsching"},"content":{"rendered":"<div style=\"text-align: justify;\"><b>Nach dem deutlichen 3:0-Derby-Sieg gegen Karlsruhe will Ludwigsburg am Sonntag gegen den Tabellenachten WWK Herrsching weitere Punkte holen \u00a0<\/b><\/div>\n<div><\/div>\n<div style=\"text-align: justify;\">Zur\u00fcck in der Rundsporthalle: Der Volleyball-Bundesligist Barock Volleys MTV Ludwigsburg\u00a0empf\u00e4ngt am Sonntag den Tabellenachten WWK Herrsching (17 Uhr, Rundsporthalle). Zuletzt jubelte die Mannschaft Team von Trainer Hasse Mattila am 6. Dezember 2025 beim 3:1-Sieg gegen den VfB Friedrichshafen in der Rundsporthalle \u2013 eine von insgesamt drei Spielst\u00e4tten der Barock Volleys. Das war vor sechs Wochen: Seitdem hat sich der Aufsteiger mit inzwischen 31 Punkten auf Tabellenplatz sechs festgesetzt. Am vergangenen Sonntag gab es Heimsieg Nummer acht und diese beeindruckende Serie wollen die Barock Volleys weiter ausbauen.<\/div>\n<div><\/div>\n<div style=\"text-align: justify;\">Gegen Herrsching will Ludwigsburg an die souver\u00e4ne Leistung im Derby gegen Karlsruhe ankn\u00fcpfen.\u00a0\u201eEs steht ein wichtiges und hart umk\u00e4mpftes Spiel zwischen zwei ebenb\u00fcrtigen Mannschaften bevor\u201c, k\u00fcndigt Trainer Hasse Mattila an. \u201eHerrsching spielt k\u00f6rperbetont und schl\u00e4gt hart auf, daher m\u00fcssen wir vorsichtig und geduldig agieren.\u201c<\/div>\n<div><\/div>\n<div style=\"text-align: justify;\">Dabei setzt der Finne auch auf die starke Unterst\u00fctzung der Fans: \u201eBeim letzten Mal sorgte das Publikum in der Rundsporthalle f\u00fcr eine unglaubliche Atmosph\u00e4re, und diese Unterst\u00fctzung brauchen wir auch diesmal dringend.\u201c Die Teams auf den\u00a0Tabellenpl\u00e4tzen sechs bis neun liegen eng beieinander &#8211; jeder Punkt wird am Ende entscheiden, wer in die Runde der letzten acht Teams einzieht und an den Play-offs teilnimmt.<\/div>\n<div><\/div>\n<div style=\"text-align: justify;\"><b>Karten gibt es unter: <\/b><b><u><a id=\"m_6130394920066428635OWA584ad9e3-34ac-7189-9962-3d7e15889ef5\" href=\"https:\/\/events.vereinsticket.de\/mtv-ludwigsburg\/vo-herren\/4644123\" target=\"_blank\" rel=\"noopener\" data-saferedirecturl=\"https:\/\/www.google.com\/url?q=https:\/\/events.vereinsticket.de\/mtv-ludwigsburg\/vo-herren\/4644123&amp;source=gmail&amp;ust=1769251508509000&amp;usg=AOvVaw2Fw5Axu5c-SyfR8ibmaYXS\">Eventportal: Barock Volleys MTV Ludwigsburg \/\/ WWK Volleys Herrsching<\/a><\/u><\/b><\/div>\n<div><\/div>\n<div style=\"text-align: justify;\"><b>Neu:<\/b>\u00a0Der <b>Barock-Volleys-Newsletter: <\/b> Inside-Storys, Spieltage, Team-News &amp; mehr<br \/>\n<b>Jetzt abonnieren &amp; Teil der Community werden:<\/b><br \/>\n<u><a id=\"m_6130394920066428635OWA24d74ec2-45fe-54d2-72ef-44ec09ae71b9\" href=\"https:\/\/barock-volleys.de\/schloss-report\/\" target=\"_blank\" rel=\"noopener\" data-saferedirecturl=\"https:\/\/www.google.com\/url?q=https:\/\/barock-volleys.de\/schloss-report\/&amp;source=gmail&amp;ust=1769251508509000&amp;usg=AOvVaw0SFAocdw73u3U8ldHZ6xnx\">Schloss-Report \u2013 Barock Volleys MTV Ludwigsburg<\/a><\/u><\/p>\n<hr \/>\n<\/div>\n","protected":false},"excerpt":{"rendered":"<p>Nach dem deutlichen 3:0-Derby-Sieg gegen Karlsruhe will Ludwigsburg am Sonntag gegen den Tabellenachten WWK Herrsching weitere Punkte holen \u00a0 Zur\u00fcck in der Rundsporthalle: Der Volleyball-Bundesligist Barock Volleys MTV Ludwigsburg\u00a0empf\u00e4ngt am Sonntag den Tabellenachten WWK Herrsching (17 Uhr, Rundsporthalle). Zuletzt jubelte die Mannschaft Team von Trainer Hasse Mattila am 6. Dezember 2025 beim 3:1-Sieg gegen den [&hellip;]<\/p>\n","protected":false},"author":4,"featured_media":0,"comment_status":"closed","ping_status":"open","sticky":false,"template":"","format":"standard","meta":{"inline_featured_image":false,"_exactmetrics_skip_tracking":false,"_exactmetrics_sitenote_active":false,"_exactmetrics_sitenote_note":"","_exactmetrics_sitenote_category":0,"footnotes":""},"categories":[110],"tags":[17904,131,14857,68,10629],"class_list":{"0":"post-159320","1":"post","2":"type-post","3":"status-publish","4":"format-standard","6":"category-sport","7":"tag-barock-volleys","8":"tag-bundesliga","9":"tag-die-webzeitung","10":"tag-online-zeitung","11":"tag-volleyball"},"image_feature":null,"author_name":"Redaktion","pure_taxonomies":{"categories":[{"term_id":110,"name":"Sport","slug":"sport","term_group":0,"term_taxonomy_id":112,"taxonomy":"category","description":"Sportberichte","parent":0,"count":1041,"filter":"raw","image":""}],"tags":[{"term_id":17904,"name":"Barock-Volleys","slug":"barock-volleys","term_group":0,"term_taxonomy_id":17923,"taxonomy":"post_tag","description":"","parent":0,"count":39,"filter":"raw","image":""},{"term_id":131,"name":"Bundesliga","slug":"bundesliga","term_group":0,"term_taxonomy_id":133,"taxonomy":"post_tag","description":"","parent":0,"count":697,"filter":"raw","image":""},{"term_id":14857,"name":"Die-Webzeitung","slug":"die-webzeitung","term_group":0,"term_taxonomy_id":14876,"taxonomy":"post_tag","description":"","parent":0,"count":3615,"filter":"raw","image":""},{"term_id":68,"name":"Online-Zeitung","slug":"online-zeitung","term_group":0,"term_taxonomy_id":69,"taxonomy":"post_tag","description":"","parent":0,"count":3585,"filter":"raw","image":""},{"term_id":10629,"name":"Volleyball","slug":"volleyball","term_group":0,"term_taxonomy_id":10665,"taxonomy":"post_tag","description":"","parent":0,"count":90,"filter":"raw","image":""}]},"_links":{"self":[{"href":"https:\/\/die-webzeitung.de\/stuttgart\/wp-json\/wp\/v2\/posts\/159320","targetHints":{"allow":["GET"]}}],"collection":[{"href":"https:\/\/die-webzeitung.de\/stuttgart\/wp-json\/wp\/v2\/posts"}],"about":[{"href":"https:\/\/die-webzeitung.de\/stuttgart\/wp-json\/wp\/v2\/types\/post"}],"author":[{"embeddable":true,"href":"https:\/\/die-webzeitung.de\/stuttgart\/wp-json\/wp\/v2\/users\/4"}],"replies":[{"embeddable":true,"href":"https:\/\/die-webzeitung.de\/stuttgart\/wp-json\/wp\/v2\/comments?post=159320"}],"version-history":[{"count":0,"href":"https:\/\/die-webzeitung.de\/stuttgart\/wp-json\/wp\/v2\/posts\/159320\/revisions"}],"wp:attachment":[{"href":"https:\/\/die-webzeitung.de\/stuttgart\/wp-json\/wp\/v2\/media?parent=159320"}],"wp:term":[{"taxonomy":"category","embeddable":true,"href":"https:\/\/die-webzeitung.de\/stuttgart\/wp-json\/wp\/v2\/categories?post=159320"},{"taxonomy":"post_tag","embeddable":true,"href":"https:\/\/die-webzeitung.de\/stuttgart\/wp-json\/wp\/v2\/tags?post=159320"}],"curies":[{"name":"wp","href":"https:\/\/api.w.org\/{rel}","templated":true}]}}