{"id":159315,"date":"2026-01-23T11:41:01","date_gmt":"2026-01-23T10:41:01","guid":{"rendered":"https:\/\/die-webzeitung.de\/stuttgart\/2026\/01\/23\/grundschule-michelfeld-strebt-zertifizierung-als-naturpark-schule-an\/"},"modified":"2026-01-23T11:41:01","modified_gmt":"2026-01-23T10:41:01","slug":"grundschule-michelfeld-strebt-zertifizierung-als-naturpark-schule-an","status":"publish","type":"post","link":"https:\/\/die-webzeitung.de\/stuttgart\/2026\/01\/23\/grundschule-michelfeld-strebt-zertifizierung-als-naturpark-schule-an\/","title":{"rendered":"Grundschule Michelfeld strebt Zertifizierung als Naturpark-Schule an"},"content":{"rendered":"<h4 style=\"text-align: justify;\"><strong>Kooperationsvereinbarung mit dem Naturpark Schw\u00e4bisch-Fr\u00e4nkischer Wald unterzeichnet<\/strong><\/h4>\n<p style=\"text-align: justify;\">Die Grundschule Michelfeld m\u00f6chte Naturpark-Schule werden. Grundlage daf\u00fcr ist eine Kooperationsvereinbarung, die k\u00fcrzlich von Schulleiter Eberhard Marstaller, B\u00fcrgermeister Wolfgang Binnig sowie dem Gesch\u00e4ftsf\u00fchrer des Naturparks Karl-Dieter Diemer unterzeichnet wurde.<\/p>\n<p style=\"text-align: justify;\">Ziel des bundesweiten Projektes \u201eNaturpark-Schule\u201c ist der Aufbau einer festen Zusammenarbeit zwischen Naturpark und Schule. Die Schule gew\u00e4hrleistet dabei, dass sie im Sinne einer Bildung f\u00fcr nachhaltigen Entwicklung (BNE) Naturpark- und Umweltthemen im Schulcurriculum verankert. \u201eAls Schultr\u00e4ger begr\u00fc\u00dfen wir das starke Engagement der Grundschule Michelfeld im Bereich Natur-, Umwelt- und Heimatbildung und unterst\u00fctzten die Initiative unserer Grundschule Naturpark-Schule zu werden\u201c, betont Wolfgang Binnig, B\u00fcrgermeister der Gemeinde Michelfeld.<\/p>\n<p style=\"text-align: justify;\">Auch der Naturpark Schw\u00e4bisch-Fr\u00e4nkischer Wald sieht in der Kooperation einen gro\u00dfen Gewinn. Herr Diemer, Gesch\u00e4ftsf\u00fchrer des Naturparks Schw\u00e4bisch-Fr\u00e4nkischer Wald erkl\u00e4rt: &#8220;Mit der Zusammenarbeit legen wir einen wichtigen Grundstein, um Kindern fr\u00fchzeitig die Besonderheiten und den Wert unserer Natur- und Kulturlandschaft zu vermitteln und die Verbundenheit mit der eigenen Region zu f\u00f6rdern.\u201c Durch die Zusammenarbeit werden wichtige Themen aus dem Naturpark wie biologische Vielfalt, Landschaft und Kultur regelm\u00e4\u00dfig im Unterricht oder auch in Exkursionen behandelt. Erg\u00e4nzt wird das Angebot durch die Einbindung au\u00dferschulischer Partner, wie den Naturparkf\u00fchrerinnen und Naturparkf\u00fchrern.<\/p>\n<p style=\"text-align: justify;\">Schulleiter Eberhard Marstaller sieht den Mehrwert f\u00fcr die Grundschule Michelfeld im Netzwerk der Naturpark-Schulen und der engen Verzahnung von Unterricht und den regionalen Besonderheiten: &#8220;Das Projekt er\u00f6ffnet die M\u00f6glichkeit, bestehende Kooperationen \u2013 etwa mit dem Naturfreundehaus Lemberg oder der SoLaWi Hall &#8211; weiterzuentwickeln und durch neue Projekte und Kooperationspartner zu erg\u00e4nzen.\u201c<\/p>\n<p style=\"text-align: justify;\">Die Grundschule Michelfeld wird nun in enger Zusammenarbeit mit dem Naturpark Schw\u00e4bisch-Fr\u00e4nkischer Wald verschiedene Projekte umsetzen. Erste Ideen sind ein gemeinsamer Podcast, der im schuleigenen Tonstudio aufgenommen wird, und die Anlage und Pflege von Bl\u00fchfl\u00e4chen im Rahmen des Projektes \u201eBl\u00fchende Naturparke\u201c.<\/p>\n<p style=\"text-align: justify;\"><strong>Hintergrundinformationen zu den Naturpark-Schulen<\/strong><\/p>\n<p style=\"text-align: justify;\">Im Sinne einer Bildung f\u00fcr nachhaltige Entwicklung (BNE) m\u00f6chte der Naturpark Schw\u00e4bisch-Fr\u00e4nkischer Wald durch kontinuierliche Umweltbildungsangebote an Schulen einen nachhaltigen Einfluss auf das Handlungsbewusstsein von Kindern und Jugendlichen erm\u00f6glichen. Zusammen mit verschieden Kooperationspartnern, wie dem Staatlichen Schulamt Backnang, begleitet der Naturpark Schulen im Naturparkgebiet auf ihrem Weg zur zertifizierten &#8220;Naturpark-Schule&#8221;. Eine Initiative, die vom Verband Deutscher Naturparke (VDN) ins Leben gerufen wurde. Bei Erf\u00fcllung festgelegter Kriterien erlangen die Schulen die Auszeichnung als Naturpark-Schule. Diese ist f\u00fcr f\u00fcnf Jahre g\u00fcltig und kann anschlie\u00dfend erneuert werden. Aktuell besteht das Netzwerk der Naturpark-Schulen aus 15 Schulen.<\/p>\n<p style=\"text-align: justify;\">Weitere Informationen unter\u00a0<a href=\"http:\/\/www.naturpark-sfw.de\" target=\"_blank\" rel=\"noopener\">www.naturpark-sfw.de<\/a><\/p>\n<h4><b>Frisch eingeschneit \u2013 die neue Veranstaltungsbrosch\u00fcre \u201eNaturpark aktiv 2026\u201c ist da!<\/b>\u00a0<strong>Spannende Naturerlebnisse f\u00fcr Gro\u00df und Klein <\/strong><\/h4>\n<p style=\"text-align: justify;\">Unter dem Motto \u201eWunder am Wegesrand\u201c ist die neu aufgelegte Veranstaltungsbrosch\u00fcre \u201eNaturpark aktiv 2026\u201c erschienen. Sie bietet einen kompakten und anschaulichen \u00dcberblick \u00fcber s\u00e4mtliche Veranstaltungen der Naturparkf\u00fchrerinnen und Naturparkf\u00fchrer sowie des Naturparks Schw\u00e4bisch-Fr\u00e4nkischer Wald. Ab sofort l\u00e4dt das abwechslungsreiche Programm dazu ein, die kleinen und gro\u00dfen Wunder der Natur direkt vor der Haust\u00fcr zu entdecken.<\/p>\n<p style=\"text-align: justify;\">Neben zahlreichen altbew\u00e4hrten F\u00fchrungen d\u00fcrfen sich Naturinteressierte auch auf neue Angebote freuen. Dazu z\u00e4hlen unter anderem die F\u00fchrungen der Demenzbotschafter Natur, die speziell f\u00fcr Menschen mit Demenz und ihre Angeh\u00f6rigen entwickelt wurden und Naturerlebnisse auf einf\u00fchlsame Weise zug\u00e4nglich machen.<\/p>\n<p style=\"text-align: justify;\">Herausgegeben wird das Veranstaltungsprogramm vom Naturpark Schw\u00e4bisch-Fr\u00e4nkischer Wald in Zusammenarbeit mit den Naturparkf\u00fchrern Schw\u00e4bisch-Fr\u00e4nkischer Wald e.V. Die Brosch\u00fcre ist kostenfrei \u00fcber den Brosch\u00fcrenversand des Naturparks unter <a href=\"http:\/\/www.naturpark-sfw.de\" target=\"_blank\" rel=\"noopener\" data-saferedirecturl=\"https:\/\/www.google.com\/url?q=http:\/\/www.naturpark-sfw.de&amp;source=gmail&amp;ust=1769249744405000&amp;usg=AOvVaw3LLPrEIhzZ44V1msd7q8dH\">www.naturpark-sfw.de<\/a> erh\u00e4ltlich oder kann w\u00e4hrend der \u00d6ffnungszeiten in der Tourist-Info in Murrhardt abgeholt werden. Ab Mitte Februar liegt sie zudem in den Rath\u00e4usern der Naturpark-Kommunen aus. Ebenfalls ab sofort bestellbar ist die neue Imagebrosch\u00fcre des Naturparks.<\/p>\n<p style=\"text-align: justify;\">Die Naturparkf\u00fchrerinnen und Naturparkf\u00fchrer Schw\u00e4bisch-Fr\u00e4nkischer Wald e.V. sind nach bundesweiten Richtlinien der Akademie f\u00fcr Natur- und Umweltschutz Baden-W\u00fcrttemberg zertifiziert und kennen den Naturpark wie ihre Westentasche. An nahezu allen Sonn- und Feiertagen bieten sie thematische Wanderungen f\u00fcr Einheimische und G\u00e4ste im gesamten Naturparkgebiet an. Die Touren richten sich an natur- und kulturinteressierte Menschen jeden Alters. Weitere Informationen sind unter <a href=\"http:\/\/www.die-naturparkfuehrer.de\" target=\"_blank\" rel=\"noopener\" data-saferedirecturl=\"https:\/\/www.google.com\/url?q=http:\/\/www.die-naturparkfuehrer.de&amp;source=gmail&amp;ust=1769249744405000&amp;usg=AOvVaw1a3_PH8m5dCwGmZ3f4LeQH\">www.die-naturparkfuehrer.de<\/a> zu finden.<\/p>\n<p style=\"text-align: justify;\">Das Projekt \u201eNaturpark aktiv 2026\u201c wird gef\u00f6rdert durch den Naturpark Schw\u00e4bisch-Fr\u00e4nkischer Wald mit Mitteln des Landes Baden-W\u00fcrttemberg und der Lotterie Gl\u00fccksspirale.<\/p>\n<hr \/>\n<p style=\"text-align: justify;\">\n","protected":false},"excerpt":{"rendered":"<p>Kooperationsvereinbarung mit dem Naturpark Schw\u00e4bisch-Fr\u00e4nkischer Wald unterzeichnet Die Grundschule Michelfeld m\u00f6chte Naturpark-Schule werden. Grundlage daf\u00fcr ist eine Kooperationsvereinbarung, die k\u00fcrzlich von Schulleiter Eberhard Marstaller, B\u00fcrgermeister Wolfgang Binnig sowie dem Gesch\u00e4ftsf\u00fchrer des Naturparks Karl-Dieter Diemer unterzeichnet wurde. Ziel des bundesweiten Projektes \u201eNaturpark-Schule\u201c ist der Aufbau einer festen Zusammenarbeit zwischen Naturpark und Schule. Die Schule gew\u00e4hrleistet dabei, [&hellip;]<\/p>\n","protected":false},"author":4,"featured_media":159316,"comment_status":"closed","ping_status":"open","sticky":false,"template":"","format":"standard","meta":{"inline_featured_image":false,"_exactmetrics_skip_tracking":false,"_exactmetrics_sitenote_active":false,"_exactmetrics_sitenote_note":"","_exactmetrics_sitenote_category":0,"footnotes":""},"categories":[89],"tags":[14857,18062,68],"class_list":{"0":"post-159315","1":"post","2":"type-post","3":"status-publish","4":"format-standard","5":"has-post-thumbnail","7":"category-reisezeit","8":"tag-die-webzeitung","9":"tag-naturpark","10":"tag-online-zeitung"},"image_feature":"https:\/\/die-webzeitung.de\/stuttgart\/wp-content\/uploads\/sites\/4\/2026\/01\/GS-Michelfeld-Naturpark-Schule-Kooperationsvereinbarung-scaled.jpg","author_name":"Redaktion","pure_taxonomies":{"categories":[{"term_id":89,"name":"Freizeit &amp; Reise","slug":"reisezeit","term_group":0,"term_taxonomy_id":90,"taxonomy":"category","description":"","parent":482,"count":34,"filter":"raw","image":""}],"tags":[{"term_id":14857,"name":"Die-Webzeitung","slug":"die-webzeitung","term_group":0,"term_taxonomy_id":14876,"taxonomy":"post_tag","description":"","parent":0,"count":3615,"filter":"raw","image":""},{"term_id":18062,"name":"Naturpark","slug":"naturpark","term_group":0,"term_taxonomy_id":18081,"taxonomy":"post_tag","description":"","parent":0,"count":1,"filter":"raw","image":""},{"term_id":68,"name":"Online-Zeitung","slug":"online-zeitung","term_group":0,"term_taxonomy_id":69,"taxonomy":"post_tag","description":"","parent":0,"count":3585,"filter":"raw","image":""}]},"_links":{"self":[{"href":"https:\/\/die-webzeitung.de\/stuttgart\/wp-json\/wp\/v2\/posts\/159315","targetHints":{"allow":["GET"]}}],"collection":[{"href":"https:\/\/die-webzeitung.de\/stuttgart\/wp-json\/wp\/v2\/posts"}],"about":[{"href":"https:\/\/die-webzeitung.de\/stuttgart\/wp-json\/wp\/v2\/types\/post"}],"author":[{"embeddable":true,"href":"https:\/\/die-webzeitung.de\/stuttgart\/wp-json\/wp\/v2\/users\/4"}],"replies":[{"embeddable":true,"href":"https:\/\/die-webzeitung.de\/stuttgart\/wp-json\/wp\/v2\/comments?post=159315"}],"version-history":[{"count":0,"href":"https:\/\/die-webzeitung.de\/stuttgart\/wp-json\/wp\/v2\/posts\/159315\/revisions"}],"wp:featuredmedia":[{"embeddable":true,"href":"https:\/\/die-webzeitung.de\/stuttgart\/wp-json\/wp\/v2\/media\/159316"}],"wp:attachment":[{"href":"https:\/\/die-webzeitung.de\/stuttgart\/wp-json\/wp\/v2\/media?parent=159315"}],"wp:term":[{"taxonomy":"category","embeddable":true,"href":"https:\/\/die-webzeitung.de\/stuttgart\/wp-json\/wp\/v2\/categories?post=159315"},{"taxonomy":"post_tag","embeddable":true,"href":"https:\/\/die-webzeitung.de\/stuttgart\/wp-json\/wp\/v2\/tags?post=159315"}],"curies":[{"name":"wp","href":"https:\/\/api.w.org\/{rel}","templated":true}]}}