{"id":159314,"date":"2026-01-23T11:12:09","date_gmt":"2026-01-23T10:12:09","guid":{"rendered":"https:\/\/die-webzeitung.de\/stuttgart\/2026\/01\/23\/starke-produkt-ratingergebnisse-fuer-die-wuertt\/"},"modified":"2026-01-23T11:12:09","modified_gmt":"2026-01-23T10:12:09","slug":"starke-produkt-ratingergebnisse-fuer-die-wuertt","status":"publish","type":"post","link":"https:\/\/die-webzeitung.de\/stuttgart\/2026\/01\/23\/starke-produkt-ratingergebnisse-fuer-die-wuertt\/","title":{"rendered":"Starke Produkt-Ratingergebnisse f\u00fcr die W\u00fcrtt"},"content":{"rendered":"<p style=\"text-align: justify;\"><strong>Auch in der zweiten H\u00e4lfte des vergangenen Jahres wurden die Versicherungsunternehmen der W\u00fcstenrot &amp; W\u00fcrttembergische-Gruppe (W&amp;W) in zahlreichen Ratings, Rankings, Tests und Vergleichen sehr gut bewertet. Die Ergebnisse best\u00e4tigen erneut die Qualit\u00e4t der Produkte und Dienstleistungen. Nachfolgend eine Auswahl aktueller Bewertungen.<\/strong><\/p>\n<p style=\"text-align: justify;\">Die <strong>W\u00fcrttembergische Versicherung AG<\/strong> erhielt im Privatkundengesch\u00e4ft f\u00fcr mehrere ihrer Premiumtarife sehr gute Bewertungen: So wurden die Privathaftpflichtversicherung und die Hausratversicherung von der Ratingagentur Franke und Bornberg mit dem Urteil \u201eHervorragend\u201c ausgezeichnet. Die Unfallversicherung sowie die Rechtsschutzversicherung erreichten jeweils das Testergebnis \u201eSehr gut\u201c. Auch die Wohngeb\u00e4udeversicherung \u00fcberzeugt und wurde von Stiftung Warentest als ,,Sehr gut\u201c und von Franke und Bornberg als ,,Hervorragend\u201c bewertet.<\/p>\n<p style=\"text-align: justify;\">Wie bereits in den Vorjahren wurde der Firmenkundenbereich der W\u00fcrttembergischen durch das Magazin Focus Money als \u201efairster Firmenversicherer\u201c ausgezeichnet \u2013 mittlerweile zum zehnten Mal in Folge.<\/p>\n<p style=\"text-align: justify;\">Zudem best\u00e4tigten das Analysehaus ServiceValue und die Tageszeitung Die Welt in ihrer Untersuchung zur Kundenzufriedenheit im B2B-Bereich der W\u00fcrttembergischen sehr gute Ergebnisse in den Bereichen Beratung, Kommunikation, Service, Schutz &amp; Vorsorge sowie Preis-Leistungs-Verh\u00e4ltnis. In allen f\u00fcnf Kategorien gab es die Bewertung \u201eSehr gut\u201c.<\/p>\n<p style=\"text-align: justify;\">Die <strong>W\u00fcrttembergische Krankenversicherung AG<\/strong> ist unter den Top 3 der besten privaten Krankenversicherungen 2025. Das Rating erfolgte durch das Deutsche Finanz-Service Institut (DFSI), das Produktqualit\u00e4t, Finanzst\u00e4rke und Kundenservice in der privaten Vollversicherung, Zusatz- und Pflegeversicherung analysierte. Das Rating dient als Orientierung f\u00fcr Interessenten, die eine private Krankenversicherung abschlie\u00dfen oder den Anbieter wechseln wollen.<\/p>\n<p style=\"text-align: justify;\">Das Wirtschaftsmagazin Wirtschaftswoche zeichnete au\u00dferdem die Pflegetagegeldversicherung der W\u00fcrttembergischen auf Grundlage einer Untersuchung des Analysehauses Morgen &amp; Morgen als ,,Sehr gut\u201c aus.<\/p>\n<p style=\"text-align: justify;\">Die <strong>W\u00fcrttembergische Lebensversicherung AG<\/strong> erzielte in mehreren unabh\u00e4ngigen Ratings hervorragende Bewertungen. Im bAV-Direktversicherungsrating 2025 des Instituts f\u00fcr Vorsorge und Finanzplanung (IVFP) wurden s\u00e4mtliche Direktversicherungsprodukte der W\u00fcrttembergischen \u2013 darunter Genius Vorsorge (fondsgebunden und klassisch), bAVKomfort sowie IndexClever \u2013 mit der Bestnote \u201eExzellent\u201c ausgezeichnet. Die Bewertung umfasste die Kategorien Unternehmen, Rendite, Flexibilit\u00e4t sowie Transparenz und Service.<\/p>\n<p style=\"text-align: justify;\">Auch Focus Money hob die Qualit\u00e4t von Genius Vorsorge hervor. Genius Vorsorge wurde in den Kategorien Neue Klassik, Fondspolicen garantieorientierte Hybridpolicen sowie IndexClever jeweils als \u201eSehr gut\u201c beurteilt. In Zusammenarbeit mit Franke und Bornberg hat das Magazin anhand von Kriterien wie Finanzst\u00e4rke, faire Vertragsbedingungen und Leistungen die besten Privatrenten ermittelt.<\/p>\n<p style=\"text-align: justify;\">Dar\u00fcber hinaus erhielt die W\u00fcrttembergische Lebensversicherung im IVFP-Rating zur LV-Unternehmensqualit\u00e4t die Note 1,2 (\u201esehr gut\u201c). Bewertet wurden unter anderem die Teilbereiche Stabilit\u00e4t und Sicherheit.<\/p>\n<p style=\"text-align: justify;\">Weitere renommierte Analysten best\u00e4tigten die hohe Produktqualit\u00e4t: Der Nachrichtensender ntv und Franke und Bornberg bewerteten Genius Vorsorge (Privat- und Basisrente) erneut mit Bestnoten. Zudem zeichnete Morgen &amp; Morgen die W\u00fcrttembergische im Rating bAV-Expertise mit der H\u00f6chstnote \u201e5 Sterne\u201c aus. Die Ergebnisse unterstreichen die hohe Kompetenz und Qualit\u00e4t der W\u00fcrttembergischen in der betrieblichen Altersversorgung.<\/p>\n<hr \/>\n<p style=\"text-align: justify;\">\n","protected":false},"excerpt":{"rendered":"<p>Auch in der zweiten H\u00e4lfte des vergangenen Jahres wurden die Versicherungsunternehmen der W\u00fcstenrot &amp; W\u00fcrttembergische-Gruppe (W&amp;W) in zahlreichen Ratings, Rankings, Tests und Vergleichen sehr gut bewertet. Die Ergebnisse best\u00e4tigen erneut die Qualit\u00e4t der Produkte und Dienstleistungen. Nachfolgend eine Auswahl aktueller Bewertungen. Die W\u00fcrttembergische Versicherung AG erhielt im Privatkundengesch\u00e4ft f\u00fcr mehrere ihrer Premiumtarife sehr gute Bewertungen: [&hellip;]<\/p>\n","protected":false},"author":4,"featured_media":148665,"comment_status":"closed","ping_status":"open","sticky":false,"template":"","format":"standard","meta":{"inline_featured_image":false,"_exactmetrics_skip_tracking":false,"_exactmetrics_sitenote_active":false,"_exactmetrics_sitenote_note":"","_exactmetrics_sitenote_category":0,"footnotes":""},"categories":[479],"tags":[14857,68,18],"class_list":{"0":"post-159314","1":"post","2":"type-post","3":"status-publish","4":"format-standard","5":"has-post-thumbnail","7":"category-wirtschaft","8":"tag-die-webzeitung","9":"tag-online-zeitung","10":"tag-wurttembergische"},"image_feature":"https:\/\/die-webzeitung.de\/stuttgart\/wp-content\/uploads\/sites\/4\/2023\/02\/Bild_Aussenaufnahme-WW-Campus_Hohe-Aufloesung_Andreas-Martin-scaled.jpg","author_name":"Redaktion","pure_taxonomies":{"categories":[{"term_id":479,"name":"Wirtschaft","slug":"wirtschaft","term_group":0,"term_taxonomy_id":1941,"taxonomy":"category","description":"","parent":0,"count":280,"filter":"raw","image":""}],"tags":[{"term_id":14857,"name":"Die-Webzeitung","slug":"die-webzeitung","term_group":0,"term_taxonomy_id":14876,"taxonomy":"post_tag","description":"","parent":0,"count":3615,"filter":"raw","image":""},{"term_id":68,"name":"Online-Zeitung","slug":"online-zeitung","term_group":0,"term_taxonomy_id":69,"taxonomy":"post_tag","description":"","parent":0,"count":3585,"filter":"raw","image":""},{"term_id":18,"name":"W\u00fcrttembergische","slug":"wurttembergische","term_group":0,"term_taxonomy_id":18,"taxonomy":"post_tag","description":"","parent":0,"count":110,"filter":"raw","image":""}]},"_links":{"self":[{"href":"https:\/\/die-webzeitung.de\/stuttgart\/wp-json\/wp\/v2\/posts\/159314","targetHints":{"allow":["GET"]}}],"collection":[{"href":"https:\/\/die-webzeitung.de\/stuttgart\/wp-json\/wp\/v2\/posts"}],"about":[{"href":"https:\/\/die-webzeitung.de\/stuttgart\/wp-json\/wp\/v2\/types\/post"}],"author":[{"embeddable":true,"href":"https:\/\/die-webzeitung.de\/stuttgart\/wp-json\/wp\/v2\/users\/4"}],"replies":[{"embeddable":true,"href":"https:\/\/die-webzeitung.de\/stuttgart\/wp-json\/wp\/v2\/comments?post=159314"}],"version-history":[{"count":0,"href":"https:\/\/die-webzeitung.de\/stuttgart\/wp-json\/wp\/v2\/posts\/159314\/revisions"}],"wp:featuredmedia":[{"embeddable":true,"href":"https:\/\/die-webzeitung.de\/stuttgart\/wp-json\/wp\/v2\/media\/148665"}],"wp:attachment":[{"href":"https:\/\/die-webzeitung.de\/stuttgart\/wp-json\/wp\/v2\/media?parent=159314"}],"wp:term":[{"taxonomy":"category","embeddable":true,"href":"https:\/\/die-webzeitung.de\/stuttgart\/wp-json\/wp\/v2\/categories?post=159314"},{"taxonomy":"post_tag","embeddable":true,"href":"https:\/\/die-webzeitung.de\/stuttgart\/wp-json\/wp\/v2\/tags?post=159314"}],"curies":[{"name":"wp","href":"https:\/\/api.w.org\/{rel}","templated":true}]}}