{"id":159306,"date":"2026-01-22T17:36:32","date_gmt":"2026-01-22T16:36:32","guid":{"rendered":"https:\/\/die-webzeitung.de\/stuttgart\/?p=159306"},"modified":"2026-01-22T17:37:03","modified_gmt":"2026-01-22T16:37:03","slug":"stuttgart-ruestet-sich-fuer-den-notfall-leuchttuerme-als-erste-anlaufstelle","status":"publish","type":"post","link":"https:\/\/die-webzeitung.de\/stuttgart\/2026\/01\/22\/stuttgart-ruestet-sich-fuer-den-notfall-leuchttuerme-als-erste-anlaufstelle\/","title":{"rendered":"Stuttgart r\u00fcstet sich f\u00fcr den Notfall \u2013 Leuchtt\u00fcrme als erste Anlaufstelle"},"content":{"rendered":"<header class=\"SP-ArticleHeader\">\n<div class=\"SP-Intro\">\n<p>Stuttgart st\u00e4rkt seine Krisenvorsorge mit 26 Notfall\u2010Leuchtt\u00fcrmen. Sie dienen bei Katastrophen und langen Stromausf\u00e4llen als Anlaufstellen, melden Notf\u00e4lle per Funk und k\u00f6nnen rasch aktiviert werden. Erg\u00e4nzend sind bis zu 41 Notfall\u2010Treffpunkte geplant.<\/p>\n<\/div>\n<\/header>\n<div class=\"SP-ArticleContent\">\n<div class=\"SP-Section\">\n<div class=\"SP-Section__content\">\n<div class=\"SP-Text\">\n<div class=\"SP-Paragraph\" data-sp-table=\"\" data-sp-table-bootstrapped=\"sp-20\">\n<p style=\"text-align: justify;\">Stuttgart bereitet sich auf den Ernstfall vor und st\u00e4rkt seine Krisenfestigkeit. So finden sich nun 26 Notfall\u2010Leuchtt\u00fcrme in den Stadtbezirken. Diese Leuchtt\u00fcrme dienen als Anlaufstellen f\u00fcr die Bev\u00f6lkerung, wenn es durch Naturkatastrophen oder Unf\u00e4llen zu einem gr\u00f6\u00dferen Schadensereignis kommt.<\/p>\n<p style=\"text-align: justify;\">Insbesondere bei einem langanhaltenden Stromausfall kommt ihnen eine zentrale Rolle zu. Denn ohne Strom f\u00e4llt auch das Telefon\u2010 und Mobilfunknetz aus. In einer solchen Situation k\u00f6nnen Notf\u00e4lle \u00fcber die Notfall\u2010Leuchtt\u00fcrme mittels Fahrzeugfunk der Einsatzfahrzeuge an die Integrierte Leitstelle Stuttgart gemeldet werden.<\/p>\n<p style=\"text-align: justify;\">Die Notfall\u2010Leuchtt\u00fcrme k\u00f6nnen innerhalb von 30 Minuten aktiviert werden. Die Standorte werden durch Einsatzkr\u00e4fte der Freiwilligen Feuerwehr und der DLRG besetzt.<br \/>\nSie dienen als Anlaufstelle f\u00fcr B\u00fcrgerinnen und B\u00fcrger, die Hilfe brauchen. Bei den Leuchtt\u00fcrmen k\u00f6nnen diese Meldungen ggf. gesammelt oder direkt per Funk an die Integrierte Leitstelle weitergegeben werden. Damit diese Strukturen im Ernstfall sicher funktionieren, werden in den kommenden Monaten die Standorte mit einem einheitlichen \u00dcbungskonzept geschult. Bei den Standorten handelt es sich um 23 Standorte der Freiwilligen Feuerwehr Stuttgart und drei ausgew\u00e4hlte Hallenb\u00e4der, welche durch Einsatzkr\u00e4fte der DLRG besetzt werden.<\/p>\n<p style=\"text-align: justify;\">Sobald eine Krise l\u00e4nger andauert und die Auswirkungen weite Teile der Stadt betreffen, k\u00f6nnen bis zu 41 Notfall\u2010Treffpunkte eingerichtet werden. Diese bieten verschiedene Dienstleistungen an. Darunter eine Notrufmeldestelle, ggf. \u00e4rztliche Versorgung, Laden von medizinischen Ger\u00e4ten und Handys, Aushang amtlicher Meldungen und Informationen zur Lage. Je nach Krisensituationen wird auch Verpflegung, Lebensmittel und Trinkwasser zur Verf\u00fcgung gestellt.<\/p>\n<p style=\"text-align: justify;\">Das Konzept hat sich in einer Simulation bew\u00e4hrt. So wurde Ende 2025 die Freiwillige Feuerwehr Stuttgart \u2013 Abteilung Untert\u00fcrkheim ohne Vorank\u00fcndigung alarmiert, um den Ernstfall m\u00f6glichst realistisch zu erproben. Angenommen wurde ein gro\u00dffl\u00e4chiger Stromausfall, durch den der Notruf 112 nicht mehr erreichbar war. Die Einsatzkr\u00e4fte besetzten den Leuchtturm und stellten \u00fcber den Fahrzeugfunk den Kontakt zur Integrierten Leitstelle her.<\/p>\n<p style=\"text-align: justify;\">Im Verlauf der \u00dcbung versch\u00e4rfte sich die Lage weiter: Die Funkverbindung zur Integrierten Leitstelle brach ab. Damit mussten die Einsatzkr\u00e4fte selbstst\u00e4ndig handeln. Zwei kleinere \u00dcbungseins\u00e4tze im Einsatzgebiet der Abteilung wurden angenommen und durch ein Hilfeleistungsl\u00f6schfahrzeug der Abteilung Untert\u00fcrkheim abgearbeitet. So konnten die Einsatzkr\u00e4fte \u00fcben, wie sie bei komplettem Kommunikationsausfall vorgehen und gleichzeitig die Rolle des Notfall\u2010Leuchtturms aufrechterhalten.<\/p>\n<p style=\"text-align: justify;\">Der B\u00fcrgermeister f\u00fcr Sicherheit Ordnung und Sport, Dr. Clemens Maier sagte: \u201eDie Notfall\u2010Leuchtt\u00fcrme sind ein wichtiger Baustein f\u00fcr die Krisenvorsorge in Stuttgart. Dass dieses Konzept funktioniert, hat die erste \u00dcbung bewiesen. Ich bedanke mich insbesondere bei den ehrenamtlichen Einsatzkr\u00e4ften f\u00fcr Ihren Einsatz\u201c<\/p>\n<p style=\"text-align: justify;\">Amtsleiter und Feuerwehrkommandant Dr. Georg Belge erg\u00e4nzte: \u201eUnsere Einsatzkr\u00e4fte von Feuerwehr und Katastrophenschutz sind auch in au\u00dfergew\u00f6hnlichen Einsatzlagen f\u00fcr die Stuttgarter B\u00fcrgerinnen und B\u00fcrger erreichbar. Wichtig bleibt die pers\u00f6nliche Eigenvorsorge, da wir im Gro\u00dfschadensfall nicht \u00fcberall gleichzeitig vor Ort sein k\u00f6nnen. Dies betrifft insbesondere einen Vorrat an Lebensmitteln und Trinkwasser, aber auch Hygienegenst\u00e4nde, Taschenlampen oder batteriebetriebene Radios.\u201c<\/p>\n<p style=\"text-align: justify;\">Prof. Dr. Stefan Ehehalt, Leiter des Gesundheitsamts, bekr\u00e4ftigt die Bedeutung der Eigenvorsorge \u2013 insbesondere f\u00fcr Menschen mit chronischen Erkrankungen: \u201eWir empfehlen, mit dem behandelnden Arzt bzw. der behandelnden \u00c4rztin zu besprechen, ob bestimmte Ma\u00dfnahmen vorsorglich getroffen werden sollten. Dazu z\u00e4hlt beispielsweise, dass dringend ben\u00f6tigte Medikamente ausreichend zu Hause vorhanden sind oder dass Dialysepatienten wissen, an wen sie sich in einem solchen Fall wenden k\u00f6nnen. Menschen, die auf ein Heimbeatmungsger\u00e4t angewiesen sind, sollten darauf achten, dass der Ersatzakku geladen ist, und kl\u00e4ren, wer sie dabei unterst\u00fctzt, die Akkus zum Aufladen an den n\u00e4chsten Notfall\u2010Leuchtturm oder Notfall\u2010Treffpunkt zu bringen.\u201c<\/p>\n<p style=\"text-align: justify;\">Alle Standorte und weitere Informationen, zu den Notfall\u2010Treffpunkten und den Notfall\u2010Leuchtt\u00fcrmen, k\u00f6nnen hier abgerufen werden: <a class=\"SP-Paragraph__link\" href=\"https:\/\/www.stuttgart.de\/leben\/sicherheit\/bevoelkerungsschutz\/notfall-anlaufstellen\" target=\"_blank\" rel=\"noopener\">\u00a0<span class=\"SP-Paragraph__linkText\"><span class=\"SP-Paragraph__linkTitle\">https:\/\/www.stuttgart.de\/leben\/sicherheit\/bevoelkerungsschutz\/notfall\u2010anlaufstellen<\/span><\/span><\/a><\/p>\n<p style=\"text-align: justify;\">Informationen zum landesweiten System der Anlaufstellen im Krisenfall, sowie weiterf\u00fchrende Informationen zur allgemeinen Krisenvorsorge, sind verf\u00fcgbar unter:\u00a0<a class=\"SP-Paragraph__link\" href=\"https:\/\/www.notfalltreffpunkt-bw.de\/\" target=\"_blank\" rel=\"noopener\">\u00a0<span class=\"SP-Paragraph__linkText\"><span class=\"SP-Paragraph__linkTitle\">https:\/\/www.notfalltreffpunkt\u2010bw.de\/<\/span><\/span><\/a><\/p>\n<hr \/>\n<p style=\"text-align: justify;\">\n<\/div>\n<\/div>\n<\/div>\n<\/div>\n<\/div>\n","protected":false},"excerpt":{"rendered":"<p>Stuttgart st\u00e4rkt seine Krisenvorsorge mit 26 Notfall\u2010Leuchtt\u00fcrmen. Sie dienen bei Katastrophen und langen Stromausf\u00e4llen als Anlaufstellen, melden Notf\u00e4lle per Funk und k\u00f6nnen rasch aktiviert werden. Erg\u00e4nzend sind bis zu 41 Notfall\u2010Treffpunkte geplant. Stuttgart bereitet sich auf den Ernstfall vor und st\u00e4rkt seine Krisenfestigkeit. So finden sich nun 26 Notfall\u2010Leuchtt\u00fcrme in den Stadtbezirken. Diese Leuchtt\u00fcrme dienen [&hellip;]<\/p>\n","protected":false},"author":4,"featured_media":159307,"comment_status":"closed","ping_status":"open","sticky":false,"template":"","format":"standard","meta":{"inline_featured_image":false,"_exactmetrics_skip_tracking":false,"_exactmetrics_sitenote_active":false,"_exactmetrics_sitenote_note":"","_exactmetrics_sitenote_category":0,"footnotes":""},"categories":[2239],"tags":[14857,18227,6354,68,275],"class_list":{"0":"post-159306","1":"post","2":"type-post","3":"status-publish","4":"format-standard","5":"has-post-thumbnail","7":"category-stuttgart-lokal","8":"tag-die-webzeitung","9":"tag-leuchtturm","10":"tag-notfall","11":"tag-online-zeitung","12":"tag-stuttgart"},"image_feature":"https:\/\/die-webzeitung.de\/stuttgart\/wp-content\/uploads\/sites\/4\/2026\/01\/Notfall-Leuchtturm-scaled.jpg","author_name":"Redaktion","pure_taxonomies":{"categories":[{"term_id":2239,"name":"Stuttgart","slug":"stuttgart-lokal","term_group":0,"term_taxonomy_id":2252,"taxonomy":"category","description":"Berichte und Informationen aus Stuttgart","parent":1433,"count":940,"filter":"raw","image":""}],"tags":[{"term_id":14857,"name":"Die-Webzeitung","slug":"die-webzeitung","term_group":0,"term_taxonomy_id":14876,"taxonomy":"post_tag","description":"","parent":0,"count":3615,"filter":"raw","image":""},{"term_id":18227,"name":"Leuchtturm","slug":"leuchtturm","term_group":0,"term_taxonomy_id":18246,"taxonomy":"post_tag","description":"","parent":0,"count":1,"filter":"raw","image":""},{"term_id":6354,"name":"Notfall","slug":"notfall","term_group":0,"term_taxonomy_id":6375,"taxonomy":"post_tag","description":"","parent":0,"count":3,"filter":"raw","image":""},{"term_id":68,"name":"Online-Zeitung","slug":"online-zeitung","term_group":0,"term_taxonomy_id":69,"taxonomy":"post_tag","description":"","parent":0,"count":3585,"filter":"raw","image":""},{"term_id":275,"name":"Stuttgart","slug":"stuttgart","term_group":0,"term_taxonomy_id":281,"taxonomy":"post_tag","description":"","parent":0,"count":1192,"filter":"raw","image":""}]},"_links":{"self":[{"href":"https:\/\/die-webzeitung.de\/stuttgart\/wp-json\/wp\/v2\/posts\/159306","targetHints":{"allow":["GET"]}}],"collection":[{"href":"https:\/\/die-webzeitung.de\/stuttgart\/wp-json\/wp\/v2\/posts"}],"about":[{"href":"https:\/\/die-webzeitung.de\/stuttgart\/wp-json\/wp\/v2\/types\/post"}],"author":[{"embeddable":true,"href":"https:\/\/die-webzeitung.de\/stuttgart\/wp-json\/wp\/v2\/users\/4"}],"replies":[{"embeddable":true,"href":"https:\/\/die-webzeitung.de\/stuttgart\/wp-json\/wp\/v2\/comments?post=159306"}],"version-history":[{"count":1,"href":"https:\/\/die-webzeitung.de\/stuttgart\/wp-json\/wp\/v2\/posts\/159306\/revisions"}],"predecessor-version":[{"id":159308,"href":"https:\/\/die-webzeitung.de\/stuttgart\/wp-json\/wp\/v2\/posts\/159306\/revisions\/159308"}],"wp:featuredmedia":[{"embeddable":true,"href":"https:\/\/die-webzeitung.de\/stuttgart\/wp-json\/wp\/v2\/media\/159307"}],"wp:attachment":[{"href":"https:\/\/die-webzeitung.de\/stuttgart\/wp-json\/wp\/v2\/media?parent=159306"}],"wp:term":[{"taxonomy":"category","embeddable":true,"href":"https:\/\/die-webzeitung.de\/stuttgart\/wp-json\/wp\/v2\/categories?post=159306"},{"taxonomy":"post_tag","embeddable":true,"href":"https:\/\/die-webzeitung.de\/stuttgart\/wp-json\/wp\/v2\/tags?post=159306"}],"curies":[{"name":"wp","href":"https:\/\/api.w.org\/{rel}","templated":true}]}}