{"id":159286,"date":"2026-01-20T14:37:24","date_gmt":"2026-01-20T13:37:24","guid":{"rendered":"https:\/\/die-webzeitung.de\/stuttgart\/2026\/01\/20\/radfahren-im-hochschwarzwald\/"},"modified":"2026-01-20T14:39:47","modified_gmt":"2026-01-20T13:39:47","slug":"radfahren-im-hochschwarzwald","status":"publish","type":"post","link":"https:\/\/die-webzeitung.de\/stuttgart\/2026\/01\/20\/radfahren-im-hochschwarzwald\/","title":{"rendered":"Radfahren im Hochschwarzwald"},"content":{"rendered":"<h4 style=\"text-align: justify;\"><strong>Neues <wbr \/>Wegenetz\u00a0und\u00a0hochklassige Bike-Events\u00a0<\/strong><\/h4>\n<p style=\"text-align: justify;\">Die Ferienregion Hochschwarzwald baut ihre Infrastruktur f\u00fcr Mountain- und Gravel-biker:innen aus: In den kommenden Monaten soll durch die Erweiterung und neue Kennzeichnung zahlreicher Routen ein Netz von mehr als 1.000 Kilometern einheitlich ausgeschilderter Radstrecken entstehen, das Biker Orientierung bietet. Daneben lockt der Hochschwarzwald mit neuen Angeboten wie dem H\u00f6fe-Hopping sowie mit traditionsreichen Radsportevents, bei denen sowohl Hobbyradler jeden Leistungsniveaus als auch internationale Spitzenathleten an den Start gehen.<\/p>\n<p style=\"text-align: justify;\"><strong>Hinterzarten,\u00a020.01.2026:<\/strong>\u00a0<wbr \/>Einzigartige Naturlandschaft, abwechslungsreiche Topografie, gem\u00e4\u00dfigtes Klima und ein dichtes Netz an Vesperstuben, H\u00fctten und Gasth\u00e4usern: Der Hochschwarzwald bietet beste Voraussetzungen f\u00fcr eindrucksvolle Naturerlebnisse, ob zu Fu\u00df oder auf zwei R\u00e4dern. Wo Wandernde bereits seit vielen Jahren ein einheitlich ausgeschildertes Wegenetz vorfinden, wird aktuell auch die Infrastruktur f\u00fcr Radfahrer ausgebaut und optimiert. Zentrales Element ist die Ausweisung eines neuen Basis-Radwegenetzes in der Ferienregion Hochschwarzwald. Dabei werden bestehende Routen im Laufe des Jahres 2026 umstrukturiert, erweitert und zusammengef\u00fchrt \u2013 und mit einer komplett neuen Beschilderung versehen, samt Angaben zu Entfernungen und zu \u00fcberwindenden H\u00f6henmetern. Sie soll gew\u00e4hrleisten, dass Radfahrer sowohl im Wald als auch auf Feldwegen stets die richtige Route finden und keine Sehensw\u00fcrdigkeit entlang der Strecke verpassen.<\/p>\n<p style=\"text-align: justify;\">Der erste Abschnitt\u00a0wurde bereits im n\u00f6rdlichen Bereich des\u00a0Hochschwarzwaldes er\u00f6ffnet. Rund um\u00a0Furtwangen, Schonach, Sch\u00f6nwald und\u00a0St. Georgen zeigen\u00a0nun\u00a0gelb-blaue\u00a0<wbr \/>Wegweiser,\u00a0dass\u00a0Gravel-\u00a0und\u00a0<wbr \/>Mountainbiker auf der richtigen Strecke unterwegs sind. In den kommenden Monaten sollen der mittlere und der s\u00fcdliche Teil der Ferienregion folgen, sodass anschlie\u00dfend ein zusammenh\u00e4ngendes Netz von mehr als 1.000 Kilometern einheitlich\u00a0 ausgeschilderter Radstrecken zur Verf\u00fcgung steht \u2013 damit Biker sich unterwegs nicht mit der Suche des richtigen Weges befassen m\u00fcssen, sondern sich darauf konzentrieren k\u00f6nnen, <wbr \/>die\u00a0Fahrt und die Naturlandschaft zu genie\u00dfen.<br \/>\nWeitere\u00a0Informationen\u00a0zum Thema Rad\u00a0und\u00a0zahlreiche\u00a0<wbr \/>Tourenvorschl\u00e4ge sind online zu finden unter:\u00a0<a href=\"https:\/\/hochschwarzwald.us14.list-manage.com\/track\/click?u=eb59927b03ca8a75022ade325&amp;id=1d311f15eb&amp;e=c77f7a98f0\" target=\"_blank\" rel=\"noopener\" data-saferedirecturl=\"https:\/\/www.google.com\/url?q=https:\/\/hochschwarzwald.us14.list-manage.com\/track\/click?u%3Deb59927b03ca8a75022ade325%26id%3D1d311f15eb%26e%3Dc77f7a98f0&amp;source=gmail&amp;ust=1768999295754000&amp;usg=AOvVaw3H0WLNeRSUwMwcLzDaoP4w\">hochschwarzwald.de\/<wbr \/>radfahren<\/a>.<\/p>\n<p style=\"text-align: justify;\"><strong>NEU:\u00a0Das H\u00f6fe-Hopping \u2013 eine kulinarische E-Bike-Tour\u00a0\u00a0<\/strong><\/p>\n<p style=\"text-align: justify;\">Wer den Hochschwarzwald nicht auf eigene Faust erkunden m\u00f6chte, kann\u00a0 auf ein breites\u00a0 Angebot an gef\u00fchrten Touren\u00a0 zur\u00fcckgreifen, die im Sommerhalbjahr regelm\u00e4\u00dfig stattfinden. Ob lange oder kurze Strecken, ob auf die Gipfel oder zu den Schwarzwaldseen, ob mit dem E-Bike oder ohne Antrieb \u2013 Biker jeden Leistungsniveaus finden hier die f\u00fcr sie passende Tour. Eine kulinarische E-Bike-Tour der besonderen Art ist das neue H\u00f6fe-Hopping, das im vergangenen Sommer seine Premiere feierte. Unterwegs lernen Teilnehmende mit einem ortskundigen Guide nicht nur die Natursch\u00f6nheiten der Region kennen, sondern steuern unterwegs auch mehrere landwirtschaftliche Betriebe an. Dort erhalten sie Einblicke in die Arbeit und Wirtschaftsweise der Hofbesitzer und k\u00f6nnen sich mit hofeigenen Produkten f\u00fcr die Weiterfahrt st\u00e4rken. Termine und Tickets f\u00fcr die H\u00f6fe-Hoppings 2026 gibt es ab Fr\u00fchjahr online<br \/>\nunter:\u00a0<a href=\"https:\/\/hochschwarzwald.us14.list-manage.com\/track\/click?u=eb59927b03ca8a75022ade325&amp;id=80acdaf8ae&amp;e=c77f7a98f0\" target=\"_blank\" rel=\"noopener\" data-saferedirecturl=\"https:\/\/www.google.com\/url?q=https:\/\/hochschwarzwald.us14.list-manage.com\/track\/click?u%3Deb59927b03ca8a75022ade325%26id%3D80acdaf8ae%26e%3Dc77f7a98f0&amp;source=gmail&amp;ust=1768999295754000&amp;usg=AOvVaw3vEVIuCDx7ZNhfyWJhEInW\">hochschwarzwald.de\/<wbr \/>genuss-sommer<\/a>.<\/p>\n<p style=\"text-align: justify;\"><strong>Highlights 2026: Bike-Events auf internationalem Spitzenniveau\u00a0\u00a0<\/strong><\/p>\n<p style=\"text-align: justify;\">Neben den j\u00e4hrlich im Hochschwarzwald stattfindenden Radsportevents steht 2026 ein besonderes Highlight an:\u00a0Bei den\u00a0<strong>Deutschen Meisterschaften im Downhill<\/strong>\u00a0vom 11. bis 13. September wird die nationale Elite\u00a0der\u00a0Downhill-<wbr \/>Mountainbiker im Bikepark am Hasenhorn in Todtnau zu Gast sein und dem Publikum spannende Rennen und spektakul\u00e4re Abfahrten bieten.<\/p>\n<p style=\"text-align: justify;\">Gemeinsam auf die Strecke gehen Spitzenprofis und ambitionierte\u00a0Hobbyradler beim\u00a0<strong>Black Forest Ultra Bike Marathon<\/strong> vom 24. bis 26. Juli 2026. Das Rennen \u00fcber die Langdistanz von 118 Kilometern z\u00e4hlt seit vergangenem Jahr zur f\u00fcnfteiligen Hero UCI Marathon-Weltcup und wird neben Tausenden Amateuren auch\u00a0<wbr \/>die weltbesten\u00a0 Mountainbiker an den Start in Kirchzarten locken.<\/p>\n<p style=\"text-align: justify;\">Bei der\u00a0<strong>Gravel\u00a0Rallye Black Forest<\/strong>\u00a0vom 17. bis 19. Juli 2026 stehen hingegen nicht die schnellsten Zeiten, sondern vielmehr das gemeinsame Gravelbike-Erlebnis und der Austausch in der Community im Fokus.\u00a0Ausgangspunkt f\u00fcr die angebotenen Rundstrecken ist das Festivalgel\u00e4nde in Feldberg-Altglash\u00fctten.<\/p>\n<p style=\"text-align: justify;\">Als\u00a0Klassiker\u00a0unter den Radevents\u00a0hat sich\u00a0mittlerweile\u00a0der\u00a0<strong>Schwarzw<wbr \/>ald Bike Marathon<\/strong>\u00a0in Furtwangen etabliert.\u00a0Am 12. und 13. September 2026 k\u00f6nnen\u00a0Mountainbiker:innen\u00a0<wbr \/>drei Strecken mit unterschiedlichen Distanzen in Angriff nehmen. Zudem gibt es Rundkurse f\u00fcr E-Bikes und Gravelbiker.<wbr \/><\/p>\n<p style=\"text-align: justify;\">Weitere Informationen\u00a0zu allen Radsportveranstaltungen unter:\u00a0<a href=\"https:\/\/hochschwarzwald.us14.list-manage.com\/track\/click?u=eb59927b03ca8a75022ade325&amp;id=ec842c13ff&amp;e=c77f7a98f0\" target=\"_blank\" rel=\"noopener\" data-saferedirecturl=\"https:\/\/www.google.com\/url?q=https:\/\/hochschwarzwald.us14.list-manage.com\/track\/click?u%3Deb59927b03ca8a75022ade325%26id%3Dec842c13ff%26e%3Dc77f7a98f0&amp;source=gmail&amp;ust=1768999295754000&amp;usg=AOvVaw3uK8msWJdQisZV5FoN4Cb9\">hochschwarzwald.de\/<wbr \/>events<\/a><\/p>\n<hr \/>\n<p style=\"text-align: justify;\">\n","protected":false},"excerpt":{"rendered":"<p>Neues Wegenetz\u00a0und\u00a0hochklassige Bike-Events\u00a0 Die Ferienregion Hochschwarzwald baut ihre Infrastruktur f\u00fcr Mountain- und Gravel-biker:innen aus: In den kommenden Monaten soll durch die Erweiterung und neue Kennzeichnung zahlreicher Routen ein Netz von mehr als 1.000 Kilometern einheitlich ausgeschilderter Radstrecken entstehen, das Biker Orientierung bietet. Daneben lockt der Hochschwarzwald mit neuen Angeboten wie dem H\u00f6fe-Hopping sowie mit traditionsreichen [&hellip;]<\/p>\n","protected":false},"author":4,"featured_media":159287,"comment_status":"closed","ping_status":"open","sticky":false,"template":"","format":"standard","meta":{"inline_featured_image":false,"_exactmetrics_skip_tracking":false,"_exactmetrics_sitenote_active":false,"_exactmetrics_sitenote_note":"","_exactmetrics_sitenote_category":0,"footnotes":""},"categories":[59,89],"tags":[10531,14857,13976,68,9514],"class_list":{"0":"post-159286","1":"post","2":"type-post","3":"status-publish","4":"format-standard","5":"has-post-thumbnail","7":"category-aktuell","8":"category-reisezeit","9":"tag-bike","10":"tag-die-webzeitung","11":"tag-downhill","12":"tag-online-zeitung","13":"tag-schwarzwald"},"image_feature":"https:\/\/die-webzeitung.de\/stuttgart\/wp-content\/uploads\/sites\/4\/2026\/01\/mountain-bike-3469486_1280-scaled.jpg","author_name":"Redaktion","pure_taxonomies":{"categories":[{"term_id":59,"name":"Aktuell","slug":"aktuell","term_group":0,"term_taxonomy_id":60,"taxonomy":"category","description":"","parent":0,"count":1017,"filter":"raw","image":""},{"term_id":89,"name":"Freizeit &amp; Reise","slug":"reisezeit","term_group":0,"term_taxonomy_id":90,"taxonomy":"category","description":"","parent":482,"count":34,"filter":"raw","image":""}],"tags":[{"term_id":10531,"name":"Bike","slug":"bike","term_group":0,"term_taxonomy_id":10566,"taxonomy":"post_tag","description":"","parent":0,"count":1,"filter":"raw","image":""},{"term_id":14857,"name":"Die-Webzeitung","slug":"die-webzeitung","term_group":0,"term_taxonomy_id":14876,"taxonomy":"post_tag","description":"","parent":0,"count":3615,"filter":"raw","image":""},{"term_id":13976,"name":"Downhill","slug":"downhill","term_group":0,"term_taxonomy_id":14018,"taxonomy":"post_tag","description":"","parent":0,"count":2,"filter":"raw","image":""},{"term_id":68,"name":"Online-Zeitung","slug":"online-zeitung","term_group":0,"term_taxonomy_id":69,"taxonomy":"post_tag","description":"","parent":0,"count":3585,"filter":"raw","image":""},{"term_id":9514,"name":"Schwarzwald","slug":"schwarzwald","term_group":0,"term_taxonomy_id":9544,"taxonomy":"post_tag","description":"","parent":0,"count":3,"filter":"raw","image":""}]},"_links":{"self":[{"href":"https:\/\/die-webzeitung.de\/stuttgart\/wp-json\/wp\/v2\/posts\/159286","targetHints":{"allow":["GET"]}}],"collection":[{"href":"https:\/\/die-webzeitung.de\/stuttgart\/wp-json\/wp\/v2\/posts"}],"about":[{"href":"https:\/\/die-webzeitung.de\/stuttgart\/wp-json\/wp\/v2\/types\/post"}],"author":[{"embeddable":true,"href":"https:\/\/die-webzeitung.de\/stuttgart\/wp-json\/wp\/v2\/users\/4"}],"replies":[{"embeddable":true,"href":"https:\/\/die-webzeitung.de\/stuttgart\/wp-json\/wp\/v2\/comments?post=159286"}],"version-history":[{"count":1,"href":"https:\/\/die-webzeitung.de\/stuttgart\/wp-json\/wp\/v2\/posts\/159286\/revisions"}],"predecessor-version":[{"id":159288,"href":"https:\/\/die-webzeitung.de\/stuttgart\/wp-json\/wp\/v2\/posts\/159286\/revisions\/159288"}],"wp:featuredmedia":[{"embeddable":true,"href":"https:\/\/die-webzeitung.de\/stuttgart\/wp-json\/wp\/v2\/media\/159287"}],"wp:attachment":[{"href":"https:\/\/die-webzeitung.de\/stuttgart\/wp-json\/wp\/v2\/media?parent=159286"}],"wp:term":[{"taxonomy":"category","embeddable":true,"href":"https:\/\/die-webzeitung.de\/stuttgart\/wp-json\/wp\/v2\/categories?post=159286"},{"taxonomy":"post_tag","embeddable":true,"href":"https:\/\/die-webzeitung.de\/stuttgart\/wp-json\/wp\/v2\/tags?post=159286"}],"curies":[{"name":"wp","href":"https:\/\/api.w.org\/{rel}","templated":true}]}}