{"id":159283,"date":"2026-01-20T14:29:38","date_gmt":"2026-01-20T13:29:38","guid":{"rendered":"https:\/\/die-webzeitung.de\/stuttgart\/?p=159283"},"modified":"2026-01-20T14:29:38","modified_gmt":"2026-01-20T13:29:38","slug":"nach-brand-in-feuerbach-stadt-bringt-alle-250-gefluechteten-unter","status":"publish","type":"post","link":"https:\/\/die-webzeitung.de\/stuttgart\/2026\/01\/20\/nach-brand-in-feuerbach-stadt-bringt-alle-250-gefluechteten-unter\/","title":{"rendered":"Nach Brand in Feuerbach: Stadt bringt alle 250 Gefl\u00fcchteten unter"},"content":{"rendered":"<h4 class=\"m_614492566234830131mynewsHeadline\" style=\"text-align: justify;\"><strong>Sporthallen werden umgehend ger\u00e4umt\u00a0<\/strong><\/h4>\n<p style=\"text-align: justify;\">Stuttgart.| Nach dem Brandereignis am Dienstagmorgen in der Siemensstra\u00dfe in Stuttgart-Feuerbach konnten zwei Sporthallen als Notunterk\u00fcnfte eingerichtet werden. Diese Hallen k\u00f6nnen im Laufe des heutigen Abends (20.02.2026) wieder ger\u00e4umt werden, wie die B\u00fcrgermeisterin f\u00fcr Soziales, Gesundheit und \u00a0Integration Dr. Alexandra Su\u00dfmann mitteilte. Der Stadtverwaltung ist es gelungen, alle 250 gefl\u00fcchteten Personen kurzfristig anderweitig unterzubringen.<\/p>\n<div>\n<p style=\"text-align: justify;\">Frau Dr. Su\u00dfmann sagte: &#8220;Der Einsatz der vergangenen Stunden steht beispielhaft f\u00fcr das hohe Ma\u00df an Verantwortung, Solidarit\u00e4t und sozialem Engagement in unserer Stadt. Mein besonderer Dank gilt allen haupt- und ehrenamtlichen Einsatzkr\u00e4ften von Feuerwehr, Deutschem Roten Kreuz, Malteser Hilfsdienst, Johanniter Unfallhilfe, DLRG, THW, Freiwilliger Feuerwehr sowie den Mitarbeitenden der Stadtverwaltung und der SSB AG. Ihnen allen ist es unter schwierigen Bedingungen gelungen, die Gefl\u00fcchteten in Sicherheit zu bringen und zu versorgen. Die Notunterbringung in einem anderen Hotel kann aber keine Dauerl\u00f6sung sein.&#8221;<\/p>\n<p style=\"text-align: justify;\">Su\u00dfmann betonte, dass es f\u00fcr Botnang und Wangen bedeutsam sei, dass die Hallen noch diese Woche wieder sportlich und kulturell genutzt werden k\u00f6nnten.<\/p>\n<hr \/>\n<p style=\"text-align: justify;\">\n<\/div>\n","protected":false},"excerpt":{"rendered":"<p>Sporthallen werden umgehend ger\u00e4umt\u00a0 Stuttgart.| Nach dem Brandereignis am Dienstagmorgen in der Siemensstra\u00dfe in Stuttgart-Feuerbach konnten zwei Sporthallen als Notunterk\u00fcnfte eingerichtet werden. Diese Hallen k\u00f6nnen im Laufe des heutigen Abends (20.02.2026) wieder ger\u00e4umt werden, wie die B\u00fcrgermeisterin f\u00fcr Soziales, Gesundheit und \u00a0Integration Dr. Alexandra Su\u00dfmann mitteilte. Der Stadtverwaltung ist es gelungen, alle 250 gefl\u00fcchteten Personen [&hellip;]<\/p>\n","protected":false},"author":4,"featured_media":159284,"comment_status":"closed","ping_status":"open","sticky":false,"template":"","format":"standard","meta":{"inline_featured_image":false,"_exactmetrics_skip_tracking":false,"_exactmetrics_sitenote_active":false,"_exactmetrics_sitenote_note":"","_exactmetrics_sitenote_category":0,"footnotes":""},"categories":[2239],"tags":[10433,14857,17316,68,275,13731],"class_list":{"0":"post-159283","1":"post","2":"type-post","3":"status-publish","4":"format-standard","5":"has-post-thumbnail","7":"category-stuttgart-lokal","8":"tag-brand","9":"tag-die-webzeitung","10":"tag-gefluechtete","11":"tag-online-zeitung","12":"tag-stuttgart","13":"tag-unterbringung"},"image_feature":"https:\/\/die-webzeitung.de\/stuttgart\/wp-content\/uploads\/sites\/4\/2026\/01\/fire-fighters-438962_1280-scaled.jpg","author_name":"Redaktion","pure_taxonomies":{"categories":[{"term_id":2239,"name":"Stuttgart","slug":"stuttgart-lokal","term_group":0,"term_taxonomy_id":2252,"taxonomy":"category","description":"Berichte und Informationen aus Stuttgart","parent":1433,"count":941,"filter":"raw","image":""}],"tags":[{"term_id":10433,"name":"Brand","slug":"brand","term_group":0,"term_taxonomy_id":10468,"taxonomy":"post_tag","description":"","parent":0,"count":5,"filter":"raw","image":""},{"term_id":14857,"name":"Die-Webzeitung","slug":"die-webzeitung","term_group":0,"term_taxonomy_id":14876,"taxonomy":"post_tag","description":"","parent":0,"count":3616,"filter":"raw","image":""},{"term_id":17316,"name":"Gefl\u00fcchtete","slug":"gefluechtete","term_group":0,"term_taxonomy_id":17335,"taxonomy":"post_tag","description":"","parent":0,"count":4,"filter":"raw","image":""},{"term_id":68,"name":"Online-Zeitung","slug":"online-zeitung","term_group":0,"term_taxonomy_id":69,"taxonomy":"post_tag","description":"","parent":0,"count":3586,"filter":"raw","image":""},{"term_id":275,"name":"Stuttgart","slug":"stuttgart","term_group":0,"term_taxonomy_id":281,"taxonomy":"post_tag","description":"","parent":0,"count":1193,"filter":"raw","image":""},{"term_id":13731,"name":"Unterbringung","slug":"unterbringung","term_group":0,"term_taxonomy_id":13773,"taxonomy":"post_tag","description":"","parent":0,"count":3,"filter":"raw","image":""}]},"_links":{"self":[{"href":"https:\/\/die-webzeitung.de\/stuttgart\/wp-json\/wp\/v2\/posts\/159283","targetHints":{"allow":["GET"]}}],"collection":[{"href":"https:\/\/die-webzeitung.de\/stuttgart\/wp-json\/wp\/v2\/posts"}],"about":[{"href":"https:\/\/die-webzeitung.de\/stuttgart\/wp-json\/wp\/v2\/types\/post"}],"author":[{"embeddable":true,"href":"https:\/\/die-webzeitung.de\/stuttgart\/wp-json\/wp\/v2\/users\/4"}],"replies":[{"embeddable":true,"href":"https:\/\/die-webzeitung.de\/stuttgart\/wp-json\/wp\/v2\/comments?post=159283"}],"version-history":[{"count":1,"href":"https:\/\/die-webzeitung.de\/stuttgart\/wp-json\/wp\/v2\/posts\/159283\/revisions"}],"predecessor-version":[{"id":159285,"href":"https:\/\/die-webzeitung.de\/stuttgart\/wp-json\/wp\/v2\/posts\/159283\/revisions\/159285"}],"wp:featuredmedia":[{"embeddable":true,"href":"https:\/\/die-webzeitung.de\/stuttgart\/wp-json\/wp\/v2\/media\/159284"}],"wp:attachment":[{"href":"https:\/\/die-webzeitung.de\/stuttgart\/wp-json\/wp\/v2\/media?parent=159283"}],"wp:term":[{"taxonomy":"category","embeddable":true,"href":"https:\/\/die-webzeitung.de\/stuttgart\/wp-json\/wp\/v2\/categories?post=159283"},{"taxonomy":"post_tag","embeddable":true,"href":"https:\/\/die-webzeitung.de\/stuttgart\/wp-json\/wp\/v2\/tags?post=159283"}],"curies":[{"name":"wp","href":"https:\/\/api.w.org\/{rel}","templated":true}]}}