{"id":159259,"date":"2026-01-19T11:32:59","date_gmt":"2026-01-19T10:32:59","guid":{"rendered":"https:\/\/die-webzeitung.de\/stuttgart\/?p=159259"},"modified":"2026-01-23T11:42:40","modified_gmt":"2026-01-23T10:42:40","slug":"polizei-report-kreis-boeblingen-woche-04-3","status":"publish","type":"post","link":"https:\/\/die-webzeitung.de\/stuttgart\/2026\/01\/19\/polizei-report-kreis-boeblingen-woche-04-3\/","title":{"rendered":"Polizei-Report Kreis B\u00f6blingen | Woche 04"},"content":{"rendered":"<p><em>Quelle: ots<\/em><\/p>\n<p style=\"text-align: justify;\"><strong>Waldenbuch: besch\u00e4digte Fahrzeuge &#8211; Gesch\u00e4digte gesucht<\/strong><br \/>\nF\u00fcr Aufsehen sorgte eine Person am fr\u00fchen Freitagmorgen (23.01.2026) in der Stra\u00dfe &#8220;Auf dem Graben&#8221; in Waldenbuch, die mit einem Gegenstand gegen geparkte Fahrzeuge schlug. Ein Zeuge alarmierte hierauf gegen 02.15 Uhr die Polizei. Vor Ort konnten die eingesetzten Streifenwagenbesatzungen keinen T\u00e4ter mehr feststellen, allerdings wiesen mindestens zwei PKW, ein Mercedes und ein VW, Besch\u00e4digungen auf. Die H\u00f6he des Sachschadens steht momentan noch nicht fest. Mutma\u00dflich d\u00fcrfte ein 32 Jahre alter Tatverd\u00e4chtiger diese Sch\u00e4den verursacht haben. Die Ermittlungen hierzu dauern derzeit an. Der Polizeiposten Waldenbuch, Tel. 07157 526990 oder E-Mail: <a href=\"mailto:boeblingen.prev@polizei.bwl.de\" target=\"_blank\" rel=\"noopener\">boeblingen.prev@polizei.bwl.de<\/a>, bittet insbesondere weitere Gesch\u00e4digte sich zu melden.<\/p>\n<p style=\"text-align: justify;\"><strong>Leonberg: Diebinnen in Seniorenwohnheim &#8211; Zeugen gesucht<\/strong><br \/>\nAm Mittwochnachmittag (21.01.2026) gegen 15.40 Uhr verschafften sich noch unbekannte T\u00e4terinnen Zutritt zu einer Wohnung in einem Seniorenwohnheim in der Seestra\u00dfe in Leonberg. Wie genau es den Frauen gelungen ist, die Bewohnerin zu \u00fcberzeugen, dass sie sie ein lassen solle, steht derzeit noch nicht fest. Letztlich kam es der Frau jedoch ebenfalls verd\u00e4chtig vor, so dass sie die Polizei verst\u00e4ndigte. Im Nachgang stellte sich zus\u00e4tzlich heraus, dass mumta\u00dflich die drei Unbekannten eine Schmuckschatulle aus der Wohnung entwendet haben, in der sich Schmuck im Wert von mehreren Hundert Euro befunden hatte. Die T\u00e4terinnen wurden von der Bewohnerin auf etwa 20 bis 45 Jahre gesch\u00e4tzt. Die J\u00fcngste habe lange dunkle Haare gehabt, sei schlank und sehr gepflegt gewesen. M\u00f6glicherweise besteht ein Zusammenhang zu \u00e4hnlich gelagerten Taten, die vergangene Woche in G\u00e4rtringen und Herrenberg ver\u00fcbt wurden. Das Polizeirevier Leonberg bittet Zeugen, die Verd\u00e4chtiges beobachtet haben oder Personen, die ebenfalls von den T\u00e4terinnen kontaktiert wurden, sich unter Tel. 07152 605-0 oder per E-Mail: <a href=\"mailto:leonberg.prev@polizei.bwl.de\" target=\"_blank\" rel=\"noopener\">leonberg.prev@polizei.bwl.de<\/a> zu melden.<\/p>\n<p style=\"text-align: justify;\"><strong>Herrenberg: Seniorin angefahren und verletzt<\/strong><br \/>\nMit mutma\u00dflich schweren Verletzungen wurde eine 72 Jahre alte Frau am Mittwoch (21.01.2026) vom Rettungsdienst in ein Krankenhaus gebracht, nachdem sie gegen 14.45 Uhr in Herrenberg in einen Verkehrsunfall verwickelt worden war.<br \/>\nEine VW-Lenkerin bog von der Bahnhofstra\u00dfe nach links in die Poststra\u00dfe ab, als sie vermutlich die 72-J\u00e4hrige \u00fcbersah, die ihrerseits im Begriff war, die Poststra\u00dfe zu \u00fcberqueren. Der VW kollidierte mit der Seniorin, die zun\u00e4chst gegen die Motorhaube prallte und schlie\u00dflich auf die Fahrbahn st\u00fcrzte.<\/p>\n<p style=\"text-align: justify;\"><strong>Sindelfingen: Zwei Verletze nach Verkehrsunfall<\/strong><br \/>\nZwei Verletzte sowie ein Sachschaden in H\u00f6he von insgesamt etwa 25.000 Euro sind die Bilanz eines Verkehrsunfalls, der sich am Mittwoch (21.01.2026) gegen 22.15 Uhr in Sindelfingen ereignete.<br \/>\nEin 54 Jahre alter Smart-Lenker war von einem Parkstreifen am Bahnhof aus in die Hanns-Martin-Schleyer-Stra\u00dfe gefahren. Dort stoppte er sein Fahrzeug auf der Fahrbahn, vermutlich um verbotswidrig zu wenden. Ein 27-j\u00e4hriger VW-Fahrer bog von der Hanns-Martin-Schleyer-Stra\u00dfe nach links ab, um dieser weiter in Richtung Rudolf-Diesel-Stra\u00dfe zu folgen. Mutma\u00dflich, da er dabei mit \u00fcberh\u00f6hter Geschwindigkeit fuhr, sah er den auf der Fahrbahn stehenden Smart zu sp\u00e4t und kollidierte mit diesem.<br \/>\nDer 54-J\u00e4hrige wurde in der Folge in seinem Fahrzeug eingeklemmt und musste von der Feuerwehr befreit werden. Er wurde anschlie\u00dfend vom Rettungsdienst in ein Krankenhaus gebracht, w\u00e4hrend der 27-J\u00e4hrige vor Ort medizinisch versorgt wurde.<\/p>\n<p style=\"text-align: justify;\"><strong>A8 Rutesheim: 40-J\u00e4hriger bei Verkehrsunfall schwer verletzt<\/strong><br \/>\nMit schweren Verletzungen wurde ein 40 Jahre alter Seat-Lenker am Mittwoch (21.01.2026) vom Rettungsdienst in ein Krankenhaus gebracht, nachdem er gegen 22.40 Uhr in einen Verkehrsunfall auf der Bundesautobahn 8 verwickelt war. Der 40-J\u00e4hrige war in Richtung M\u00fcnchen unterwegs, als er aus noch ungekl\u00e4rter Ursache auf H\u00f6he der Anschlussstelle Rutesheim nach rechts von der Fahrbahn abkam. Nach dem er mit mehreren Verkehrszeichen kollidiert war, schanzte er etwa 50 Meter \u00fcber einen H\u00fcgel, der Auf- und Abfahrt voneinander trennt. Dort schlug der Seat auf der Fahrbahn der Auffahrt auf und schleuderte schlie\u00dflich eine B\u00f6schung hinauf.<br \/>\nDer entstandene Sachschaden d\u00fcrfte sich auf insgesamt etwa 25.000 Euro belaufen. Der Seat musste mit Hilfe eines Krans von der B\u00f6schung gehoben und schlie\u00dflich abgeschleppt werden. F\u00fcr Reinigungsma\u00dfnahmen war die Autobahnmeisterei im Einsatz.<\/p>\n<p style=\"text-align: justify;\"><strong>B\u00f6blingen: VW kollidiert mit Linienbus<\/strong><br \/>\nVier Verletzte und ein Sachschaden in H\u00f6he von insgesamt rund 30.000 Euro sind die Bilanz eines Verkehrsunfalls, der sich am Montag (19.01.2026) gegen 17.30 Uhr in der Calwer Stra\u00dfe in B\u00f6blingen ereignete.<br \/>\nEin 49 Jahre alter VW-Lenker wollte vom Parkplatz eines Baumarkts kommend auf die Calwer Stra\u00dfe fahren. Dabei bog er verbotswidrig nach links ab und \u00fcbersah mutma\u00dflich einen von dort kommenden Linienbus. In der Folge kollidierten die beiden Fahrzeuge miteinander und der VW wurde \u00fcber die Gegenfahrbahn in eine Bushaltestelle geschleudert. Der VW war anschlie\u00dfend nicht mehr fahrbereit und musste abgeschleppt werden.<br \/>\nDer 49 Jahre alte VW-Lenker sowie ein 40-j\u00e4hriger Busfahrgast wurden mit leichter Verletzungen vom Rettungsdienst in ein Krankenhaus gebracht. Ein 15-J\u00e4hriger und eine 16-J\u00e4hrige, die ebenfalls in dem Linienbus sa\u00dfen, wurden vor Ort vom Rettungsdienst medizinisch versorgt.<br \/>\nNeben Polizei und Rettungsdienst war auch die Feuerwehr im Einsatz.<\/p>\n<p style=\"text-align: justify;\"><strong>G\u00e4rtringen: Seniorin touchiert Pkw und f\u00e4hrt weiter<\/strong><br \/>\nBeim Rangieren touchierte eine noch unbekannte Pkw-Lenkerin am Montag (19.01.2026) gegen 11.40 Uhr einen Mercedes, der in der Hauptstra\u00dfe in G\u00e4rtringen im Bereich der Kirchenmauer, nahe einer Apotheke geparkt war. Eine Zeugin, die ihrerseits im Begriff war auszuparken, bemerkte dies und versuchte, die Unbekannte durch Hupen auf das Geschehene aufmerksam zu machen. Diese soll kurz zur\u00fcckgeschaut, ihrer Fahrt dann aber fortgesetzt haben, ohne sich um den entstandenen Sachschaden in H\u00f6he von etwa 6.000 Euro zu k\u00fcmmern.<br \/>\nDie noch unbekannte Fahrerin wird als etwa 70 Jahre alt beschrieben. Sie trug eine helle Daunenjacke und hatte einen rot-wei\u00df geflochtenen Einkaufskorb dabei. Sie war mit einem wei\u00dfen Mercedes mit B\u00f6blinger Zulassung (BB-) unterwegs.<br \/>\nZeugen, die sachdienliche Hinweise geben k\u00f6nnen, werden gebeten, sich unter der Tel. 07032 2708-0 oder per E-Mail an <a href=\"mailto:herrenberg.prev@polizei.bwl.de\" target=\"_blank\" rel=\"noopener\">herrenberg.prev@polizei.bwl.de<\/a> mit dem Polizeirevier Herrenberg in Verbindung zu setzen.<\/p>\n<p style=\"text-align: justify;\"><strong>Grafenau: 6.000 Euro Sachschaden nach Unfallflucht<\/strong><br \/>\nDie Verkehrspolizeiinspektion Ludwigsburg sucht Zeugen einer Verkehrsunfallflucht, die sich zwischen Freitag (16.01.2026), 16.00 Uhr und Samstag (17.01.2026), 09.00 Uhr in der Kapellenbergstra\u00dfe in Grafenau-D\u00f6ffingen ereignete.<br \/>\nEin noch unbekannter Fahrzeuglenker fuhr diesem Zeitraum in Richtung &#8220;Auf der Heide&#8221;, als er mutma\u00dflich die Kontrolle \u00fcber seinen Pkw verlor und nach links von der Fahrbahn abkam. Dort kollidierte der Unbekannte mit einem am Fahrbahnrand geparkten BMW sowie einer Grundst\u00fccksmauer. Anschlie\u00dfend fuhr er davon, ohne sich um den entstandenen Sachschaden in H\u00f6he von mindestens 6.000 Euro zu k\u00fcmmern.<br \/>\nZeugen, die sachdienliche Hinweise geben k\u00f6nnen, werden gebeten sich unter der Tel. 0711 6869-0 oder per E-Mail an <a href=\"mailto:stuttgart-vaihingen.vpi@polizei.bwl.de\" target=\"_blank\" rel=\"noopener\">stuttgart-vaihingen.vpi@polizei.bwl.de<\/a> mit der Verkehrspolizeiinspektion Ludwigsburg in Verbindung zu setzen.<\/p>\n<p style=\"text-align: justify;\"><strong>Sindelfingen: Feuerl\u00f6scher in Tiefgarage verspr\u00fcht<\/strong><br \/>\nNoch unbekannte T\u00e4ter entnahmen am Sonntag (18.01.2026) gegen 06:50 Uhr einen Pulverfeuerl\u00f6scher von der Wand einer Tiefgarage einer Bankfiliale am Marktplatz in Sindelfingen. Anschlie\u00dfend verspr\u00fchten die Unbekannten den Inhalt des Feuerl\u00f6schers sowohl auf dem Boden als auch auf zwei geparkten Fahrzeugen. Anschlie\u00dfend ergriffen die T\u00e4ter die Flucht. Die H\u00f6he des entstandenen Sachschadens kann derzeit noch nicht genau beziffert werden.<br \/>\nDas Polizeirevier Sindelfingen hat die Ermittlungen aufgenommen und bittet Zeugen, sich unter der Tel. 07031 697-0 oder per E-Mail an <a href=\"mailto:sindelfingen.prev@polizei.bwl.de\" target=\"_blank\" rel=\"noopener\">sindelfingen.prev@polizei.bwl.de<\/a> zu melden.<\/p>\n<p style=\"text-align: justify;\"><strong>A81 Ammerbuch: Zeugen nach Unfall gesucht<\/strong><br \/>\nAm Samstagnachmittag (17.01.2026) ereignete sich gegen 15.15 Uhr auf der Bundesautobahn 81 zwischen den Anschlussstellen Rottenburg und Herrenberg ein Auffahrunfall, zu dem die Verkehrspolizeiinspektion Ludwigsburg noch Zeugen sucht. Gem\u00e4\u00df den ersten polizeilichen Erkenntnissen fuhr ein 32 Jahre alter VW Caddy-Lenker aus noch unbekannter Ursache auf einen vorausfahrenden VW Transporter auf. Der entstandene Sachschaden wurde auf insgesamt etwa 50.000 Euro gesch\u00e4tzt. Beide VW waren nicht mehr fahrbereit und mussten abgeschleppt werden. Der 32-J\u00e4hrige erlitt leichte Verletzungen. Da die genaue Besetzung des VW Transporters vor Ort nicht gekl\u00e4rt werden konnte, sucht die Polizei nun insbesondere noch Zeugen, die Hinweise zu einem noch Unbekannten geben k\u00f6nnen, der die Unfallstelle nach dem Unfall \u00fcber die angrenzenden Felder verlassen haben soll. Hinweise werden unter Tel. 0711 6869-0 oder per E-Mail: <a href=\"mailto:stuttgart-vaihingen.vpi@polizei.bwl.de\" target=\"_blank\" rel=\"noopener\">stuttgart-vaihingen.vpi@polizei.bwl.de<\/a> entgegengenommen.<\/p>\n<p style=\"text-align: justify;\"><strong>Weissach-Flacht: Zeugen zu Einbruch in Wohnhaus gesucht<\/strong><br \/>\nNach einem Einbruch in ein Wohnhaus im Buchwaldweg in Flacht zwischen Freitag (16.01.2026) 09:00 Uhr und Samstag (17.01.2026) 16:00 Uhr sucht das Polizeirevier Leonberg noch Zeugen. Bislang unbekannte T\u00e4ter verschaffte sich Zutritt in das Haus, indem sie mutma\u00dflich eine Terrassent\u00fcre des Wohnhauses aufbohrten. Anschlie\u00dfend durchsuchten sie das Haus. Ob ihnen hierbei Diebesgut in die H\u00e4nde fiel, ist noch Gegenstand der polizeilichen Ermittlungen. Der entstandene Sachschaden wurde auf mehrere Hundert Euro gesch\u00e4tzt. Zeugen, die sachdienliche Hinweise geben k\u00f6nnen, wenden sich bitte unter Tel. 07152 605-0 oder per E-Mail: <a href=\"mailto:leonberg.prev@polizei.bwl.de\" target=\"_blank\" rel=\"noopener\">leonberg.prev@polizei.bwl.de<\/a> an die Polizei.<\/p>\n<p style=\"text-align: justify;\"><strong>Leonberg: Unfallflucht in Parkhaus &#8211; Zeugen gesucht<\/strong><br \/>\nEin Sachschaden von etwa 2.000 Euro entstand am Samstag (17.01.2026) bei einer Unfallflucht, die ein noch unbekannter Fahrzeuglenker zwischen 11:55 Uhr und 13:45 Uhr in einem Parkhaus in der Neue Ramtelstra\u00dfe in Leonberg ver\u00fcbte. Vermutlich beim r\u00fcckw\u00e4rts Ausparken stie\u00df der Unbekannte mit seinem Fahrzeug gegen das Heck eines rechts neben ihm geparkten Jeep und machte sich anschlie\u00dfend aus dem Staub. Hinweise nimmt das Polizeirevier Leonberg unter Tel. 07152 605-0 oder per E-Mail an <a href=\"mailto:leonberg.prev@polizei.bwl.de\" target=\"_blank\" rel=\"noopener\">leonberg.prev@polizei.bwl.de<\/a> entgegen.<\/p>\n<hr \/>\n<p style=\"text-align: justify;\">\n","protected":false},"excerpt":{"rendered":"<p>Quelle: ots Waldenbuch: besch\u00e4digte Fahrzeuge &#8211; Gesch\u00e4digte gesucht F\u00fcr Aufsehen sorgte eine Person am fr\u00fchen Freitagmorgen (23.01.2026) in der Stra\u00dfe &#8220;Auf dem Graben&#8221; in Waldenbuch, die mit einem Gegenstand gegen geparkte Fahrzeuge schlug. Ein Zeuge alarmierte hierauf gegen 02.15 Uhr die Polizei. Vor Ort konnten die eingesetzten Streifenwagenbesatzungen keinen T\u00e4ter mehr feststellen, allerdings wiesen mindestens [&hellip;]<\/p>\n","protected":false},"author":4,"featured_media":152245,"comment_status":"closed","ping_status":"open","sticky":false,"template":"","format":"standard","meta":{"inline_featured_image":false,"_exactmetrics_skip_tracking":false,"_exactmetrics_sitenote_active":false,"_exactmetrics_sitenote_note":"","_exactmetrics_sitenote_category":0,"footnotes":""},"categories":[11239],"tags":[3061,14857,68,205,1625],"class_list":{"0":"post-159259","1":"post","2":"type-post","3":"status-publish","4":"format-standard","5":"has-post-thumbnail","7":"category-region-boblingen-leonberg","8":"tag-boblingen","9":"tag-die-webzeitung","10":"tag-online-zeitung","11":"tag-polizei","12":"tag-report"},"image_feature":"https:\/\/die-webzeitung.de\/stuttgart\/wp-content\/uploads\/sites\/4\/2024\/02\/Polizei-Pix-scaled.jpg","author_name":"Redaktion","pure_taxonomies":{"categories":[{"term_id":11239,"name":"Polizei-Report B\u00f6blingen","slug":"region-boblingen-leonberg","term_group":0,"term_taxonomy_id":11277,"taxonomy":"category","description":"Polizeiberichte aus der Region des Landkreises B\u00f6blingen","parent":1619,"count":67,"filter":"raw","image":""}],"tags":[{"term_id":3061,"name":"B\u00f6blingen","slug":"boblingen","term_group":0,"term_taxonomy_id":3075,"taxonomy":"post_tag","description":"","parent":0,"count":259,"filter":"raw","image":""},{"term_id":14857,"name":"Die-Webzeitung","slug":"die-webzeitung","term_group":0,"term_taxonomy_id":14876,"taxonomy":"post_tag","description":"","parent":0,"count":3616,"filter":"raw","image":""},{"term_id":68,"name":"Online-Zeitung","slug":"online-zeitung","term_group":0,"term_taxonomy_id":69,"taxonomy":"post_tag","description":"","parent":0,"count":3586,"filter":"raw","image":""},{"term_id":205,"name":"Polizei","slug":"polizei","term_group":0,"term_taxonomy_id":208,"taxonomy":"post_tag","description":"","parent":0,"count":274,"filter":"raw","image":""},{"term_id":1625,"name":"Report","slug":"report","term_group":0,"term_taxonomy_id":1634,"taxonomy":"post_tag","description":"","parent":0,"count":207,"filter":"raw","image":""}]},"_links":{"self":[{"href":"https:\/\/die-webzeitung.de\/stuttgart\/wp-json\/wp\/v2\/posts\/159259","targetHints":{"allow":["GET"]}}],"collection":[{"href":"https:\/\/die-webzeitung.de\/stuttgart\/wp-json\/wp\/v2\/posts"}],"about":[{"href":"https:\/\/die-webzeitung.de\/stuttgart\/wp-json\/wp\/v2\/types\/post"}],"author":[{"embeddable":true,"href":"https:\/\/die-webzeitung.de\/stuttgart\/wp-json\/wp\/v2\/users\/4"}],"replies":[{"embeddable":true,"href":"https:\/\/die-webzeitung.de\/stuttgart\/wp-json\/wp\/v2\/comments?post=159259"}],"version-history":[{"count":11,"href":"https:\/\/die-webzeitung.de\/stuttgart\/wp-json\/wp\/v2\/posts\/159259\/revisions"}],"predecessor-version":[{"id":159317,"href":"https:\/\/die-webzeitung.de\/stuttgart\/wp-json\/wp\/v2\/posts\/159259\/revisions\/159317"}],"wp:featuredmedia":[{"embeddable":true,"href":"https:\/\/die-webzeitung.de\/stuttgart\/wp-json\/wp\/v2\/media\/152245"}],"wp:attachment":[{"href":"https:\/\/die-webzeitung.de\/stuttgart\/wp-json\/wp\/v2\/media?parent=159259"}],"wp:term":[{"taxonomy":"category","embeddable":true,"href":"https:\/\/die-webzeitung.de\/stuttgart\/wp-json\/wp\/v2\/categories?post=159259"},{"taxonomy":"post_tag","embeddable":true,"href":"https:\/\/die-webzeitung.de\/stuttgart\/wp-json\/wp\/v2\/tags?post=159259"}],"curies":[{"name":"wp","href":"https:\/\/api.w.org\/{rel}","templated":true}]}}