{"id":159242,"date":"2026-01-16T11:29:29","date_gmt":"2026-01-16T10:29:29","guid":{"rendered":"https:\/\/die-webzeitung.de\/stuttgart\/2026\/01\/16\/a81-naechtliche-vollsperrung-des-engelbergtunnels\/"},"modified":"2026-01-16T11:29:29","modified_gmt":"2026-01-16T10:29:29","slug":"a81-naechtliche-vollsperrung-des-engelbergtunnels","status":"publish","type":"post","link":"https:\/\/die-webzeitung.de\/stuttgart\/2026\/01\/16\/a81-naechtliche-vollsperrung-des-engelbergtunnels\/","title":{"rendered":"A81: N\u00e4chtliche Vollsperrung des Engelbergtunnels"},"content":{"rendered":"<p style=\"text-align: justify;\">Der Engelbergtunnel erh\u00e4lt im Rahmen der Erneuerung der Sicherheits- und Betriebstechnik ein planm\u00e4\u00dfiges Software-Update.<\/p>\n<p style=\"text-align: justify;\"><strong>Daf\u00fcr m\u00fcssen beide R\u00f6hren von Samstag, 24. Januar 2026, 22.00 Uhr, bis Sonntag, 25. Januar 2026, 10.00 Uhr, voll gesperrt werden.<\/strong><\/p>\n<p style=\"text-align: justify;\">Um den Verkehr m\u00f6glichst wenig zu beeintr\u00e4chtigen, erfolgen die Arbeiten nachts in der verkehrsarmen Zeit.<\/p>\n<p style=\"text-align: justify;\">W\u00e4hrend der Sperrung wird der Verkehr \u00fcber die ausgeschilderte Umleitung \u00fcber Leonberg und Ditzingen geleitet.<\/p>\n<hr \/>\n<p style=\"text-align: justify;\">\n","protected":false},"excerpt":{"rendered":"<p>Der Engelbergtunnel erh\u00e4lt im Rahmen der Erneuerung der Sicherheits- und Betriebstechnik ein planm\u00e4\u00dfiges Software-Update. Daf\u00fcr m\u00fcssen beide R\u00f6hren von Samstag, 24. Januar 2026, 22.00 Uhr, bis Sonntag, 25. Januar 2026, 10.00 Uhr, voll gesperrt werden. Um den Verkehr m\u00f6glichst wenig zu beeintr\u00e4chtigen, erfolgen die Arbeiten nachts in der verkehrsarmen Zeit. W\u00e4hrend der Sperrung wird der [&hellip;]<\/p>\n","protected":false},"author":4,"featured_media":159243,"comment_status":"closed","ping_status":"open","sticky":false,"template":"","format":"standard","meta":{"inline_featured_image":false,"_exactmetrics_skip_tracking":false,"_exactmetrics_sitenote_active":false,"_exactmetrics_sitenote_note":"","_exactmetrics_sitenote_category":0,"footnotes":""},"categories":[59],"tags":[11199,14857,17411,68,985],"class_list":{"0":"post-159242","1":"post","2":"type-post","3":"status-publish","4":"format-standard","5":"has-post-thumbnail","7":"category-aktuell","8":"tag-a81","9":"tag-die-webzeitung","10":"tag-engelbergtunnel","11":"tag-online-zeitung","12":"tag-sperrung"},"image_feature":"https:\/\/die-webzeitung.de\/stuttgart\/wp-content\/uploads\/sites\/4\/2026\/01\/Engelbergtunnel-die-webzeitung-scaled.jpg","author_name":"Redaktion","pure_taxonomies":{"categories":[{"term_id":59,"name":"Aktuell","slug":"aktuell","term_group":0,"term_taxonomy_id":60,"taxonomy":"category","description":"","parent":0,"count":1017,"filter":"raw","image":""}],"tags":[{"term_id":11199,"name":"A81","slug":"a81","term_group":0,"term_taxonomy_id":11237,"taxonomy":"post_tag","description":"","parent":0,"count":1,"filter":"raw","image":""},{"term_id":14857,"name":"Die-Webzeitung","slug":"die-webzeitung","term_group":0,"term_taxonomy_id":14876,"taxonomy":"post_tag","description":"","parent":0,"count":3616,"filter":"raw","image":""},{"term_id":17411,"name":"Engelbergtunnel","slug":"engelbergtunnel","term_group":0,"term_taxonomy_id":17430,"taxonomy":"post_tag","description":"","parent":0,"count":4,"filter":"raw","image":""},{"term_id":68,"name":"Online-Zeitung","slug":"online-zeitung","term_group":0,"term_taxonomy_id":69,"taxonomy":"post_tag","description":"","parent":0,"count":3586,"filter":"raw","image":""},{"term_id":985,"name":"Sperrung","slug":"sperrung","term_group":0,"term_taxonomy_id":994,"taxonomy":"post_tag","description":"","parent":0,"count":4,"filter":"raw","image":""}]},"_links":{"self":[{"href":"https:\/\/die-webzeitung.de\/stuttgart\/wp-json\/wp\/v2\/posts\/159242","targetHints":{"allow":["GET"]}}],"collection":[{"href":"https:\/\/die-webzeitung.de\/stuttgart\/wp-json\/wp\/v2\/posts"}],"about":[{"href":"https:\/\/die-webzeitung.de\/stuttgart\/wp-json\/wp\/v2\/types\/post"}],"author":[{"embeddable":true,"href":"https:\/\/die-webzeitung.de\/stuttgart\/wp-json\/wp\/v2\/users\/4"}],"replies":[{"embeddable":true,"href":"https:\/\/die-webzeitung.de\/stuttgart\/wp-json\/wp\/v2\/comments?post=159242"}],"version-history":[{"count":0,"href":"https:\/\/die-webzeitung.de\/stuttgart\/wp-json\/wp\/v2\/posts\/159242\/revisions"}],"wp:featuredmedia":[{"embeddable":true,"href":"https:\/\/die-webzeitung.de\/stuttgart\/wp-json\/wp\/v2\/media\/159243"}],"wp:attachment":[{"href":"https:\/\/die-webzeitung.de\/stuttgart\/wp-json\/wp\/v2\/media?parent=159242"}],"wp:term":[{"taxonomy":"category","embeddable":true,"href":"https:\/\/die-webzeitung.de\/stuttgart\/wp-json\/wp\/v2\/categories?post=159242"},{"taxonomy":"post_tag","embeddable":true,"href":"https:\/\/die-webzeitung.de\/stuttgart\/wp-json\/wp\/v2\/tags?post=159242"}],"curies":[{"name":"wp","href":"https:\/\/api.w.org\/{rel}","templated":true}]}}