{"id":159224,"date":"2026-01-18T09:45:42","date_gmt":"2026-01-18T08:45:42","guid":{"rendered":"https:\/\/die-webzeitung.de\/stuttgart\/?p=159224"},"modified":"2026-01-18T11:40:48","modified_gmt":"2026-01-18T10:40:48","slug":"ob-nopper-will-stuttgart-sauberer-machen","status":"publish","type":"post","link":"https:\/\/die-webzeitung.de\/stuttgart\/2026\/01\/18\/ob-nopper-will-stuttgart-sauberer-machen\/","title":{"rendered":"OB Nopper will Stuttgart sauberer machen"},"content":{"rendered":"<h4 class=\"m_-3621795639687067176mynewsHeadline\" style=\"text-align: justify;\"><strong>Dauerma\u00dfnahmen und Reinigungsaktionen<\/strong><\/h4>\n<p style=\"text-align: justify;\">Stuttgart.|\u00a0Oberb\u00fcrgermeister Dr. Frank Nopper will mit guten Vors\u00e4tzen ins neue Jahr starten und die Landeshauptstadt Stuttgart mit drei Dauerma\u00dfnahmen und drei Reinigungsaktionen sauberer und sch\u00f6ner machen. Da die Sauberkeit der Stadt eine gro\u00dfe Bedeutung f\u00fcr viele B\u00fcrgerinnen und B\u00fcrger hat, soll dies trotz der angespannten Haushaltslage erfolgen.<\/p>\n<div>\n<p style=\"text-align: justify;\"><strong>Mobile Reinigungstrupps zur Erg\u00e4nzung der Regelreinigung<\/strong><\/p>\n<p style=\"text-align: justify;\">Mit jeweils 2,5 Millionen an zus\u00e4tzlichen Mitteln sollen in den Jahren 2026 und 2027 beim Eigenbetrieb Abfallwirtschaft Stuttgart (AWS) mobile Reinigungstrupps eingerichtet werden, die kurzfristig vor Ort sein k\u00f6nnen und welche die Regelreinigung im \u00f6ffentlichen Raum erg\u00e4nzen sollen.<\/p>\n<p style=\"text-align: justify;\"><strong>Unterst\u00fctzung bei der Entfernung illegaler Graffitis<\/strong><\/p>\n<p style=\"text-align: justify;\">In diesen zus\u00e4tzlichen Mitteln sind auch 100.000 \u20ac pro Jahr enthalten, mit denen durch die kommunale Kriminalpr\u00e4vention der Stadt die Entfernung von illegalen Graffitis an Privatgeb\u00e4uden mit einem Kostenbeitrag unterst\u00fctzt und Pr\u00e4ventionsma\u00dfnahmen gegen Graffitis gef\u00f6rdert werden sollen. Dies soll insbesondere dort geschehen, wo das \u00f6ffentliche Erscheinungsbild stark beeintr\u00e4chtigt ist.<\/p>\n<p style=\"text-align: justify;\"><strong>M\u00fcll-Sheriffs gegen illegale Ablagerungen<\/strong><\/p>\n<p style=\"text-align: justify;\">Mit der im Doppelhaushalt 2026\/2027 geplanten Entsorgungs\u00fcberwachung durch sogenannte M\u00fcll-Sheriffs der Abfallwirtschaft Stuttgart soll im Verlauf des Jahres begonnen werden. Diese sollen die Entsorgungs\u00fcberwachung des st\u00e4dtischen Vollzugsdienstes, gerade auch in Schwerpunktaktionen, erg\u00e4nzen und unterst\u00fctzen. Hand in Hand sollen M\u00fcll-Sheriffs und st\u00e4dtischer Vollzugsdienst gegen illegale M\u00fcllablagerungen und gegen Verunreinigungen des \u00f6ffentlichen Stra\u00dfenraums vorgehen. Dabei k\u00f6nnen f\u00fcr Delikte \u00fcblicher Schwere Bu\u00dfgelder zwischen 100 Euro und 1.000 Euro verh\u00e4ngt werden.<\/p>\n<p style=\"text-align: justify;\"><strong>Zus\u00e4tzlich drei besondere Reinigungsaktionen geplant<\/strong><\/p>\n<p style=\"text-align: justify;\">Dar\u00fcber hinaus plant OB Nopper im Jahr 2026 auch drei Reinigungsaktionen: Zum einen soll die Abfallwirtschaft Stuttgart gemeinsam mit dem st\u00e4dtischen Tiefbauamt und der SSB eine Sonder-Intensivreinigung der Klett-Passage durchf\u00fchren, die \u00fcberm\u00e4\u00dfig von Verunreinigungen betroffen ist. Zum Zweiten hat sich die Alfred K\u00e4rcher SE &amp; Co. KG dankenswerterweise bereit erkl\u00e4rt, im Rahmen ihres Kultursponsorings ein historisches Geb\u00e4ude oder Objekt in der Landeshauptstadt Stuttgart fachgerecht zu reinigen. OB Nopper k\u00f6nnte sich als Reinigungsobjekt beispielsweise die mit Graffitis verunzierten Bahnmauern vorstellen, die den Eingang nach Bad Cannstatt markieren und historische Hinweise auf die Vereinigung von Cannstatt und Stuttgart sowie auf das r\u00f6mische Erbe von Cannstatt enthalten. Und nicht zuletzt soll in Abstimmung mit Geb\u00e4udeeigent\u00fcmern ein im Graffitiumfeld ge\u00fcbter K\u00fcnstler Graffitis an besonders betroffenen Geb\u00e4uden \u00fcberstreichen.<\/p>\n<p style=\"text-align: justify;\"><strong>OB Nopper: \u201eSauberkeit geht uns alle an\u201c<\/strong><\/p>\n<p style=\"text-align: justify;\">Oberb\u00fcrgermeister Nopper sagt: \u201eMir ist bewusst, dass Stadtsauberkeit eine Daueraufgabe ist und dass wir 100 Prozent Stadtsauberkeit wohl nicht erreichen werden, aber wir m\u00fcssen mit vereinten Kr\u00e4ften so nah wie irgend m\u00f6glich an diese 100 Prozent herankommen. Die zus\u00e4tzlichen Ma\u00dfnahmen sollen uns zumindest n\u00e4her an das 100-Prozent-Ziel bringen.\u201c Sauberkeit sei nicht allein Aufgabe der Stadtverwaltung. \u201eF\u00fcr die Sauberkeit in unserer Stadt brauchen wir auch mehr Eigenverantwortung. Die neuen Ma\u00dfnahmen sollen auch ein Signal an uns alle sein: Sauberkeit geht uns alle an\u201c, sagt Nopper.<\/p>\n<hr \/>\n<p style=\"text-align: justify;\">\n<\/div>\n","protected":false},"excerpt":{"rendered":"<p>Dauerma\u00dfnahmen und Reinigungsaktionen Stuttgart.|\u00a0Oberb\u00fcrgermeister Dr. Frank Nopper will mit guten Vors\u00e4tzen ins neue Jahr starten und die Landeshauptstadt Stuttgart mit drei Dauerma\u00dfnahmen und drei Reinigungsaktionen sauberer und sch\u00f6ner machen. Da die Sauberkeit der Stadt eine gro\u00dfe Bedeutung f\u00fcr viele B\u00fcrgerinnen und B\u00fcrger hat, soll dies trotz der angespannten Haushaltslage erfolgen. Mobile Reinigungstrupps zur Erg\u00e4nzung der [&hellip;]<\/p>\n","protected":false},"author":4,"featured_media":159225,"comment_status":"closed","ping_status":"open","sticky":false,"template":"","format":"standard","meta":{"inline_featured_image":false,"_exactmetrics_skip_tracking":false,"_exactmetrics_sitenote_active":false,"_exactmetrics_sitenote_note":"","_exactmetrics_sitenote_category":0,"footnotes":""},"categories":[2239],"tags":[14857,68,12627,7198,10142,275],"class_list":{"0":"post-159224","1":"post","2":"type-post","3":"status-publish","4":"format-standard","5":"has-post-thumbnail","7":"category-stuttgart-lokal","8":"tag-die-webzeitung","9":"tag-online-zeitung","10":"tag-reinigung","11":"tag-sauberkeit","12":"tag-stadt","13":"tag-stuttgart"},"image_feature":"https:\/\/die-webzeitung.de\/stuttgart\/wp-content\/uploads\/sites\/4\/2026\/01\/city-cleaning-8429772_1280-scaled.jpg","author_name":"Redaktion","pure_taxonomies":{"categories":[{"term_id":2239,"name":"Stuttgart","slug":"stuttgart-lokal","term_group":0,"term_taxonomy_id":2252,"taxonomy":"category","description":"Berichte und Informationen aus Stuttgart","parent":1433,"count":941,"filter":"raw","image":""}],"tags":[{"term_id":14857,"name":"Die-Webzeitung","slug":"die-webzeitung","term_group":0,"term_taxonomy_id":14876,"taxonomy":"post_tag","description":"","parent":0,"count":3616,"filter":"raw","image":""},{"term_id":68,"name":"Online-Zeitung","slug":"online-zeitung","term_group":0,"term_taxonomy_id":69,"taxonomy":"post_tag","description":"","parent":0,"count":3586,"filter":"raw","image":""},{"term_id":12627,"name":"Reinigung","slug":"reinigung","term_group":0,"term_taxonomy_id":12667,"taxonomy":"post_tag","description":"","parent":0,"count":2,"filter":"raw","image":""},{"term_id":7198,"name":"Sauberkeit","slug":"sauberkeit","term_group":0,"term_taxonomy_id":7220,"taxonomy":"post_tag","description":"","parent":0,"count":3,"filter":"raw","image":""},{"term_id":10142,"name":"Stadt","slug":"stadt","term_group":0,"term_taxonomy_id":10173,"taxonomy":"post_tag","description":"","parent":0,"count":2,"filter":"raw","image":""},{"term_id":275,"name":"Stuttgart","slug":"stuttgart","term_group":0,"term_taxonomy_id":281,"taxonomy":"post_tag","description":"","parent":0,"count":1193,"filter":"raw","image":""}]},"_links":{"self":[{"href":"https:\/\/die-webzeitung.de\/stuttgart\/wp-json\/wp\/v2\/posts\/159224","targetHints":{"allow":["GET"]}}],"collection":[{"href":"https:\/\/die-webzeitung.de\/stuttgart\/wp-json\/wp\/v2\/posts"}],"about":[{"href":"https:\/\/die-webzeitung.de\/stuttgart\/wp-json\/wp\/v2\/types\/post"}],"author":[{"embeddable":true,"href":"https:\/\/die-webzeitung.de\/stuttgart\/wp-json\/wp\/v2\/users\/4"}],"replies":[{"embeddable":true,"href":"https:\/\/die-webzeitung.de\/stuttgart\/wp-json\/wp\/v2\/comments?post=159224"}],"version-history":[{"count":1,"href":"https:\/\/die-webzeitung.de\/stuttgart\/wp-json\/wp\/v2\/posts\/159224\/revisions"}],"predecessor-version":[{"id":159226,"href":"https:\/\/die-webzeitung.de\/stuttgart\/wp-json\/wp\/v2\/posts\/159224\/revisions\/159226"}],"wp:featuredmedia":[{"embeddable":true,"href":"https:\/\/die-webzeitung.de\/stuttgart\/wp-json\/wp\/v2\/media\/159225"}],"wp:attachment":[{"href":"https:\/\/die-webzeitung.de\/stuttgart\/wp-json\/wp\/v2\/media?parent=159224"}],"wp:term":[{"taxonomy":"category","embeddable":true,"href":"https:\/\/die-webzeitung.de\/stuttgart\/wp-json\/wp\/v2\/categories?post=159224"},{"taxonomy":"post_tag","embeddable":true,"href":"https:\/\/die-webzeitung.de\/stuttgart\/wp-json\/wp\/v2\/tags?post=159224"}],"curies":[{"name":"wp","href":"https:\/\/api.w.org\/{rel}","templated":true}]}}