{"id":159191,"date":"2026-01-09T17:39:09","date_gmt":"2026-01-09T16:39:09","guid":{"rendered":"https:\/\/die-webzeitung.de\/stuttgart\/?p=159191"},"modified":"2026-01-09T17:39:09","modified_gmt":"2026-01-09T16:39:09","slug":"alle-wahlvorschlaege-im-landkreis-esslingen-zur-landtagswahl-zugelassen","status":"publish","type":"post","link":"https:\/\/die-webzeitung.de\/stuttgart\/2026\/01\/09\/alle-wahlvorschlaege-im-landkreis-esslingen-zur-landtagswahl-zugelassen\/","title":{"rendered":"Alle Wahlvorschl\u00e4ge im Landkreis Esslingen zur Landtagswahl zugelassen"},"content":{"rendered":"<p style=\"text-align: justify;\">Am Freitag, 9. Januar ist der Kreiswahlausschuss f\u00fcr die Landtagswahl am 8. M\u00e4rz 2026 im Landratsamt Esslingen zusammengekommen. Der Ausschuss unter Vorsitz von Landrat Marcel Musolf hat alle 24 eingereichten Wahlvorschl\u00e4ge zugelassen.<\/p>\n<p style=\"text-align: justify;\">Die Wahlvorschl\u00e4ge haben den gesetzlichen Vorschriften entsprochen und konnten vom Kreiswahlausschuss zugelassen werden. GR\u00dcNE, CDU, SPD, FDP, AfD, DIE Linke und Volt werden in den Wahlkreisen 7 Esslingen, 8 Kirchheim und 9 N\u00fcrtingen auf den Stimmzetteln stehen. Zus\u00e4tzlich kandidieren im Wahlkreis 8 Kirchheim das BSW und die WerteUnion und im Wahlkreis 9 N\u00fcrtingen die WerteUnion.<\/p>\n<p style=\"text-align: justify;\">Mit dem Druck der Stimmzettel kann nach Ablauf der Rechtsmittelfrist ab dem 13. Januar begonnen werden.<\/p>\n<hr \/>\n<p style=\"text-align: justify;\">\n","protected":false},"excerpt":{"rendered":"<p>Am Freitag, 9. Januar ist der Kreiswahlausschuss f\u00fcr die Landtagswahl am 8. M\u00e4rz 2026 im Landratsamt Esslingen zusammengekommen. Der Ausschuss unter Vorsitz von Landrat Marcel Musolf hat alle 24 eingereichten Wahlvorschl\u00e4ge zugelassen. Die Wahlvorschl\u00e4ge haben den gesetzlichen Vorschriften entsprochen und konnten vom Kreiswahlausschuss zugelassen werden. GR\u00dcNE, CDU, SPD, FDP, AfD, DIE Linke und Volt werden [&hellip;]<\/p>\n","protected":false},"author":4,"featured_media":159192,"comment_status":"closed","ping_status":"open","sticky":false,"template":"","format":"standard","meta":{"inline_featured_image":false,"_exactmetrics_skip_tracking":false,"_exactmetrics_sitenote_active":false,"_exactmetrics_sitenote_note":"","_exactmetrics_sitenote_category":0,"footnotes":""},"categories":[59,2247],"tags":[14857,14440,14598,68],"class_list":{"0":"post-159191","1":"post","2":"type-post","3":"status-publish","4":"format-standard","5":"has-post-thumbnail","7":"category-aktuell","8":"category-kreis-esslingen","9":"tag-die-webzeitung","10":"tag-esslingen","11":"tag-landtagswahl","12":"tag-online-zeitung"},"image_feature":"https:\/\/die-webzeitung.de\/stuttgart\/wp-content\/uploads\/sites\/4\/2026\/01\/wahl-scaled.jpg","author_name":"Redaktion","pure_taxonomies":{"categories":[{"term_id":59,"name":"Aktuell","slug":"aktuell","term_group":0,"term_taxonomy_id":60,"taxonomy":"category","description":"","parent":0,"count":1017,"filter":"raw","image":""},{"term_id":2247,"name":"Kreis Esslingen","slug":"kreis-esslingen","term_group":0,"term_taxonomy_id":2260,"taxonomy":"category","description":"Informationen aus dem Landkreis Esslingen","parent":171,"count":213,"filter":"raw","image":""}],"tags":[{"term_id":14857,"name":"Die-Webzeitung","slug":"die-webzeitung","term_group":0,"term_taxonomy_id":14876,"taxonomy":"post_tag","description":"","parent":0,"count":3621,"filter":"raw","image":""},{"term_id":14440,"name":"Esslingen","slug":"esslingen","term_group":0,"term_taxonomy_id":3885,"taxonomy":"post_tag","description":"","parent":0,"count":202,"filter":"raw","image":""},{"term_id":14598,"name":"Landtagswahl","slug":"landtagswahl","term_group":0,"term_taxonomy_id":14617,"taxonomy":"post_tag","description":"","parent":0,"count":3,"filter":"raw","image":""},{"term_id":68,"name":"Online-Zeitung","slug":"online-zeitung","term_group":0,"term_taxonomy_id":69,"taxonomy":"post_tag","description":"","parent":0,"count":3591,"filter":"raw","image":""}]},"_links":{"self":[{"href":"https:\/\/die-webzeitung.de\/stuttgart\/wp-json\/wp\/v2\/posts\/159191","targetHints":{"allow":["GET"]}}],"collection":[{"href":"https:\/\/die-webzeitung.de\/stuttgart\/wp-json\/wp\/v2\/posts"}],"about":[{"href":"https:\/\/die-webzeitung.de\/stuttgart\/wp-json\/wp\/v2\/types\/post"}],"author":[{"embeddable":true,"href":"https:\/\/die-webzeitung.de\/stuttgart\/wp-json\/wp\/v2\/users\/4"}],"replies":[{"embeddable":true,"href":"https:\/\/die-webzeitung.de\/stuttgart\/wp-json\/wp\/v2\/comments?post=159191"}],"version-history":[{"count":1,"href":"https:\/\/die-webzeitung.de\/stuttgart\/wp-json\/wp\/v2\/posts\/159191\/revisions"}],"predecessor-version":[{"id":159193,"href":"https:\/\/die-webzeitung.de\/stuttgart\/wp-json\/wp\/v2\/posts\/159191\/revisions\/159193"}],"wp:featuredmedia":[{"embeddable":true,"href":"https:\/\/die-webzeitung.de\/stuttgart\/wp-json\/wp\/v2\/media\/159192"}],"wp:attachment":[{"href":"https:\/\/die-webzeitung.de\/stuttgart\/wp-json\/wp\/v2\/media?parent=159191"}],"wp:term":[{"taxonomy":"category","embeddable":true,"href":"https:\/\/die-webzeitung.de\/stuttgart\/wp-json\/wp\/v2\/categories?post=159191"},{"taxonomy":"post_tag","embeddable":true,"href":"https:\/\/die-webzeitung.de\/stuttgart\/wp-json\/wp\/v2\/tags?post=159191"}],"curies":[{"name":"wp","href":"https:\/\/api.w.org\/{rel}","templated":true}]}}