{"id":159151,"date":"2026-01-04T12:31:19","date_gmt":"2026-01-04T11:31:19","guid":{"rendered":"https:\/\/die-webzeitung.de\/stuttgart\/2026\/01\/04\/keine-chance-beim-tabellenfuehrer\/"},"modified":"2026-01-04T12:31:19","modified_gmt":"2026-01-04T11:31:19","slug":"keine-chance-beim-tabellenfuehrer","status":"publish","type":"post","link":"https:\/\/die-webzeitung.de\/stuttgart\/2026\/01\/04\/keine-chance-beim-tabellenfuehrer\/","title":{"rendered":"Keine Chance beim Tabellenf\u00fchrer"},"content":{"rendered":"<div style=\"text-align: justify;\"><b>Barock Volleys unterliegen mit 0:3 bei der SVG L\u00fcneburg \u2013 Am Samstag reist der Tabellensiebte Freiburg zum Derby an<\/b><\/div>\n<div><\/div>\n<div style=\"text-align: justify;\">Der Tabellenf\u00fchrer war zu dominant: Zum Jahresauftakt haben die Barock Volleys MTV Ludwigsburg in der Volleyball-Bundesliga der M\u00e4nner bei der SVG L\u00fcneburg eine 0:3-Niederlage (16:25,19:25, 14:25) hinnehmen m\u00fcssen. Die L\u00fcneH\u00fcnen zeigten vor 3200 Fans in der ausverkauften LKH Arena eine Glanzleistung, nach der L\u00fcneburgs Sportlicher Leiter Bernd Schlesinger konstatierte: \u201eUnsere Mannschaft hat sich in einen Rausch gespielt.\u201d Den ersten Satz konnte Ludwigsburg noch bis zum 13:13 offenhalten, doch mit einer Aufschlagserie von L\u00fcneburgs Daniel Gruvaeus stoppte der Ligaprimus die Barockst\u00e4dter, die danach keinen Zugriff mehr auf das Spiel bekamen. MVP der Partie wurde L\u00fcneburgs Christopher Byam.<\/div>\n<div><\/div>\n<div style=\"text-align: justify;\">\u201eDas war ein schwieriges Spiel. In den ersten zwei S\u00e4tzen hatten wir unsere Chancen. Aber es ist uns nicht gelungen, diese Situationen in Punkte zu verwandeln und unseren Game-Plan umzusetzen\u201c, sagte Ludwigsburgs Trainer Hasse Mattila nach der Partie. \u201eUnsere Angriffe waren nicht gut genug und wir haben keine guten Block-Abwehr-Positionen gefunden. Im dritten Satz hat L\u00fcneburg unglaublich gut aufgeschlagen und wir hatten wir einfach keine Chance mehr. L\u00fcneburg hat gezeigt, warum sie ein Top-Team sind.\u201d Die Barockst\u00e4dter liegen trotz der Niederlage weiterhin auf Platz sechs in der Tabelle.<\/div>\n<div><\/div>\n<div style=\"text-align: justify;\"><b>Wichtiges Heimspiel: Derby gegen Freiburg<\/b><\/div>\n<div><\/div>\n<div style=\"text-align: justify;\">Im n\u00e4chsten Spiel geht es um wichtige Punkte im Rennen um die Play-offs: Am 10. Januar (Innenstadtsporthalle\/19 Uhr) reist der Tabellensiebte FT 1844 Freiburg zum Derby an. Die beiden Teams trennen nur drei Punkte: Das Hinspiel konnten die Barock Volleys mit 3:0 ausw\u00e4rts in Freiburg gewinnen.<\/div>\n<div><\/div>\n<div style=\"text-align: justify;\"><b>Tickets zum Derby gibt es unter:\u00a0 <a id=\"m_-2222593472208036105OWA85adf4fe-a63a-191e-025b-08498493c1c6\" href=\"https:\/\/events.vereinsticket.de\/mtv-ludwigsburg\/vo-herren\/4644121\" target=\"_blank\" rel=\"noopener\" data-saferedirecturl=\"https:\/\/www.google.com\/url?q=https:\/\/events.vereinsticket.de\/mtv-ludwigsburg\/vo-herren\/4644121&amp;source=gmail&amp;ust=1767611488115000&amp;usg=AOvVaw1zhjlMrX_L9d3D1jzW3cE_\">Eventportal: Barock Volleys MTV Ludwigsburg \/\/ FT 1844 Freiburg<\/a><\/b><\/p>\n<hr \/>\n<\/div>\n","protected":false},"excerpt":{"rendered":"<p>Barock Volleys unterliegen mit 0:3 bei der SVG L\u00fcneburg \u2013 Am Samstag reist der Tabellensiebte Freiburg zum Derby an Der Tabellenf\u00fchrer war zu dominant: Zum Jahresauftakt haben die Barock Volleys MTV Ludwigsburg in der Volleyball-Bundesliga der M\u00e4nner bei der SVG L\u00fcneburg eine 0:3-Niederlage (16:25,19:25, 14:25) hinnehmen m\u00fcssen. Die L\u00fcneH\u00fcnen zeigten vor 3200 Fans in der [&hellip;]<\/p>\n","protected":false},"author":4,"featured_media":0,"comment_status":"closed","ping_status":"open","sticky":false,"template":"","format":"standard","meta":{"inline_featured_image":false,"_exactmetrics_skip_tracking":false,"_exactmetrics_sitenote_active":false,"_exactmetrics_sitenote_note":"","_exactmetrics_sitenote_category":0,"footnotes":""},"categories":[110],"tags":[17904,131,14857,6,68,10629],"class_list":{"0":"post-159151","1":"post","2":"type-post","3":"status-publish","4":"format-standard","6":"category-sport","7":"tag-barock-volleys","8":"tag-bundesliga","9":"tag-die-webzeitung","10":"tag-ludwigsburg","11":"tag-online-zeitung","12":"tag-volleyball"},"image_feature":null,"author_name":"Redaktion","pure_taxonomies":{"categories":[{"term_id":110,"name":"Sport","slug":"sport","term_group":0,"term_taxonomy_id":112,"taxonomy":"category","description":"Sportberichte","parent":0,"count":1043,"filter":"raw","image":""}],"tags":[{"term_id":17904,"name":"Barock-Volleys","slug":"barock-volleys","term_group":0,"term_taxonomy_id":17923,"taxonomy":"post_tag","description":"","parent":0,"count":39,"filter":"raw","image":""},{"term_id":131,"name":"Bundesliga","slug":"bundesliga","term_group":0,"term_taxonomy_id":133,"taxonomy":"post_tag","description":"","parent":0,"count":699,"filter":"raw","image":""},{"term_id":14857,"name":"Die-Webzeitung","slug":"die-webzeitung","term_group":0,"term_taxonomy_id":14876,"taxonomy":"post_tag","description":"","parent":0,"count":3621,"filter":"raw","image":""},{"term_id":6,"name":"Ludwigsburg","slug":"ludwigsburg","term_group":0,"term_taxonomy_id":6,"taxonomy":"post_tag","description":"","parent":0,"count":180,"filter":"raw","image":""},{"term_id":68,"name":"Online-Zeitung","slug":"online-zeitung","term_group":0,"term_taxonomy_id":69,"taxonomy":"post_tag","description":"","parent":0,"count":3591,"filter":"raw","image":""},{"term_id":10629,"name":"Volleyball","slug":"volleyball","term_group":0,"term_taxonomy_id":10665,"taxonomy":"post_tag","description":"","parent":0,"count":90,"filter":"raw","image":""}]},"_links":{"self":[{"href":"https:\/\/die-webzeitung.de\/stuttgart\/wp-json\/wp\/v2\/posts\/159151","targetHints":{"allow":["GET"]}}],"collection":[{"href":"https:\/\/die-webzeitung.de\/stuttgart\/wp-json\/wp\/v2\/posts"}],"about":[{"href":"https:\/\/die-webzeitung.de\/stuttgart\/wp-json\/wp\/v2\/types\/post"}],"author":[{"embeddable":true,"href":"https:\/\/die-webzeitung.de\/stuttgart\/wp-json\/wp\/v2\/users\/4"}],"replies":[{"embeddable":true,"href":"https:\/\/die-webzeitung.de\/stuttgart\/wp-json\/wp\/v2\/comments?post=159151"}],"version-history":[{"count":0,"href":"https:\/\/die-webzeitung.de\/stuttgart\/wp-json\/wp\/v2\/posts\/159151\/revisions"}],"wp:attachment":[{"href":"https:\/\/die-webzeitung.de\/stuttgart\/wp-json\/wp\/v2\/media?parent=159151"}],"wp:term":[{"taxonomy":"category","embeddable":true,"href":"https:\/\/die-webzeitung.de\/stuttgart\/wp-json\/wp\/v2\/categories?post=159151"},{"taxonomy":"post_tag","embeddable":true,"href":"https:\/\/die-webzeitung.de\/stuttgart\/wp-json\/wp\/v2\/tags?post=159151"}],"curies":[{"name":"wp","href":"https:\/\/api.w.org\/{rel}","templated":true}]}}