{"id":159132,"date":"2026-01-04T09:46:36","date_gmt":"2026-01-04T08:46:36","guid":{"rendered":"https:\/\/die-webzeitung.de\/stuttgart\/?p=159132"},"modified":"2026-01-04T12:38:09","modified_gmt":"2026-01-04T11:38:09","slug":"silvesterfeierlichkeiten-in-der-innenstadt-verlaufen-ueberwiegend-stoerungsfrei","status":"publish","type":"post","link":"https:\/\/die-webzeitung.de\/stuttgart\/2026\/01\/04\/silvesterfeierlichkeiten-in-der-innenstadt-verlaufen-ueberwiegend-stoerungsfrei\/","title":{"rendered":"Silvesterfeierlichkeiten in der Innenstadt verlaufen \u00fcberwiegend st\u00f6rungsfrei"},"content":{"rendered":"<p style=\"text-align: justify;\">Stuttgart.|\u00a0Das Polizeipr\u00e4sidium Stuttgart zieht in der ersten Silvesternacht ohne Veranstaltung auf dem Schlossplatz eine vorl\u00e4ufig positive Bilanz. Der Fokus der polizeilichen Einsatzma\u00dfnahmen lag auf der Einhaltung der Feuerwerksverbotszone innerhalb des so genannten City-Rings.<\/p>\n<p style=\"text-align: justify;\">Die Einsatzkr\u00e4fte des Polizeipr\u00e4sidiums Einsatz und des Polizeipr\u00e4sidiums Stuttgart kontrollierten im Laufe der Nacht eine Vielzahl von Personen im Bereich des Schlossplatzes auf das Mitf\u00fchren von Feuerwerksk\u00f6rpern, Waffen und gef\u00e4hrlichen Gegenst\u00e4nden, welche bei Auffinden beschlagnahmt wurden. Festgestellte Feuerwerksk\u00f6rper wurden vor Ort vernichtet.<\/p>\n<p style=\"text-align: justify;\">Nach derzeitigem Stand wurden 33 Personen wegen der Missachtung der Feuerwerksverbotszone zur Anzeige gebracht. Drei Personen f\u00fchrten verbotenerweise Messer mit sich, die durch die Einsatzkr\u00e4fte beschlagnahmt wurden. Diese Personen m\u00fcssen mit einer Anzeige wegen des Versto\u00dfes gegen die Waffen- und Messerverbotszonenverordnung rechnen.<\/p>\n<p style=\"text-align: justify;\">Nachdem auf dem Schlossplatz kurz nach dem Jahreswechsel vereinzelt Feuerwerk innerhalb der feiernden Personen gez\u00fcndet wurde, konnten die Tatverd\u00e4chtigen durch konsequentes Einschreiten der Polizei festgenommen werden. Zudem wurde nach drei Widerstandshandlungen gegen Polizeibeamte jeweils ein Tatverd\u00e4chtiger festgenommen.<\/p>\n<p style=\"text-align: justify;\">Die Einsatzkr\u00e4fte nahmen nach derzeitigem Stand 14 Strafanzeigen auf, darunter K\u00f6rperverletzungsdelikte und Verst\u00f6\u00dfe gegen das Waffengesetz. Der Stuttgarter Polizeisprecher Timo Brenner res\u00fcmierte &#8220;Unser Einsatzkonzept, bestehend aus offensiver Pr\u00e4senz und niederschwelligen Kontrollen ging auf. Es ist uns dank unseres Kr\u00e4fteansatzes gelungen, Verst\u00f6\u00dfe konsequent zu ahnden. Es ist aber nicht die Kontrolle allein: Wir danken auch den vielen B\u00fcrgerinnen und B\u00fcrgern, die sich an die Regeln gehalten haben, so dass unsere Einsatzkr\u00e4fte gar nicht erst einschreiten mussten.&#8221;<\/p>\n<hr \/>\n<p style=\"text-align: justify;\">\n","protected":false},"excerpt":{"rendered":"<p>Stuttgart.|\u00a0Das Polizeipr\u00e4sidium Stuttgart zieht in der ersten Silvesternacht ohne Veranstaltung auf dem Schlossplatz eine vorl\u00e4ufig positive Bilanz. Der Fokus der polizeilichen Einsatzma\u00dfnahmen lag auf der Einhaltung der Feuerwerksverbotszone innerhalb des so genannten City-Rings. Die Einsatzkr\u00e4fte des Polizeipr\u00e4sidiums Einsatz und des Polizeipr\u00e4sidiums Stuttgart kontrollierten im Laufe der Nacht eine Vielzahl von Personen im Bereich des Schlossplatzes [&hellip;]<\/p>\n","protected":false},"author":4,"featured_media":151511,"comment_status":"closed","ping_status":"open","sticky":false,"template":"","format":"standard","meta":{"inline_featured_image":false,"_exactmetrics_skip_tracking":false,"_exactmetrics_sitenote_active":false,"_exactmetrics_sitenote_note":"","_exactmetrics_sitenote_category":0,"footnotes":""},"categories":[2239],"tags":[14857,12564,68,9741,275],"class_list":{"0":"post-159132","1":"post","2":"type-post","3":"status-publish","4":"format-standard","5":"has-post-thumbnail","7":"category-stuttgart-lokal","8":"tag-die-webzeitung","9":"tag-innenstadt","10":"tag-online-zeitung","11":"tag-silvester","12":"tag-stuttgart"},"image_feature":"https:\/\/die-webzeitung.de\/stuttgart\/wp-content\/uploads\/sites\/4\/2023\/11\/police-378255_1280-scaled.jpg","author_name":"Redaktion","pure_taxonomies":{"categories":[{"term_id":2239,"name":"Stuttgart","slug":"stuttgart-lokal","term_group":0,"term_taxonomy_id":2252,"taxonomy":"category","description":"Berichte und Informationen aus Stuttgart","parent":1433,"count":941,"filter":"raw","image":""}],"tags":[{"term_id":14857,"name":"Die-Webzeitung","slug":"die-webzeitung","term_group":0,"term_taxonomy_id":14876,"taxonomy":"post_tag","description":"","parent":0,"count":3621,"filter":"raw","image":""},{"term_id":12564,"name":"Innenstadt","slug":"innenstadt","term_group":0,"term_taxonomy_id":12604,"taxonomy":"post_tag","description":"","parent":0,"count":11,"filter":"raw","image":""},{"term_id":68,"name":"Online-Zeitung","slug":"online-zeitung","term_group":0,"term_taxonomy_id":69,"taxonomy":"post_tag","description":"","parent":0,"count":3591,"filter":"raw","image":""},{"term_id":9741,"name":"Silvester","slug":"silvester","term_group":0,"term_taxonomy_id":9772,"taxonomy":"post_tag","description":"","parent":0,"count":12,"filter":"raw","image":""},{"term_id":275,"name":"Stuttgart","slug":"stuttgart","term_group":0,"term_taxonomy_id":281,"taxonomy":"post_tag","description":"","parent":0,"count":1194,"filter":"raw","image":""}]},"_links":{"self":[{"href":"https:\/\/die-webzeitung.de\/stuttgart\/wp-json\/wp\/v2\/posts\/159132","targetHints":{"allow":["GET"]}}],"collection":[{"href":"https:\/\/die-webzeitung.de\/stuttgart\/wp-json\/wp\/v2\/posts"}],"about":[{"href":"https:\/\/die-webzeitung.de\/stuttgart\/wp-json\/wp\/v2\/types\/post"}],"author":[{"embeddable":true,"href":"https:\/\/die-webzeitung.de\/stuttgart\/wp-json\/wp\/v2\/users\/4"}],"replies":[{"embeddable":true,"href":"https:\/\/die-webzeitung.de\/stuttgart\/wp-json\/wp\/v2\/comments?post=159132"}],"version-history":[{"count":1,"href":"https:\/\/die-webzeitung.de\/stuttgart\/wp-json\/wp\/v2\/posts\/159132\/revisions"}],"predecessor-version":[{"id":159133,"href":"https:\/\/die-webzeitung.de\/stuttgart\/wp-json\/wp\/v2\/posts\/159132\/revisions\/159133"}],"wp:featuredmedia":[{"embeddable":true,"href":"https:\/\/die-webzeitung.de\/stuttgart\/wp-json\/wp\/v2\/media\/151511"}],"wp:attachment":[{"href":"https:\/\/die-webzeitung.de\/stuttgart\/wp-json\/wp\/v2\/media?parent=159132"}],"wp:term":[{"taxonomy":"category","embeddable":true,"href":"https:\/\/die-webzeitung.de\/stuttgart\/wp-json\/wp\/v2\/categories?post=159132"},{"taxonomy":"post_tag","embeddable":true,"href":"https:\/\/die-webzeitung.de\/stuttgart\/wp-json\/wp\/v2\/tags?post=159132"}],"curies":[{"name":"wp","href":"https:\/\/api.w.org\/{rel}","templated":true}]}}