{"id":159040,"date":"2025-12-19T14:04:11","date_gmt":"2025-12-19T13:04:11","guid":{"rendered":"https:\/\/die-webzeitung.de\/stuttgart\/?p=159040"},"modified":"2025-12-19T14:04:11","modified_gmt":"2025-12-19T13:04:11","slug":"ein-jahr-kommunaler-gasnetzbetrieb","status":"publish","type":"post","link":"https:\/\/die-webzeitung.de\/stuttgart\/2025\/12\/19\/ein-jahr-kommunaler-gasnetzbetrieb\/","title":{"rendered":"Ein Jahr kommunaler Gasnetzbetrieb"},"content":{"rendered":"<h4><strong>Stuttgart Netze zieht erste erfolgreiche Bilanz<\/strong><\/h4>\n<p style=\"text-align: justify;\">Seit einem Jahr betreibt die Stuttgart Netze GmbH das 2.100 Kilometer lange Gasnetz der Landeshauptstadt. Nach der technischen Entflechtung und dem Betriebs\u00fcbergang zum 1. Januar 2025 zieht das Unternehmen eine positive Zwischenbilanz.<\/p>\n<p style=\"text-align: justify;\"><strong>Hintergrund: Wie das Gasnetz in kommunale Verantwortung kam<\/strong><\/p>\n<p style=\"text-align: justify;\">2014 sprach sich ein breites B\u00fcrgerbegehren daf\u00fcr aus, die Energienetze in Stuttgart st\u00e4rker in kommunale Hand zu bringen. Die Stadt begr\u00fcndete den Weg mit klaren Zielen: sichere Versorgung, faire Preise und ein Infrastrukturunternehmen, das die Energiewende in Stuttgart aktiv unterst\u00fctzt. Als Resultat nahmen im Jahr 2016 die Stuttgart Netze ihren Betrieb auf und k\u00fcmmerten sich zun\u00e4chst nur um das Stromnetz.<\/p>\n<p style=\"text-align: justify;\">Seit 2016 lag das Gasnetz zwar im Eigentum der Stuttgart Netze, betrieben wurde es aber weiterhin von der Netze BW. Grund war die komplexe technische Entflechtung des Stuttgarter Netzes vom umliegenden Gasnetz der Netze BW \u2013 ein Prozess, der mehrere Jahre in Anspruch nahm.<\/p>\n<p style=\"text-align: justify;\">Mit dem planm\u00e4\u00dfigen \u00dcbergang zum 1. Januar 2025 liegt der Gasnetzbetrieb seitdem vollst\u00e4ndig bei der Stuttgart Netze, die eine 74,9%-Beteiligung der Stadtwerke Stuttgart ist. Die Mitarbeitenden, die zuvor bei Netze BW das Stuttgarter Netz betreut hatten, wechselten zum neuen Betreiber \u2013 inklusive der technischen Kompetenzen.<strong>\u00a0<\/strong><\/p>\n<p style=\"text-align: justify;\"><strong>Starkes erstes Jahr im Netzbetrieb <\/strong><\/p>\n<p style=\"text-align: justify;\">Im ersten Jahr nach der Betriebs\u00fcbernahme haben die Stuttgart Netze die Sicherheit des st\u00e4dtischen Gasnetzes weiter erh\u00f6ht. Mit einem Messfahrzeug, das selbst kleinste Gasspuren erkennt, hat das Team bereits circa 740 Kilometer Rohrnetz \u00fcberpr\u00fcft. Dazu kamen rund 4.200 kontrollierte Hausanschl\u00fcsse und \u00fcber 8.000 turnusgem\u00e4\u00df gewechselte Gasz\u00e4hler. Auf der St\u00f6rungs-Hotline 0800 4804-420 wurden rund 7.400 Anrufe von B\u00fcrgerinnen und B\u00fcrgern bearbeitet.<\/p>\n<p style=\"text-align: justify;\"><strong>Verantwortung f\u00fcr die eigene Stadt<\/strong><\/p>\n<p style=\"text-align: justify;\">Die Mitarbeitenden \u00fcbernehmen mit gro\u00dfem Verantwortungsbewusstsein die Versorgung der Stadt: Neben den privaten Haushalten werden durch das Gasnetz auch zahlreiche Industrie- und Dienstleistungsbetriebe in Stuttgart zuverl\u00e4ssig beliefert. So leisten die Teams nicht nur einen Beitrag zur Energieversorgung der Bev\u00f6lkerung, sondern sichern auch die Versorgungssicherheit f\u00fcr die Wirtschaft und wichtige Infrastrukturen der Landeshauptstadt.<\/p>\n<p style=\"text-align: justify;\">\u201eDie \u00dcbernahme hat gut geklappt, auch weil wir heute mit einem auf Stuttgart fokussierten Team arbeiten: Die Teams haben k\u00fcrzere Abstimmungswege. Vorschl\u00e4ge k\u00f6nnen schneller umgesetzt werden und direkt im Alltag erprobt werden. \u201c, sagt Harald Hauser, technischer Gesch\u00e4ftsf\u00fchrer der Stuttgart Netze GmbH.<\/p>\n<hr \/>\n<p style=\"text-align: justify;\">\n","protected":false},"excerpt":{"rendered":"<p>Stuttgart Netze zieht erste erfolgreiche Bilanz Seit einem Jahr betreibt die Stuttgart Netze GmbH das 2.100 Kilometer lange Gasnetz der Landeshauptstadt. Nach der technischen Entflechtung und dem Betriebs\u00fcbergang zum 1. Januar 2025 zieht das Unternehmen eine positive Zwischenbilanz. Hintergrund: Wie das Gasnetz in kommunale Verantwortung kam 2014 sprach sich ein breites B\u00fcrgerbegehren daf\u00fcr aus, die [&hellip;]<\/p>\n","protected":false},"author":4,"featured_media":159041,"comment_status":"closed","ping_status":"open","sticky":false,"template":"","format":"standard","meta":{"inline_featured_image":false,"_exactmetrics_skip_tracking":false,"_exactmetrics_sitenote_active":false,"_exactmetrics_sitenote_note":"","_exactmetrics_sitenote_category":0,"footnotes":""},"categories":[2239],"tags":[14857,12847,12355,68,275],"class_list":{"0":"post-159040","1":"post","2":"type-post","3":"status-publish","4":"format-standard","5":"has-post-thumbnail","7":"category-stuttgart-lokal","8":"tag-die-webzeitung","9":"tag-gasnetz","10":"tag-netze-bw","11":"tag-online-zeitung","12":"tag-stuttgart"},"image_feature":"https:\/\/die-webzeitung.de\/stuttgart\/wp-content\/uploads\/sites\/4\/2025\/12\/Gasnetzbetrieb_2-scaled.jpg","author_name":"Redaktion","pure_taxonomies":{"categories":[{"term_id":2239,"name":"Stuttgart","slug":"stuttgart-lokal","term_group":0,"term_taxonomy_id":2252,"taxonomy":"category","description":"Berichte und Informationen aus Stuttgart","parent":1433,"count":941,"filter":"raw","image":""}],"tags":[{"term_id":14857,"name":"Die-Webzeitung","slug":"die-webzeitung","term_group":0,"term_taxonomy_id":14876,"taxonomy":"post_tag","description":"","parent":0,"count":3623,"filter":"raw","image":""},{"term_id":12847,"name":"Gasnetz","slug":"gasnetz","term_group":0,"term_taxonomy_id":12888,"taxonomy":"post_tag","description":"","parent":0,"count":1,"filter":"raw","image":""},{"term_id":12355,"name":"Netze BW","slug":"netze-bw","term_group":0,"term_taxonomy_id":12393,"taxonomy":"post_tag","description":"","parent":0,"count":6,"filter":"raw","image":""},{"term_id":68,"name":"Online-Zeitung","slug":"online-zeitung","term_group":0,"term_taxonomy_id":69,"taxonomy":"post_tag","description":"","parent":0,"count":3593,"filter":"raw","image":""},{"term_id":275,"name":"Stuttgart","slug":"stuttgart","term_group":0,"term_taxonomy_id":281,"taxonomy":"post_tag","description":"","parent":0,"count":1194,"filter":"raw","image":""}]},"_links":{"self":[{"href":"https:\/\/die-webzeitung.de\/stuttgart\/wp-json\/wp\/v2\/posts\/159040","targetHints":{"allow":["GET"]}}],"collection":[{"href":"https:\/\/die-webzeitung.de\/stuttgart\/wp-json\/wp\/v2\/posts"}],"about":[{"href":"https:\/\/die-webzeitung.de\/stuttgart\/wp-json\/wp\/v2\/types\/post"}],"author":[{"embeddable":true,"href":"https:\/\/die-webzeitung.de\/stuttgart\/wp-json\/wp\/v2\/users\/4"}],"replies":[{"embeddable":true,"href":"https:\/\/die-webzeitung.de\/stuttgart\/wp-json\/wp\/v2\/comments?post=159040"}],"version-history":[{"count":1,"href":"https:\/\/die-webzeitung.de\/stuttgart\/wp-json\/wp\/v2\/posts\/159040\/revisions"}],"predecessor-version":[{"id":159042,"href":"https:\/\/die-webzeitung.de\/stuttgart\/wp-json\/wp\/v2\/posts\/159040\/revisions\/159042"}],"wp:featuredmedia":[{"embeddable":true,"href":"https:\/\/die-webzeitung.de\/stuttgart\/wp-json\/wp\/v2\/media\/159041"}],"wp:attachment":[{"href":"https:\/\/die-webzeitung.de\/stuttgart\/wp-json\/wp\/v2\/media?parent=159040"}],"wp:term":[{"taxonomy":"category","embeddable":true,"href":"https:\/\/die-webzeitung.de\/stuttgart\/wp-json\/wp\/v2\/categories?post=159040"},{"taxonomy":"post_tag","embeddable":true,"href":"https:\/\/die-webzeitung.de\/stuttgart\/wp-json\/wp\/v2\/tags?post=159040"}],"curies":[{"name":"wp","href":"https:\/\/api.w.org\/{rel}","templated":true}]}}