{"id":159031,"date":"2025-12-18T17:34:18","date_gmt":"2025-12-18T16:34:18","guid":{"rendered":"https:\/\/die-webzeitung.de\/stuttgart\/2025\/12\/18\/barock-volleys-voller-fokus-auf-den-hinrunden-abschluss\/"},"modified":"2025-12-18T17:34:53","modified_gmt":"2025-12-18T16:34:53","slug":"barock-volleys-voller-fokus-auf-den-hinrunden-abschluss","status":"publish","type":"post","link":"https:\/\/die-webzeitung.de\/stuttgart\/2025\/12\/18\/barock-volleys-voller-fokus-auf-den-hinrunden-abschluss\/","title":{"rendered":"Barock Volleys: Voller Fokus auf den Hinrunden-Abschluss"},"content":{"rendered":"<ul>\n<li style=\"text-align: justify;\"><strong>Der Volleyball-Bundesligist Barock Volleys MTV Ludwigsburg empf\u00e4ngt am Samstag zum Aufsteiger-Duell den Tabellenvorletzten Warnem\u00fcnde. <\/strong><\/li>\n<li style=\"text-align: justify;\"><strong>Am Dienstag geht es zum letzten Hinrundenspiel nach Giesen<\/strong><\/li>\n<\/ul>\n<div><\/div>\n<div style=\"text-align: justify;\">Ludwigsburg<i>.|<\/i>\u00a0Das letzte Heimspiel in einem turbulenten Jahr 2025 steht f\u00fcr die Barock Volleys MTV Ludwigsburg an: Im Aufsteiger-Duell gegen Warnem\u00fcnde\u00a0am Samstagabend (19.30 Uhr\/ Innenstadtsporthalle)\u00a0ist Spannung garantiert, auch wenn die Ausgangsposition der beiden Teams unterschiedlicher kaum sein k\u00f6nnte.\u00a0 Der Tabellensechste empf\u00e4ngt den Tabellenvorletzten. W\u00e4hrend der SV Warnem\u00fcnde am Wochenende den ersten Sieg mit drei Punkten gegen Karlsruhe einfahren konnte, haben sich die Barock Volleys zwei Spieltage vor Ende der Hinrunde mit sieben Siegen und 22 Punkten ein komfortables Polster erarbeitet.<\/div>\n<div><\/div>\n<div style=\"text-align: justify;\">Die Ludwigsburger wollen weiter punkten, erwarten aber ein hei\u00dfes Duell gegen einen Gegner, der vermutlich mit viel Selbstbewusstsein und Emotionen in die Partie gehen wird. Auch Trainer Hasse Mattila warnt: \u201eWarnem\u00fcnde hat gerade den ersten Saisonsieg gegen Karlsruhe eingefahren, daher m\u00fcssen wir konzentriert bleiben und erneut unsere Bestleistung abrufen, um erfolgreich zu sein.\u201c<\/div>\n<div><\/div>\n<div style=\"text-align: justify;\"><strong>Ausw\u00e4rts in Giesen wird die Hinrunde abgeschlossen<\/strong><\/div>\n<div><\/div>\n<div style=\"text-align: justify;\">Drei Tage sp\u00e4ter, geht es zum Ausw\u00e4rtsspiel zu den Helios Grizzlys Giesen, bevor sich die Mannschaft f\u00fcr f\u00fcnf Tage in die Weihnachtspause verabschiedet. Am 3. Januar startet beim Tabellenf\u00fchrer SVG L\u00fcneburg die R\u00fcckrunde. \u201eWir wollen die Hinrunde stark abschlie\u00dfen. Nach dem Warnem\u00fcnde-Spiel brauchen wir eine gute Erholung, um Giesen am Tag vor Weihnachten herausfordern zu k\u00f6nnen\u201c, sagt Trainer Mattila.<\/div>\n<div><\/div>\n<div style=\"text-align: justify;\">\n<p>Karten unter: \u00a0<u><a id=\"m_-874335203025267758OWAda565970-a44a-ae50-57a5-6082b405440c\" href=\"https:\/\/events.vereinsticket.de\/mtv-ludwigsburg\/vo-herren\/4644120\" target=\"_blank\" rel=\"noopener\" data-saferedirecturl=\"https:\/\/www.google.com\/url?q=https:\/\/events.vereinsticket.de\/mtv-ludwigsburg\/vo-herren\/4644120&amp;source=gmail&amp;ust=1766160630842000&amp;usg=AOvVaw3flQww0asnc7Cbuoo_WI-2\">Eventportal: Barock Volleys MTV Ludwigsburg \/\/ SV Warnem\u00fcnde<\/a><\/u><\/p>\n<hr \/>\n<\/div>\n","protected":false},"excerpt":{"rendered":"<p>Der Volleyball-Bundesligist Barock Volleys MTV Ludwigsburg empf\u00e4ngt am Samstag zum Aufsteiger-Duell den Tabellenvorletzten Warnem\u00fcnde. Am Dienstag geht es zum letzten Hinrundenspiel nach Giesen Ludwigsburg.|\u00a0Das letzte Heimspiel in einem turbulenten Jahr 2025 steht f\u00fcr die Barock Volleys MTV Ludwigsburg an: Im Aufsteiger-Duell gegen Warnem\u00fcnde\u00a0am Samstagabend (19.30 Uhr\/ Innenstadtsporthalle)\u00a0ist Spannung garantiert, auch wenn die Ausgangsposition der beiden [&hellip;]<\/p>\n","protected":false},"author":4,"featured_media":0,"comment_status":"closed","ping_status":"open","sticky":false,"template":"","format":"standard","meta":{"inline_featured_image":false,"_exactmetrics_skip_tracking":false,"_exactmetrics_sitenote_active":false,"_exactmetrics_sitenote_note":"","_exactmetrics_sitenote_category":0,"footnotes":""},"categories":[110],"tags":[17904,131,14857,6,68,10629],"class_list":{"0":"post-159031","1":"post","2":"type-post","3":"status-publish","4":"format-standard","6":"category-sport","7":"tag-barock-volleys","8":"tag-bundesliga","9":"tag-die-webzeitung","10":"tag-ludwigsburg","11":"tag-online-zeitung","12":"tag-volleyball"},"image_feature":null,"author_name":"Redaktion","pure_taxonomies":{"categories":[{"term_id":110,"name":"Sport","slug":"sport","term_group":0,"term_taxonomy_id":112,"taxonomy":"category","description":"Sportberichte","parent":0,"count":1043,"filter":"raw","image":""}],"tags":[{"term_id":17904,"name":"Barock-Volleys","slug":"barock-volleys","term_group":0,"term_taxonomy_id":17923,"taxonomy":"post_tag","description":"","parent":0,"count":39,"filter":"raw","image":""},{"term_id":131,"name":"Bundesliga","slug":"bundesliga","term_group":0,"term_taxonomy_id":133,"taxonomy":"post_tag","description":"","parent":0,"count":699,"filter":"raw","image":""},{"term_id":14857,"name":"Die-Webzeitung","slug":"die-webzeitung","term_group":0,"term_taxonomy_id":14876,"taxonomy":"post_tag","description":"","parent":0,"count":3623,"filter":"raw","image":""},{"term_id":6,"name":"Ludwigsburg","slug":"ludwigsburg","term_group":0,"term_taxonomy_id":6,"taxonomy":"post_tag","description":"","parent":0,"count":180,"filter":"raw","image":""},{"term_id":68,"name":"Online-Zeitung","slug":"online-zeitung","term_group":0,"term_taxonomy_id":69,"taxonomy":"post_tag","description":"","parent":0,"count":3593,"filter":"raw","image":""},{"term_id":10629,"name":"Volleyball","slug":"volleyball","term_group":0,"term_taxonomy_id":10665,"taxonomy":"post_tag","description":"","parent":0,"count":90,"filter":"raw","image":""}]},"_links":{"self":[{"href":"https:\/\/die-webzeitung.de\/stuttgart\/wp-json\/wp\/v2\/posts\/159031","targetHints":{"allow":["GET"]}}],"collection":[{"href":"https:\/\/die-webzeitung.de\/stuttgart\/wp-json\/wp\/v2\/posts"}],"about":[{"href":"https:\/\/die-webzeitung.de\/stuttgart\/wp-json\/wp\/v2\/types\/post"}],"author":[{"embeddable":true,"href":"https:\/\/die-webzeitung.de\/stuttgart\/wp-json\/wp\/v2\/users\/4"}],"replies":[{"embeddable":true,"href":"https:\/\/die-webzeitung.de\/stuttgart\/wp-json\/wp\/v2\/comments?post=159031"}],"version-history":[{"count":1,"href":"https:\/\/die-webzeitung.de\/stuttgart\/wp-json\/wp\/v2\/posts\/159031\/revisions"}],"predecessor-version":[{"id":159032,"href":"https:\/\/die-webzeitung.de\/stuttgart\/wp-json\/wp\/v2\/posts\/159031\/revisions\/159032"}],"wp:attachment":[{"href":"https:\/\/die-webzeitung.de\/stuttgart\/wp-json\/wp\/v2\/media?parent=159031"}],"wp:term":[{"taxonomy":"category","embeddable":true,"href":"https:\/\/die-webzeitung.de\/stuttgart\/wp-json\/wp\/v2\/categories?post=159031"},{"taxonomy":"post_tag","embeddable":true,"href":"https:\/\/die-webzeitung.de\/stuttgart\/wp-json\/wp\/v2\/tags?post=159031"}],"curies":[{"name":"wp","href":"https:\/\/api.w.org\/{rel}","templated":true}]}}