{"id":158955,"date":"2025-12-10T13:55:50","date_gmt":"2025-12-10T12:55:50","guid":{"rendered":"https:\/\/die-webzeitung.de\/stuttgart\/2025\/12\/10\/dwefzga-live-beim-heimspiel-der-sg-bbm\/"},"modified":"2025-12-10T13:55:50","modified_gmt":"2025-12-10T12:55:50","slug":"dwefzga-live-beim-heimspiel-der-sg-bbm","status":"publish","type":"post","link":"https:\/\/die-webzeitung.de\/stuttgart\/2025\/12\/10\/dwefzga-live-beim-heimspiel-der-sg-bbm\/","title":{"rendered":"D\u00b4Wefzga live beim Heimspiel der SG BBM"},"content":{"rendered":"<p style=\"text-align: justify;\">Bietigheim-Bissingen.| Im Rahmen des Heimspiels der SG BBM Bietigheim am 12. Dezember 2025 gegen den Dessau-Ro\u00dflauer HV (19:30 Uhr, EgeTrans Arena Bietigheim) erwartet die Zuschauer ein besonderes Highlight: Der Spieltag wird durch die lokalen Guggenmusiker D\u00b4Wefzga begleitet.<\/p>\n<p style=\"text-align: justify;\">Die \u00fcberregional beliebten und gute Laune verbreitenden D\u2019Wefzga werden beim Bundesligaspiel der Bietigheimer Profihandballer f\u00fcr musikalische Stimmung in und um die EgeTrans Arena sorgen. D\u00b4Wefzga geh\u00f6ren zu den energiegeladensten und auff\u00e4lligsten Guggenformationen der Region. Mit ihren Auftritten vermitteln sie mehr als Musik \u2013 sie transportieren ein Lebensgef\u00fchl.<\/p>\n<p style=\"text-align: justify;\">\u201eGuggenmusik ist keine Perfektion, sondern eine Emotion\u201c, betont der 1. Vorstand von D\u00b4Wefzga, Andi Rehmann. \u201eAuch der Handballsport wird durch Emotionen getragen. Deshalb freuen wir uns sehr, die Mannschaft sowie deren Fanclub BLUE REDS am Spieltag zu unterst\u00fctzen.\u201c<\/p>\n<p style=\"text-align: justify;\">Die Guggenmusiker haben diesen Spieltag bewusst gew\u00e4hlt, denn sie verbindet eine besondere Beziehung zur Stadt Dessau-Ro\u00dflau. Seit vielen Jahren begleiten sie musikalisch das Stadtfest in Dessau und haben sich dort einen gro\u00dfen Fankreis aufgebaut.<\/p>\n<p style=\"text-align: justify;\">\u201eAls SG BBM sind wir immer bem\u00fcht unseren Fans etwas Besonderes zu bieten \u2013 nicht nur\u00a0Spitzenleistungen auf dem Spielfeld, sondern auch dar\u00fcber hinaus\u201c, sagt Gerhard Meyer vom SponsoringTeam der SG BBM. \u201eMit D\u00b4Wefzga verbindet uns vieles: Einsatz, Spielfreude, Leidenschaft, Emotion. Wir freuen uns, dass sie die Mannschaft und unsere BLUE REDS am Freitag auf dem Weg zum Heimsieg unterst\u00fctzen wollen.\u201c<\/p>\n<p style=\"text-align: justify;\">Geplant ist ein Konzert vor dem Spiel, in der Halbzeitpause sowie nach dem Spiel auf dem Vorplatz der EgeTrans Arena. Die SG BBM freut sich auf zahlreiche Zuschauer, die sich dieses besondere Spieltagsevent nicht entgehen lassen wollen.<\/p>\n<hr \/>\n<p style=\"text-align: justify;\">\n","protected":false},"excerpt":{"rendered":"<p>Bietigheim-Bissingen.| Im Rahmen des Heimspiels der SG BBM Bietigheim am 12. Dezember 2025 gegen den Dessau-Ro\u00dflauer HV (19:30 Uhr, EgeTrans Arena Bietigheim) erwartet die Zuschauer ein besonderes Highlight: Der Spieltag wird durch die lokalen Guggenmusiker D\u00b4Wefzga begleitet. Die \u00fcberregional beliebten und gute Laune verbreitenden D\u2019Wefzga werden beim Bundesligaspiel der Bietigheimer Profihandballer f\u00fcr musikalische Stimmung in [&hellip;]<\/p>\n","protected":false},"author":4,"featured_media":0,"comment_status":"closed","ping_status":"open","sticky":false,"template":"","format":"standard","meta":{"inline_featured_image":false,"_exactmetrics_skip_tracking":false,"_exactmetrics_sitenote_active":false,"_exactmetrics_sitenote_note":"","_exactmetrics_sitenote_category":0,"footnotes":""},"categories":[110],"tags":[9121,131,14857,133,68,9491],"class_list":{"0":"post-158955","1":"post","2":"type-post","3":"status-publish","4":"format-standard","6":"category-sport","7":"tag-bietigheim-bissingen","8":"tag-bundesliga","9":"tag-die-webzeitung","10":"tag-handball","11":"tag-online-zeitung","12":"tag-sg-bbm"},"image_feature":null,"author_name":"Redaktion","pure_taxonomies":{"categories":[{"term_id":110,"name":"Sport","slug":"sport","term_group":0,"term_taxonomy_id":112,"taxonomy":"category","description":"Sportberichte","parent":0,"count":1043,"filter":"raw","image":""}],"tags":[{"term_id":9121,"name":"Bietigheim-Bissingen","slug":"bietigheim-bissingen","term_group":0,"term_taxonomy_id":9147,"taxonomy":"post_tag","description":"","parent":0,"count":291,"filter":"raw","image":""},{"term_id":131,"name":"Bundesliga","slug":"bundesliga","term_group":0,"term_taxonomy_id":133,"taxonomy":"post_tag","description":"","parent":0,"count":699,"filter":"raw","image":""},{"term_id":14857,"name":"Die-Webzeitung","slug":"die-webzeitung","term_group":0,"term_taxonomy_id":14876,"taxonomy":"post_tag","description":"","parent":0,"count":3628,"filter":"raw","image":""},{"term_id":133,"name":"Handball","slug":"handball","term_group":0,"term_taxonomy_id":135,"taxonomy":"post_tag","description":"","parent":0,"count":387,"filter":"raw","image":""},{"term_id":68,"name":"Online-Zeitung","slug":"online-zeitung","term_group":0,"term_taxonomy_id":69,"taxonomy":"post_tag","description":"","parent":0,"count":3598,"filter":"raw","image":""},{"term_id":9491,"name":"SG BBM","slug":"sg-bbm","term_group":0,"term_taxonomy_id":9521,"taxonomy":"post_tag","description":"","parent":0,"count":250,"filter":"raw","image":""}]},"_links":{"self":[{"href":"https:\/\/die-webzeitung.de\/stuttgart\/wp-json\/wp\/v2\/posts\/158955","targetHints":{"allow":["GET"]}}],"collection":[{"href":"https:\/\/die-webzeitung.de\/stuttgart\/wp-json\/wp\/v2\/posts"}],"about":[{"href":"https:\/\/die-webzeitung.de\/stuttgart\/wp-json\/wp\/v2\/types\/post"}],"author":[{"embeddable":true,"href":"https:\/\/die-webzeitung.de\/stuttgart\/wp-json\/wp\/v2\/users\/4"}],"replies":[{"embeddable":true,"href":"https:\/\/die-webzeitung.de\/stuttgart\/wp-json\/wp\/v2\/comments?post=158955"}],"version-history":[{"count":0,"href":"https:\/\/die-webzeitung.de\/stuttgart\/wp-json\/wp\/v2\/posts\/158955\/revisions"}],"wp:attachment":[{"href":"https:\/\/die-webzeitung.de\/stuttgart\/wp-json\/wp\/v2\/media?parent=158955"}],"wp:term":[{"taxonomy":"category","embeddable":true,"href":"https:\/\/die-webzeitung.de\/stuttgart\/wp-json\/wp\/v2\/categories?post=158955"},{"taxonomy":"post_tag","embeddable":true,"href":"https:\/\/die-webzeitung.de\/stuttgart\/wp-json\/wp\/v2\/tags?post=158955"}],"curies":[{"name":"wp","href":"https:\/\/api.w.org\/{rel}","templated":true}]}}