{"id":158926,"date":"2025-12-08T10:07:39","date_gmt":"2025-12-08T09:07:39","guid":{"rendered":"https:\/\/die-webzeitung.de\/stuttgart\/2025\/12\/08\/mercedes-amg-gewinnt-stefan-weckbach-als-neuen-vorsitzenden-der-geschaeftsfuehrung\/"},"modified":"2025-12-08T10:07:39","modified_gmt":"2025-12-08T09:07:39","slug":"mercedes-amg-gewinnt-stefan-weckbach-als-neuen-vorsitzenden-der-geschaeftsfuehrung","status":"publish","type":"post","link":"https:\/\/die-webzeitung.de\/stuttgart\/2025\/12\/08\/mercedes-amg-gewinnt-stefan-weckbach-als-neuen-vorsitzenden-der-geschaeftsfuehrung\/","title":{"rendered":"Mercedes-AMG gewinnt Stefan Weckbach als neuen Vorsitzenden der Gesch\u00e4ftsf\u00fchrung"},"content":{"rendered":"<h4><strong>Erfahrener Stratege und Performance-Experte Stefan Weckbach startet zum 1. Juli 2026<\/strong><\/h4>\n<p style=\"text-align: justify;\">Stuttgart.| Die Mercedes-AMG GmbH stellt die Weichen f\u00fcr ihre zuk\u00fcnftige F\u00fchrung: Stefan Weckbach \u00fcbernimmt zum 1. Juli 2026 den Vorsitz der Gesch\u00e4ftsf\u00fchrung der Mercedes-AMG GmbH und wird zudem Leiter der Top End Vehicle (TEV) Group. Die Besetzung st\u00e4rkt die Ausrichtung von Mercedes-AMG im erfolgskritischen Top-End-Segment weiter.<\/p>\n<p style=\"text-align: justify;\">\u201eMit Stefan Weckbach gewinnen wir eine herausragende F\u00fchrungspers\u00f6nlichkeit f\u00fcr Mercedes-AMG. Er verbindet tiefes Produktwissen mit gro\u00dfer strategischer St\u00e4rke und bringt eine au\u00dfergew\u00f6hnlich breite Erfahrung in der Entwicklung und Ausrichtung von Performance- und Luxus-Segmenten mit. Er hat mehrfach bewiesen, dass er komplexe Fahrzeugprogramme ebenso souver\u00e4n vorantreibt wie \u00fcbergeordnete Konzern- und Produktprojekte. Diese Kombination macht ihn zur idealen Besetzung f\u00fcr die Weiterentwicklung von Mercedes-AMG, Mercedes-Maybach und des Produktbereichs G-Klasse.\u201c<\/p>\n<p style=\"text-align: justify;\"><strong>J\u00f6rg Burzer, Mitglied des Vorstands der Mercedes-Benz Group AG, verantwortlich f\u00fcr Entwicklung &amp; Einkauf und Chief Technology Officer \u00a0<\/strong><\/p>\n<p style=\"text-align: justify;\">Nach leitenden Funktionen in Produktstrategie, verschiedenen Baureihen und eines Concept Car-Projektes bei der Porsche AG ist Weckbach seit 2023 Leiter Konzernstrategie, Konzern Produktstrategie und Generalsekretariat der Volkswagen AG. Bis zum Amtsantritt von Weckbach wird sein Vorg\u00e4nger Michael Schiebe \u2013 seit dem 1. Dezember 2025 im Vorstand der Mercedes-Benz Group AG f\u00fcr Produktion, Qualit\u00e4t &amp; Supply Chain Management verantwortlich \u2013 die Gesch\u00e4fte von Mercedes-AMG interimistisch weiterf\u00fchren.<\/p>\n<hr \/>\n<p style=\"text-align: justify;\">\n","protected":false},"excerpt":{"rendered":"<p>Erfahrener Stratege und Performance-Experte Stefan Weckbach startet zum 1. Juli 2026 Stuttgart.| Die Mercedes-AMG GmbH stellt die Weichen f\u00fcr ihre zuk\u00fcnftige F\u00fchrung: Stefan Weckbach \u00fcbernimmt zum 1. Juli 2026 den Vorsitz der Gesch\u00e4ftsf\u00fchrung der Mercedes-AMG GmbH und wird zudem Leiter der Top End Vehicle (TEV) Group. Die Besetzung st\u00e4rkt die Ausrichtung von Mercedes-AMG im erfolgskritischen [&hellip;]<\/p>\n","protected":false},"author":4,"featured_media":0,"comment_status":"closed","ping_status":"open","sticky":false,"template":"","format":"standard","meta":{"inline_featured_image":false,"_exactmetrics_skip_tracking":false,"_exactmetrics_sitenote_active":false,"_exactmetrics_sitenote_note":"","_exactmetrics_sitenote_category":0,"footnotes":""},"categories":[479],"tags":[433,14857,68,18214],"class_list":{"0":"post-158926","1":"post","2":"type-post","3":"status-publish","4":"format-standard","6":"category-wirtschaft","7":"tag-amg","8":"tag-die-webzeitung","9":"tag-online-zeitung","10":"tag-weckbach"},"image_feature":null,"author_name":"Redaktion","pure_taxonomies":{"categories":[{"term_id":479,"name":"Wirtschaft","slug":"wirtschaft","term_group":0,"term_taxonomy_id":1941,"taxonomy":"category","description":"","parent":0,"count":281,"filter":"raw","image":""}],"tags":[{"term_id":433,"name":"AMG","slug":"amg","term_group":0,"term_taxonomy_id":440,"taxonomy":"post_tag","description":"","parent":0,"count":2,"filter":"raw","image":""},{"term_id":14857,"name":"Die-Webzeitung","slug":"die-webzeitung","term_group":0,"term_taxonomy_id":14876,"taxonomy":"post_tag","description":"","parent":0,"count":3623,"filter":"raw","image":""},{"term_id":68,"name":"Online-Zeitung","slug":"online-zeitung","term_group":0,"term_taxonomy_id":69,"taxonomy":"post_tag","description":"","parent":0,"count":3593,"filter":"raw","image":""},{"term_id":18214,"name":"Weckbach","slug":"weckbach","term_group":0,"term_taxonomy_id":18233,"taxonomy":"post_tag","description":"","parent":0,"count":1,"filter":"raw","image":""}]},"_links":{"self":[{"href":"https:\/\/die-webzeitung.de\/stuttgart\/wp-json\/wp\/v2\/posts\/158926","targetHints":{"allow":["GET"]}}],"collection":[{"href":"https:\/\/die-webzeitung.de\/stuttgart\/wp-json\/wp\/v2\/posts"}],"about":[{"href":"https:\/\/die-webzeitung.de\/stuttgart\/wp-json\/wp\/v2\/types\/post"}],"author":[{"embeddable":true,"href":"https:\/\/die-webzeitung.de\/stuttgart\/wp-json\/wp\/v2\/users\/4"}],"replies":[{"embeddable":true,"href":"https:\/\/die-webzeitung.de\/stuttgart\/wp-json\/wp\/v2\/comments?post=158926"}],"version-history":[{"count":0,"href":"https:\/\/die-webzeitung.de\/stuttgart\/wp-json\/wp\/v2\/posts\/158926\/revisions"}],"wp:attachment":[{"href":"https:\/\/die-webzeitung.de\/stuttgart\/wp-json\/wp\/v2\/media?parent=158926"}],"wp:term":[{"taxonomy":"category","embeddable":true,"href":"https:\/\/die-webzeitung.de\/stuttgart\/wp-json\/wp\/v2\/categories?post=158926"},{"taxonomy":"post_tag","embeddable":true,"href":"https:\/\/die-webzeitung.de\/stuttgart\/wp-json\/wp\/v2\/tags?post=158926"}],"curies":[{"name":"wp","href":"https:\/\/api.w.org\/{rel}","templated":true}]}}