{"id":158919,"date":"2025-12-07T11:39:25","date_gmt":"2025-12-07T10:39:25","guid":{"rendered":"https:\/\/die-webzeitung.de\/stuttgart\/?p=158919"},"modified":"2025-12-07T11:39:25","modified_gmt":"2025-12-07T10:39:25","slug":"stuttgart-wuerdigt-buergerschaftliches-engagement-mit-landesweiter-ehrenamtskarte","status":"publish","type":"post","link":"https:\/\/die-webzeitung.de\/stuttgart\/2025\/12\/07\/stuttgart-wuerdigt-buergerschaftliches-engagement-mit-landesweiter-ehrenamtskarte\/","title":{"rendered":"Stuttgart w\u00fcrdigt b\u00fcrgerschaftliches Engagement mit landesweiter Ehrenamtskarte"},"content":{"rendered":"<h4 style=\"text-align: justify;\"><strong>Ministerium und Stadt besiegeln Partnerschaft<\/strong><\/h4>\n<p style=\"text-align: justify;\">Stuttgart.| Zum Internationalen Tag des Ehrenamts am 5. Dezember, an dem weltweit das freiwillige Engagement von Millionen Menschen gew\u00fcrdigt wird, setzen die Landeshauptstadt Stuttgart und das Land Baden\u2010W\u00fcrttemberg ein starkes Zeichen der Anerkennung und beschlie\u00dfen die Kooperation zu einer Ehrenamtskarte.<\/p>\n<p style=\"text-align: justify;\">Der Erste B\u00fcrgermeister Dr. Fabian Mayer und Ministerialdirigentin Dr. Simone H\u00f6ckele\u2010H\u00e4fner haben am 5. Dezember im Stuttgarter Rathaus die offizielle Zusammenarbeit zur Einf\u00fchrung der Ehrenamtskarte zwischen der Landeshauptstadt Stuttgart und dem Ministerium f\u00fcr Soziales, Integration und Gesundheit Baden\u2010W\u00fcrttemberg besiegelt. Bei der offiziellen Unterzeichnung betonten beide die Bedeutung einer starken kommunalen Engagement\u2010Landschaft als Fundament des gesellschaftlichen Miteinanders.<\/p>\n<p style=\"text-align: justify;\">Der Gemeinderat der Landeshauptstadt Stuttgart hat in seiner Sitzung am 31. Juli einstimmig die Einf\u00fchrung der landesweiten Ehrenamtskarte beschlossen. Mit diesem klaren Votum unterstreicht die Stadt die zentrale Bedeutung des b\u00fcrgerschaftlichen Engagements f\u00fcr das gesellschaftliche Zusammenleben. Das breite freiwillige Engagement der Stuttgarterinnen und Stuttgarter soll durch die Ehrenamtskarte sichtbarer und st\u00e4rker gew\u00fcrdigt werden.<\/p>\n<p style=\"text-align: justify;\">Erster B\u00fcrgermeister Dr. Fabian Mayer betont: \u201eMit der Teilnahme an der Ehrenamtskarte schaffen wir eine starke Partnerschaft zwischen der Landeshauptstadt Stuttgart und dem Land Baden\u2010W\u00fcrttemberg, die das ehrenamtliche Engagement unserer B\u00fcrgerinnen und B\u00fcrger noch st\u00e4rker in den Mittelpunkt stellt. Ich bin \u00fcberzeugt, dass wir gerade in schwierigen Zeiten die Bedingungen f\u00fcr freiwilliges Engagement weiter verbessern m\u00fcssen und dadurch einen Beitrag zu einer lebendigen und widerstandsf\u00e4higen Ehrenamtsgesellschaft leisten.\u201c<\/p>\n<p style=\"text-align: justify;\">Die Ehrenamtskarte wird nach einem erfolgreichen Modellversuch sukzessive in ganz Baden\u2010W\u00fcrttemberg eingef\u00fchrt. Ein besonderer Vorteil: Die Karte ist \u00fcber die eigenen Stadtgrenzen hinaus landesweit g\u00fcltig. Je mehr Kommunen und Landkreise sich beteiligen, desto attraktiver werden die Verg\u00fcnstigungen f\u00fcr Ehrenamtliche \u2013 denn sie k\u00f6nnen die Vorteile in allen teilnehmenden St\u00e4dten und Gemeinden nutzen.<\/p>\n<p style=\"text-align: justify;\">\u201eEs freut mich sehr, dass unsere Landeshauptstadt die Ehrenamtskarte des Landes einf\u00fchrt und damit einmal mehr zum Ausdruck bringt, wie wichtig ihr die Anerkennung umfangreichen b\u00fcrgerschaftlichen Engagements und des Ehrenamtes ist\u201c, unterstreicht Ministerialdirigentin Dr. Simone H\u00f6ckele\u2010H\u00e4fner. \u201eB\u00fcrgerschaftliches Engagement bedeutet zugleich eine St\u00e4rkung unserer Demokratie. Die Ehrenamtskarte Baden\u2010W\u00fcrttemberg wird gewiss von attraktiven Akzeptanzstellen in Stuttgart profitieren.\u201c<\/p>\n<p style=\"text-align: justify;\"><strong>Akzeptanzstellen f\u00fcr die Ehrenamtskarte gesucht<\/strong><\/p>\n<p style=\"text-align: justify;\">Die Landeshauptstadt Stuttgart will nun Kultur\u2010, Sport\u2010 und Bildungseinrichtungen als Akzeptanzstellen f\u00fcr die Ehrenamtskarte gewinnen. Gegen Vorlage der Ehrenamtskarte sollen die zuk\u00fcnftigen Karteninhaberinnen und \u2010inhaber attraktive Verg\u00fcnstigungen und exklusive Aktionen erhalten \u2013 von erm\u00e4\u00dfigten Eintritten \u00fcber Sonderkonditionen bis hin zu besonderen Events. Die Gewinnung von Landeseinrichtungen ist Aufgabe des Sozialministeriums. Auf der Stuttgarter Gemarkung sind bereits dabei: das Linden\u2010Museum Stuttgart, die Grabkapelle Baden\u2010W\u00fcrttemberg, die Staatsgalerie sowie das Staatstheater Stuttgart.<\/p>\n<p style=\"text-align: justify;\">Weitere Einrichtungen sind herzlich eingeladen, sich als Akzeptanzstellen anzuschlie\u00dfen und so ihre Wertsch\u00e4tzung f\u00fcr ehrenamtliches Engagement zum Ausdruck zu bringen.<\/p>\n<p style=\"text-align: justify;\"><strong>Karte f\u00fcr aktive Ehrenamtliche<\/strong><\/p>\n<p style=\"text-align: justify;\">Die Voraussetzungen f\u00fcr den Erhalt der Ehrenamtskarte hat das Land Baden\u2010W\u00fcrttemberg definiert. Anspruchsberechtigt sind Ehrenamtliche, die sich in den vergangenen zw\u00f6lf Monaten mindestens 200 Stunden unentgeltlich in einer gemeinn\u00fctzigen Organisation eingebracht haben. Auch wer sich in dieser Zeit mit mindestens 100 Stunden freiwillig in einem gemeinn\u00fctzigen Projekt engagiert hat, kann die Karte beantragen. Inhaberinnen und Inhaber der \u201eJuleica\u201c\u2010Card, Freiwilligendienstleistende sowie Mitglieder der Freiwilligen Feuerwehr, des Technischen Hilfswerks und des Katastrophenschutzes haben einen garantierten Anspruch ohne Stundennachweis. Die Ehrenamtskarte wird ausschlie\u00dflich in der Kommune beantragt, in der das Engagement ausge\u00fcbt wird \u2013 unabh\u00e4ngig vom Wohnort der Antragstellenden.<\/p>\n<p style=\"text-align: justify;\">Die Beantragung und Ausgabe der Ehrenamtskarte in Stuttgart ist ab Mitte Januar 2026 m\u00f6glich. Detaillierte Informationen zum Antragsprozess und den teilnehmenden Akzeptanzstellen werden rechtzeitig auf der st\u00e4dtischen Website ver\u00f6ffentlicht.<\/p>\n<hr \/>\n<p style=\"text-align: justify;\">\n","protected":false},"excerpt":{"rendered":"<p>Ministerium und Stadt besiegeln Partnerschaft Stuttgart.| Zum Internationalen Tag des Ehrenamts am 5. Dezember, an dem weltweit das freiwillige Engagement von Millionen Menschen gew\u00fcrdigt wird, setzen die Landeshauptstadt Stuttgart und das Land Baden\u2010W\u00fcrttemberg ein starkes Zeichen der Anerkennung und beschlie\u00dfen die Kooperation zu einer Ehrenamtskarte. Der Erste B\u00fcrgermeister Dr. Fabian Mayer und Ministerialdirigentin Dr. Simone [&hellip;]<\/p>\n","protected":false},"author":4,"featured_media":158920,"comment_status":"closed","ping_status":"open","sticky":false,"template":"","format":"standard","meta":{"inline_featured_image":false,"_exactmetrics_skip_tracking":false,"_exactmetrics_sitenote_active":false,"_exactmetrics_sitenote_note":"","_exactmetrics_sitenote_category":0,"footnotes":""},"categories":[2239],"tags":[14857,186,10682,68,275],"class_list":{"0":"post-158919","1":"post","2":"type-post","3":"status-publish","4":"format-standard","5":"has-post-thumbnail","7":"category-stuttgart-lokal","8":"tag-die-webzeitung","9":"tag-ehrenamt","10":"tag-karte","11":"tag-online-zeitung","12":"tag-stuttgart"},"image_feature":"https:\/\/die-webzeitung.de\/stuttgart\/wp-content\/uploads\/sites\/4\/2025\/12\/volunteering-3287867_1280-scaled.jpg","author_name":"Redaktion","pure_taxonomies":{"categories":[{"term_id":2239,"name":"Stuttgart","slug":"stuttgart-lokal","term_group":0,"term_taxonomy_id":2252,"taxonomy":"category","description":"Berichte und Informationen aus Stuttgart","parent":1433,"count":941,"filter":"raw","image":""}],"tags":[{"term_id":14857,"name":"Die-Webzeitung","slug":"die-webzeitung","term_group":0,"term_taxonomy_id":14876,"taxonomy":"post_tag","description":"","parent":0,"count":3623,"filter":"raw","image":""},{"term_id":186,"name":"Ehrenamt","slug":"ehrenamt","term_group":0,"term_taxonomy_id":188,"taxonomy":"post_tag","description":"","parent":0,"count":1,"filter":"raw","image":""},{"term_id":10682,"name":"Karte","slug":"karte","term_group":0,"term_taxonomy_id":10718,"taxonomy":"post_tag","description":"","parent":0,"count":1,"filter":"raw","image":""},{"term_id":68,"name":"Online-Zeitung","slug":"online-zeitung","term_group":0,"term_taxonomy_id":69,"taxonomy":"post_tag","description":"","parent":0,"count":3593,"filter":"raw","image":""},{"term_id":275,"name":"Stuttgart","slug":"stuttgart","term_group":0,"term_taxonomy_id":281,"taxonomy":"post_tag","description":"","parent":0,"count":1194,"filter":"raw","image":""}]},"_links":{"self":[{"href":"https:\/\/die-webzeitung.de\/stuttgart\/wp-json\/wp\/v2\/posts\/158919","targetHints":{"allow":["GET"]}}],"collection":[{"href":"https:\/\/die-webzeitung.de\/stuttgart\/wp-json\/wp\/v2\/posts"}],"about":[{"href":"https:\/\/die-webzeitung.de\/stuttgart\/wp-json\/wp\/v2\/types\/post"}],"author":[{"embeddable":true,"href":"https:\/\/die-webzeitung.de\/stuttgart\/wp-json\/wp\/v2\/users\/4"}],"replies":[{"embeddable":true,"href":"https:\/\/die-webzeitung.de\/stuttgart\/wp-json\/wp\/v2\/comments?post=158919"}],"version-history":[{"count":1,"href":"https:\/\/die-webzeitung.de\/stuttgart\/wp-json\/wp\/v2\/posts\/158919\/revisions"}],"predecessor-version":[{"id":158921,"href":"https:\/\/die-webzeitung.de\/stuttgart\/wp-json\/wp\/v2\/posts\/158919\/revisions\/158921"}],"wp:featuredmedia":[{"embeddable":true,"href":"https:\/\/die-webzeitung.de\/stuttgart\/wp-json\/wp\/v2\/media\/158920"}],"wp:attachment":[{"href":"https:\/\/die-webzeitung.de\/stuttgart\/wp-json\/wp\/v2\/media?parent=158919"}],"wp:term":[{"taxonomy":"category","embeddable":true,"href":"https:\/\/die-webzeitung.de\/stuttgart\/wp-json\/wp\/v2\/categories?post=158919"},{"taxonomy":"post_tag","embeddable":true,"href":"https:\/\/die-webzeitung.de\/stuttgart\/wp-json\/wp\/v2\/tags?post=158919"}],"curies":[{"name":"wp","href":"https:\/\/api.w.org\/{rel}","templated":true}]}}