{"id":158917,"date":"2025-12-08T11:04:24","date_gmt":"2025-12-08T10:04:24","guid":{"rendered":"https:\/\/die-webzeitung.de\/stuttgart\/?p=158917"},"modified":"2025-12-13T13:52:13","modified_gmt":"2025-12-13T12:52:13","slug":"polizei-report-stuttgart-woche-50-4","status":"publish","type":"post","link":"https:\/\/die-webzeitung.de\/stuttgart\/2025\/12\/08\/polizei-report-stuttgart-woche-50-4\/","title":{"rendered":"Polizei-Report Stuttgart | Woche 50"},"content":{"rendered":"<p><em>Quelle: ots<\/em><\/p>\n<p style=\"text-align: justify;\"><strong>Stuttgart-Bad Cannstatt: Auto und Krankentransportwagen sto\u00dfen zusammen<\/strong><br \/>\nEin Leichtverletzter sowie ein Sachschaden von zirka 40.000 Euro sind die Bilanz eines Unfalls am Freitagabend (12.12.2025) auf der K\u00f6nig-Karls-Br\u00fccke. Ein Krankentransportwagen, der ohne Patienten unterwegs war, befand sich gegen 23.15 Uhr auf einer Fahrt ohne Sondersignal von Bad Cannstatt kommend in Richtung Innenstadt. Auf H\u00f6he der Neckartalstra\u00dfe wechselte ein 32-j\u00e4hriger Fahrer eines Toyotas den Fahrstreifen und \u00fcbersah hierbei offenbar den Krankentransportwagen. Bei der Kollision erlitt der 19-j\u00e4hrige Fahrer des Rettungswagens leichte Verletzungen und wurde durch Rettungskr\u00e4fte vorsorglich in ein Krankenhaus gebracht. Beide Fahrzeuge waren nicht mehr fahrbereit und mussten abgeschleppt werden.<\/p>\n<p style=\"text-align: justify;\"><strong>Stuttgart-Ost: Mit Stadtbahn zusammengesto\u00dfen &#8211; Zeugen gesucht<\/strong><br \/>\nBei einem Unfall am Freitagmittag (12.12.2025) in der Landhausstra\u00dfe ist ersten Sch\u00e4tzungen zufolge ein Schaden von rund 100.000 Euro entstanden. Ein 18 Jahre alter Mann war mit seinem VW gegen 13.30 Uhr in der Hornbergstra\u00dfe Richtung Schurwaldstra\u00dfe unterwegs. An der Kreuzung zur Landhausstra\u00dfe missachtete er ersten Erkenntnissen zufolge die Vorfahrt der Stadtbahn der Linie U4, die in Richtung Stuttgart-Wangen unterwegs war. Zeugen werden gebeten, sich unter der Rufnummer +4971189904100 bei der Verkehrspolizei zu melden.<\/p>\n<p style=\"text-align: justify;\"><strong>Stuttgart-Nord: In Gegenverkehr geraten &#8211; Zwei Leichtverletzte<\/strong><br \/>\nZwei Leichtverletzte und ein Schaden von mehreren Tausend Euro sind die Bilanz eines Verkehrsunfalls, der sich am Donnerstag (11.12.2025) in der Rosensteinstra\u00dfe ereignet hat. Ein 49 Jahre alter Mann fuhr gegen 12.50 Uhr mit seinem Mercedes in der Rosensteinstra\u00dfe und wollte der abknickenden Vorfahrtsstra\u00dfe in die Ehmannstra\u00dfe folgen, als er mutma\u00dflich aufgrund \u00fcberh\u00f6hter Geschwindigkeit nach links in den Gegenverkehr geriet und mit einem Mercedes einer 47-j\u00e4hrigen Fahrerin zusammenstie\u00df. Die 47-j\u00e4hrige Mercedes-Fahrerin sowie die 50-j\u00e4hrige Beifahrerin des 49-j\u00e4hrigen Mercedes-Fahrers zogen sich leichte Verletzungen zu. Rettungskr\u00e4fte k\u00fcmmerten sich um die Verletzten und brachten sie vorsorglich in Krankenh\u00e4user.<\/p>\n<p style=\"text-align: justify;\"><strong>Stuttgart-Mitte: Gegen Hauswand gefahren &#8211; 82-J\u00e4hrige leicht verletzt<\/strong><br \/>\nEine 82 Jahre alte Frau hat sich am Donnerstag (11.12.2025) bei einem Verkehrsunfall am Berliner Platz leichte Verletzungen zugezogen. Ersten Ermittlungen zufolge kam die Seniorin gegen 22.00 Uhr aufgrund einer medizinischen Ursache auf das Gaspedal und fuhr mit ihrem Mercedes auf einen Fiat eines 54-j\u00e4hrigen Fahrers auf, welcher vor ihr an der Ampel wartete. Anschlie\u00dfend fuhr sie mutma\u00dflich gegen drei Betonpoller, eine Litfa\u00dfs\u00e4ule und kam schlie\u00dflich an einer Hauswand zum Stehen. Rettungskr\u00e4fte k\u00fcmmerten sich um die Frau und brachten sie vorsorglich in ein Krankenhaus. Ersten Sch\u00e4tzungen zufolge entstand ein Schaden von rund 100.000 Euro.<\/p>\n<p style=\"text-align: justify;\"><strong>Stuttgart-Weilimdorf\/-Feuerbach: Zweiter Tatverd\u00e4chtiger nach versuchtem T\u00f6tungsdelikt in Haft<\/strong><br \/>\nPolizeibeamte haben am Donnerstag (11.12.2025) einen 18 Jahre alten Mann in Feuerbach festgenommen, der im Verdacht steht, bei dem versuchten T\u00f6tungsdelikt am Sonntagabend (07.12.2025) im Bereich eines Spielplatzes an der Solitudestra\u00dfe beteiligt gewesen zu sein (wir berichteten). Zur Tataufkl\u00e4rung richtete das Polizeipr\u00e4sidium Stuttgart eine Ermittlungsgruppe ein. Polizeibeamte hatten den Tatverd\u00e4chtigen zun\u00e4chst vorl\u00e4ufig festgenommen und anschlie\u00dfend wieder auf freien Fu\u00df gesetzt. Im Rahmen der weiteren Ermittlungen erh\u00e4rtete sich der dringende Tatverdacht gegen den 18-J\u00e4hrigen wegen des Verdachts der Anstiftung zu einem versuchten T\u00f6tungsdelikt. Auf Antrag der Staatsanwaltschaft Stuttgart erlie\u00df das Amtsgericht Stuttgart daraufhin am 11.12.2025 einen Haftbefehl gegen den Tatverd\u00e4chtigen, der anschlie\u00dfend durch Kriminalbeamte festgenommen wurde. Am heutigen Nachmittag wurde der Haftbefehl durch das Amtsgericht Stuttgart im Rahmen der Vorf\u00fchrung in Vollzug gesetzt und der Tatverd\u00e4chtige in eine Justizvollzugsanstalt eingewiesen. Der 18-J\u00e4hrige ist deutscher Staatsangeh\u00f6riger. Ob er, wie in der Pressemitteilung am 08.12.2025 mitgeteilt, auch die t\u00fcrkische Staatsangeh\u00f6rigkeit besitzt, ist noch Gegenstand der Ermittlungen.<\/p>\n<p style=\"text-align: justify;\"><strong>Stuttgart: Erster Einsatztag bei Europa League-Begegnung VfB Stuttgart &#8211; Maccabi Tel Aviv: Polizei Stuttgart zieht positive Zwischenbilanz<\/strong><br \/>\nDas Polizeipr\u00e4sidium Stuttgart zieht nach dem ersten Einsatztag anl\u00e4sslich der Europa League-Begegnung zwischen dem VfB Stuttgart und Maccabi Tel Aviv eine positive Zwischenbilanz. \u00dcber Tausend Polizistinnen und Polizisten waren am Mittwoch (10.12.2025) vor allem im Innenstadtbereich im Einsatz. Zur Unterst\u00fctzung und Aufkl\u00e4rung des Einsatzgeschehens aus der Luft waren neben Polizeihubschraubern auch Polizeidrohnen im Einsatz. Der Fokus der Einsatzma\u00dfnahmen lag dabei auf dem Schutz des Weihnachtsmarktes sowie der Betreuung der Versammlungslagen. An einer propal\u00e4stinensischen Versammlung am Rotheb\u00fchlplatz nahmen rund 100 Personen teil. Am Rande dieser Versammlung nahmen Polizeibeamte einen 30 Jahre alten Mann vorl\u00e4ufig fest, dem vorgeworfen wird, in der K\u00f6nigstra\u00dfe antisemitische Parolen gegr\u00f6lt zu haben. Die Kriminalpolizei hat die Ermittlungen wegen Volksverhetzung aufgenommen. Ein 47-j\u00e4hriger Tatverd\u00e4chtiger soll Teilnehmer der propal\u00e4stinensischen Versammlung beleidigt haben. Nach Durchf\u00fchrung der polizeilichen Ma\u00dfnahmen setzten die Beamten beide M\u00e4nner wieder auf freien Fu\u00df. Polizeif\u00fchrer Carsten H\u00f6fler ist nach Ende des ersten Einsatztages zufrieden: &#8220;Die erste Halbzeit des Einsatzes ist gespielt &#8211; wir haben nichts zugelassen und gehen mit einem st\u00f6rungsfreien Spielstand in die Pause. Das ist auch f\u00fcr den morgigen Einsatztag unser Anspruch.&#8221;<\/p>\n<p style=\"text-align: justify;\"><strong>Stuttgart-Bad Cannstatt: Exhibitionist bel\u00e4stigt Frau &#8211; Zeugen gesucht<\/strong><br \/>\nEin unbekannter Mann hat am Mittwoch (10.12.2025) an der Hallstra\u00dfe vor einer 53 Jahre alten Frau sein Glied entbl\u00f6\u00dft. Die Frau parkte ihr Fahrzeug gegen 20.05 Uhr auf H\u00f6he der Hausnummer 41, als der Unbekannte an die Fahrert\u00fcr herantrat und sie ansprach. Hierbei \u00f6ffnete er seine Hose, entbl\u00f6\u00dfte sein Glied und wedelte damit umher. Anschlie\u00dfend entfernte er sich \u00fcber die Rosenaustra\u00dfe in Richtung Neckar. Der Unbekannte war zirka 40 bis 50 Jahre alt und zirka 170 bis 180 Zentimeter gro\u00df. Er hatte kurze Haare und einen kurzen, schwarzen Bart. Bekleidet war er mit einer schwarzen Jacke und einer blauen Jeans. Zeugen werden gebeten, sich unter der Rufnummer +4971189903100 beim Polizeirevier 1 Theodor-Heuss-Stra\u00dfe zu melden.<\/p>\n<p style=\"text-align: justify;\"><strong>Stuttgart-Mitte: Geb\u00e4ude in Brand geraten &#8211; Zeugen gesucht<\/strong><br \/>\nAus bislang ungekl\u00e4rter Ursache sind in der Nacht zum Mittwoch (10.12.2025) mehrere M\u00fclleimer, Fahrzeuge sowie die Fassade eines Mehrfamilienhauses an der Gerberstra\u00dfe in Brand geraten. Zeugen entdeckten den Brand gegen 02.00 Uhr und w\u00e4hlten den Notruf. Eine Wohnung des Mehrfamilienhauses ist nicht mehr bewohnbar. Der Schaden betr\u00e4gt ersten Sch\u00e4tzungen zufolge mehrere 100.000 Euro. Die Kriminalpolizei hat die Ermittlungen zur Brandursache \u00fcbernommen. Zeugen werden gebeten, sich unter der Rufnummer +4971189905778 bei der Kriminalpolizei zu melden.<\/p>\n<p style=\"text-align: justify;\"><strong>Stuttgart: Gro\u00dfeinsatz anl\u00e4sslich Fu\u00dfballspiels &#8211; Stuttgarter Polizei beginnt ihre Einsatzma\u00dfnahmen<\/strong><br \/>\nDas Polizeipr\u00e4sidium Stuttgart hat am Mittwoch (10.12.2025) seine Einsatzma\u00dfnahmen anl\u00e4sslich der Fu\u00dfballbegegnung VfB Stuttgart &#8211; Maccabi Tel Aviv begonnen. Wie die Stuttgarter Polizei bereits am letzten Freitag mitgeteilt hat, stellt das Spiel aufgrund der geopolitischen Konfliktlage eine besonders herausragende Einsatzlage dar. Nach wie vor liegen zum aktuellen Zeitpunkt jedoch keine Anhaltspunkte vor, die die ohnehin hohe abstrakte Gef\u00e4hrdungslage weiter erh\u00f6hen w\u00fcrden. Um den Schutz der Veranstaltung und aller Menschen zu gew\u00e4hrleisten, werden im Bereich der Innenstadt als auch am Stadion rund um das Spiel Einsatzkr\u00e4fte mit besonderer Bewaffnung und Schutzausr\u00fcstung sichtbar sein. Aufgrund der Einsatzlage kann es im gesamten Stadtgebiet zu Verkehrseinschr\u00e4nkungen kommen, weshalb die Polizei sowohl die Stadionbesucher als auch alle weiteren Verkehrsteilnehmer darum bittet, mehr Zeit auf allen Verkehrswegen im Stadtgebiet einzuplanen. Neben den Ma\u00dfnahmen zur Verhinderung von Anschl\u00e4gen liegt der polizeiliche Fokus heute Abend auch auf einer propal\u00e4stinensischen Versammlung am Roteb\u00fchlplatz, bei der die Polizei die Versammlungsfreiheit sch\u00fctzt und im Zweifel auch konsequent gegen m\u00f6gliche Rechtsverst\u00f6\u00dfe vorgeht. Auf den Social Media-Kan\u00e4len des Polizeipr\u00e4sidiums Stuttgart informiert die Polizei fr\u00fchzeitig \u00fcber besondere Vorkommnisse. Zudem hat die Polizei am Mittwoch und Donnerstag im Bereich der Unteren K\u00f6nigstra\u00dfe einen B\u00fcrgerinformationspunkt (Compass Point) eingerichtet, an dem sie Auskunft \u00fcber die Einsatzlage gibt. Am Donnerstag wird auch im Stadionumfeld, im Bereich des Fritz-Walter-Wegs, eine solche Ansprechstelle eingerichtet.<\/p>\n<p style=\"text-align: justify;\"><strong>Stuttgart-S\u00fcd: Fu\u00dfg\u00e4ngerin bei Unfall schwer verletzt<\/strong><br \/>\nEine 45 Jahre alte Fu\u00dfg\u00e4ngerin hat sich am Dienstag (09.12.2025) schwere Verletzungen zugezogen. Ein 20 Jahre alter Fahrer eines Lieferwagens fuhr gegen 15.35 Uhr in der M\u00f6hringer Stra\u00dfe Richtung B\u00f6blinger Stra\u00dfe. Er bog rechts in die Ulmenstra\u00dfe ab und \u00fcbersah mutma\u00dflich die 45-J\u00e4hrige, die gerade die Ulmenstra\u00dfe \u00fcberquerte. Der Lieferwagen erfasste die Frau, die sich schwere Verletzungen zuzog. Rettungskr\u00e4fte brachten sie zur medizinischen Versorgung in ein Krankenhaus.<\/p>\n<p style=\"text-align: justify;\"><strong>Stuttgart-West: Ehepaar bedroht und ausgeraubt &#8211; Zeugen gesucht<\/strong><br \/>\nDrei unbekannte T\u00e4ter haben am Dienstagabend (09.12.2025) ein \u00e4lteres Ehepaar in ihrem Haus an der Leibnizstra\u00dfe ausgeraubt. Die drei T\u00e4ter gelangten zwischen 19.00 Uhr und 20.50 Uhr in das Haus, bedrohten das Ehepaar mit Waffen und fesselten die beiden und eine weitere anwesende Person. Die Unbekannten stahlen Bargeld und Schmuck im Wert von mehreren Hunderttausend Euro und fl\u00fcchteten unerkannt. Die drei M\u00e4nner waren dunkel gekleidet und mit Sturmhauben maskiert. Einer davon trug orangene Schuhe, ein weiterer T\u00e4ter hatte einen Bauchansatz. Die drei Gesch\u00e4digten erlitten leichte Verletzungen. Die beiden Zeugen werden gebeten, sich unter der Rufnummer +4971189905778 bei der Kriminalpolizei zu melden.<\/p>\n<p style=\"text-align: justify;\"><strong>Stuttgart-M\u00f6hringen: Autofahrer f\u00e4hrt Polizeibeamten an &#8211; Zeugen gesucht<\/strong><br \/>\nEin 56 Jahre alter Fahrer eines Fords Transit soll am Dienstag (09.12.2025) im Bereich des \u00d6sterfeldtunnels einen 27-j\u00e4hrigen Polizeibeamten angefahren haben. Aufgrund eines Pannenfahrzeugs regelten Polizeibeamte gegen 14.10 Uhr den Verkehr, als der 56-J\u00e4hrige mit seinem Ford mutma\u00dflich \u00fcber eine durchgezogene Linie in den Gegenverkehr fuhr und die im Stau stehenden Autos \u00fcberholte. Hierbei soll er am Stauende auf den 27-J\u00e4hrigen zugefahren sein. Trotz Vollbremsung des Ford-Fahrers erfasste er den Beamten, woraufhin dieser auf die Motorhaube flog. Der Beamte blieb unverletzt. Zeugen werden gebeten, sich unter der Rufnummer +4971189903400 beim Polizeirevier 4 Balinger Stra\u00dfe zu melden.<\/p>\n<p style=\"text-align: justify;\"><strong>Stuttgart-M\u00f6hringen: Falsche Polizeibeamte erbeuten Bargeld &#8211; Zeugen gesucht<\/strong><br \/>\nUnbekannte Telefontrickbetr\u00fcger haben am Donnerstagmittag (04.12.2025) eine Seniorin um Bargeld betrogen. Ein angeblicher Polizeibeamte rief die Seniorin gegen Mittag an und machte ihr glaubhaft, dass sie Geld von der Bank holen und dieses der Polizei geben soll. Durch geschickte Gespr\u00e4chsf\u00fchrung gelang es dem Anrufer die Frau davon zu \u00fcberzeugen, zum Winterlinger Weg zu fahren, wo sie dann gegen Nachmittag einem bislang unbekannten Abholer das Bargeld in H\u00f6he von 17.500 Euro \u00fcbergab. Die dreisten Betr\u00fcger versuchten am Montag (08.12.2025) die Seniorin ein weiteres Mal zu betr\u00fcgen. Nachdem die Frau dann bei der echten Polizei nachgefragt hat, flog der Schwindel auf. Den Geldabholer beschrieb die Seniorin als etwa 30 Jahre alt, schlank, gro\u00df mit dunkler Hautfarbe. Zur Tatzeit trug er einen dunklen Anorak. Zeugen werden gebeten, sich unter der Rufnummer +4971189905778 bei der Kriminalpolizei zu melden.<\/p>\n<p style=\"text-align: justify;\"><strong>Stuttgart-Weilimdorf: Tatverd\u00e4chtige nach versuchtem T\u00f6tungsdelikt festgenommen &#8211; Zeugen gesucht<\/strong><br \/>\nPolizeibeamte haben am Sonntagabend (07.12.2025) zwei 16 und 18 Jahre alte M\u00e4nner vorl\u00e4ufig festgenommen, die im Verdacht stehen, einen 16-J\u00e4hrigen in Weilimdorf schwer verletzt zu haben.<br \/>\nDie beiden Tatverd\u00e4chtigen sollen bereits am Samstagabend (06.12.2025) gegen 22.45 Uhr Teil einer Auseinandersetzung im Bereich eines Spielplatzes an der Solitudestra\u00dfe gewesen sein und dabei einen 16 Jahre alten Jugendlichen durch eine Schussabgabe schwer verletzt haben.<br \/>\nUmfangreiche Ermittlungen f\u00fchrten die Beamten auf die Spur der beiden Tatverd\u00e4chtigen, deren Wohnungen in Stuttgart-Feuerbach und Gerlingen sie am Sonntagabend durchsuchten. Spezialkr\u00e4fte des Polizeipr\u00e4sidiums Einsatz nahmen die Tatverd\u00e4chtigen fest. Der 16-J\u00e4hrige mit deutscher Staatsangeh\u00f6rigkeit wurde am Montag auf Antrag der Staatsanwaltschaft Stuttgart einem Haftrichter beim Amtsgericht Stuttgart vorgef\u00fchrt, der einen Haftbefehl erlie\u00df und in Vollzug setzte.<br \/>\nDie Tatbeteiligung des 18-J\u00e4hrigen mit deutscher und t\u00fcrkischer Staatsangeh\u00f6rigkeit, der wieder auf freien Fu\u00df gesetzt wurde, m\u00f6gliche weitere Tatbeteiligungen und die Hintergr\u00fcnde zur Tat sind Gegenstand der Ermittlungen.<br \/>\nZeugen werden gebeten, sich unter der Rufnummer +4971189905778 bei der Kriminalpolizei zu melden.<\/p>\n<p style=\"text-align: justify;\"><strong>Stuttgart-Bad Cannstatt: 44-J\u00e4hrigen geschlagen &#8211; Zeugen gesucht<\/strong><br \/>\nEin Unbekannter hat am Sonntag (07.12.2025) im Bereich der Unterf\u00fchrung K\u00f6nig-Karl-Stra\u00dfe einen 44 Jahre alten Mann geschlagen. Der 44-J\u00e4hrige lief gegen 13.15 Uhr in der Unterf\u00fchrung zwischen Kleemannstra\u00dfe und Bahnhofstra\u00dfe, als ihm der Unbekannte entgegenkam. Aus bislang unbekannten Gr\u00fcnden gerieten die Beiden in zun\u00e4chst in verbale Streitigkeiten in dessen Verlauf der Unbekannte dem 44-J\u00e4hrigen ins Gesicht schlug. Anschlie\u00dfend fl\u00fcchtete der T\u00e4ter in Richtung K\u00f6nig-Karls-Br\u00fccke. Zeugen werden gebeten, sich unter der Rufnummer +4971189903600 an das Polizeirevier 6 Martin-Luther-Stra\u00dfe zu wenden.<\/p>\n<p style=\"text-align: justify;\"><strong>Stuttgart-Birkach: Falsche Polizeibeamte erbeuten Goldschmuck &#8211; Zeugen gesucht<\/strong><br \/>\nUnbekannte Telefontrickbetr\u00fcger haben am Freitagabend (05.12.2025) eine Seniorin um Goldschmuck betrogen. Eine angebliche Polizeibeamtin rief die Seniorin an und teilte mit, dass ihr Name auf einer Liste st\u00fcnde, die bei Einbrechern aufgefunden wurde. Durch geschickte Gespr\u00e4chsf\u00fchrung gelang es der Anruferin, die Frau davon \u00fcberzeugen, ihren Schmuck sowie Bargeld am Freitag (05.12.2025) in eine T\u00fcte zu packen und diese in den Tr\u00fcffelweg zu stellen. Ein unbekannte Person nahm daraufhin zwischen 10.00 Uhr und 17.00 Uhr die T\u00fcte mit den Wertgegenst\u00e4nden weg. Zeugen werden gebeten, sich unter der Rufnummer +4971189905778 bei der Kriminalpolizei zu melden.<\/p>\n<p style=\"text-align: justify;\"><strong>Stuttgart-Mitte: Mutma\u00dflichen Ladendieb vorl\u00e4ufig festgenommen &#8211; Zeugen gesucht<\/strong><br \/>\nPolizeibeamte haben am Freitagmorgen (05.12.2025) einen 15 Jahre alten Jugendlichen vorl\u00e4ufig festgenommen, der im Verdacht steht, mehrere Warenartikel aus einem Discounter in der Klett-Passage gestohlen zu haben. Der Ladendetektiv bemerkte den Diebstahl und sprach den 15-j\u00e4hrigen sowie seinen bislang unbekannten Komplizen gegen 09.30 Uhr an. Hierbei fl\u00fcchtete der eine T\u00e4ter, wohingegen der Ladendetektiv den 15-j\u00e4hrigen bis zum Eintreffen der Polizeibeamten festhielt. Die Polizeibeamten \u00fcbergaben den Jugendlichen nach Beendigung der polizeilichen Ma\u00dfnahmen an seine Eltern. Der fl\u00fcchtende Komplize war zirka 170 Zentimeter gro\u00df, hatte braune Haare und trug eine schwarze Jacke, eine schwarze Hose sowie schwarze Schuhe. Zeugen des Vorfalls werden gebeten sich unter der Rufnummer +4971189905778 bei der Kriminalpolizei zu melden.<\/p>\n<p style=\"text-align: justify;\"><strong>Stuttgart-West: 18-J\u00e4hrige sexuell bedr\u00e4ngt &#8211; Zeugen gesucht<\/strong><br \/>\nEin bislang unbekannter Mann hat am Samstagabend (06.12.2025) eine 18 Jahre alte Frau in der Roteb\u00fchlstra\u00dfe sexuell bel\u00e4stigt. Die junge Frau war gegen 20.40 Uhr im Bereich eines Sportcaf\u00e9s unterwegs, als sich ihr der Mann n\u00e4herte und sie zu sich heranzog. Er fasste ihr an den Po und forderte sie auf, mit ihm mitzukommen. Erst als sich die 18-J\u00e4hrige lautstark wehrte und ihn mehrfach zum Gehen aufforderte, fl\u00fcchtete er. Der Mann war etwa 175 bis 180 Zentimeter gro\u00df, hatte dunkle Augen, gebr\u00e4unte Haut, dicke Augenbrauen und nach hinten gegelte, mittellange, schwarze Haare sowie einen Vollbart. Er trug eine schwarze Jacke und eine schwarze Hose. Zeugen werden gebeten, sich unter der Rufnummer +4971189903300 beim Polizeirevier 3 Gutenbergstra\u00dfe zu melden.<\/p>\n<hr \/>\n<p style=\"text-align: justify;\">\n","protected":false},"excerpt":{"rendered":"<p>Quelle: ots Stuttgart-Bad Cannstatt: Auto und Krankentransportwagen sto\u00dfen zusammen Ein Leichtverletzter sowie ein Sachschaden von zirka 40.000 Euro sind die Bilanz eines Unfalls am Freitagabend (12.12.2025) auf der K\u00f6nig-Karls-Br\u00fccke. Ein Krankentransportwagen, der ohne Patienten unterwegs war, befand sich gegen 23.15 Uhr auf einer Fahrt ohne Sondersignal von Bad Cannstatt kommend in Richtung Innenstadt. Auf H\u00f6he [&hellip;]<\/p>\n","protected":false},"author":4,"featured_media":152245,"comment_status":"closed","ping_status":"open","sticky":false,"template":"","format":"standard","meta":{"inline_featured_image":false,"_exactmetrics_skip_tracking":false,"_exactmetrics_sitenote_active":false,"_exactmetrics_sitenote_note":"","_exactmetrics_sitenote_category":0,"footnotes":""},"categories":[11241],"tags":[14857,68,205,1625,275],"class_list":{"0":"post-158917","1":"post","2":"type-post","3":"status-publish","4":"format-standard","5":"has-post-thumbnail","7":"category-region-stuttgart","8":"tag-die-webzeitung","9":"tag-online-zeitung","10":"tag-polizei","11":"tag-report","12":"tag-stuttgart"},"image_feature":"https:\/\/die-webzeitung.de\/stuttgart\/wp-content\/uploads\/sites\/4\/2024\/02\/Polizei-Pix-scaled.jpg","author_name":"Redaktion","pure_taxonomies":{"categories":[{"term_id":11241,"name":"Polizei-Report Stuttgart","slug":"region-stuttgart","term_group":0,"term_taxonomy_id":11279,"taxonomy":"category","description":"Polizeiberichte aus der Region Stuttgart","parent":1619,"count":68,"filter":"raw","image":""}],"tags":[{"term_id":14857,"name":"Die-Webzeitung","slug":"die-webzeitung","term_group":0,"term_taxonomy_id":14876,"taxonomy":"post_tag","description":"","parent":0,"count":3623,"filter":"raw","image":""},{"term_id":68,"name":"Online-Zeitung","slug":"online-zeitung","term_group":0,"term_taxonomy_id":69,"taxonomy":"post_tag","description":"","parent":0,"count":3593,"filter":"raw","image":""},{"term_id":205,"name":"Polizei","slug":"polizei","term_group":0,"term_taxonomy_id":208,"taxonomy":"post_tag","description":"","parent":0,"count":277,"filter":"raw","image":""},{"term_id":1625,"name":"Report","slug":"report","term_group":0,"term_taxonomy_id":1634,"taxonomy":"post_tag","description":"","parent":0,"count":210,"filter":"raw","image":""},{"term_id":275,"name":"Stuttgart","slug":"stuttgart","term_group":0,"term_taxonomy_id":281,"taxonomy":"post_tag","description":"","parent":0,"count":1194,"filter":"raw","image":""}]},"_links":{"self":[{"href":"https:\/\/die-webzeitung.de\/stuttgart\/wp-json\/wp\/v2\/posts\/158917","targetHints":{"allow":["GET"]}}],"collection":[{"href":"https:\/\/die-webzeitung.de\/stuttgart\/wp-json\/wp\/v2\/posts"}],"about":[{"href":"https:\/\/die-webzeitung.de\/stuttgart\/wp-json\/wp\/v2\/types\/post"}],"author":[{"embeddable":true,"href":"https:\/\/die-webzeitung.de\/stuttgart\/wp-json\/wp\/v2\/users\/4"}],"replies":[{"embeddable":true,"href":"https:\/\/die-webzeitung.de\/stuttgart\/wp-json\/wp\/v2\/comments?post=158917"}],"version-history":[{"count":16,"href":"https:\/\/die-webzeitung.de\/stuttgart\/wp-json\/wp\/v2\/posts\/158917\/revisions"}],"predecessor-version":[{"id":158984,"href":"https:\/\/die-webzeitung.de\/stuttgart\/wp-json\/wp\/v2\/posts\/158917\/revisions\/158984"}],"wp:featuredmedia":[{"embeddable":true,"href":"https:\/\/die-webzeitung.de\/stuttgart\/wp-json\/wp\/v2\/media\/152245"}],"wp:attachment":[{"href":"https:\/\/die-webzeitung.de\/stuttgart\/wp-json\/wp\/v2\/media?parent=158917"}],"wp:term":[{"taxonomy":"category","embeddable":true,"href":"https:\/\/die-webzeitung.de\/stuttgart\/wp-json\/wp\/v2\/categories?post=158917"},{"taxonomy":"post_tag","embeddable":true,"href":"https:\/\/die-webzeitung.de\/stuttgart\/wp-json\/wp\/v2\/tags?post=158917"}],"curies":[{"name":"wp","href":"https:\/\/api.w.org\/{rel}","templated":true}]}}