{"id":158903,"date":"2025-12-06T11:46:39","date_gmt":"2025-12-06T10:46:39","guid":{"rendered":"https:\/\/die-webzeitung.de\/stuttgart\/2025\/12\/06\/fifa-wm-2026-gruppen-ausgelost\/"},"modified":"2025-12-06T11:46:39","modified_gmt":"2025-12-06T10:46:39","slug":"fifa-wm-2026-gruppen-ausgelost","status":"publish","type":"post","link":"https:\/\/die-webzeitung.de\/stuttgart\/2025\/12\/06\/fifa-wm-2026-gruppen-ausgelost\/","title":{"rendered":"FIFA WM 2026: Gruppen ausgelost"},"content":{"rendered":"<h4 style=\"text-align: justify;\"><strong>Deutschland in Gruppe E gegen Curacao, Elfenbeink\u00fcste und Ecuador<\/strong><\/h4>\n<p style=\"text-align: justify;\">Die deutsche\u00a0Nationalmannschaft\u00a0trifft in der Gruppenphase der FIFA Weltmeisterschaft 2026\u00a0in den USA, Kanada und Mexiko auf interessante Gegner. In der Gruppe E geht es f\u00fcr die Mannschaft von Bundestrainer\u00a0Julian Nagelsmann\u00a0gegen Curacao, die Elfenbeink\u00fcste und Ecuador.<\/p>\n<p style=\"text-align: justify;\">Den Anfang macht am 14. Juni die Partie gegen Deb\u00fctant Curacao in Philadelphia oder Houston, gefolgt sechs Tage sp\u00e4ter am 20. Juni vom Duell mit der Elfenbeink\u00fcste in Toronto oder Kansas City. Zum Abschluss geht es am 25. Juni in Philadelphia oder New York\/New Jersey gegen die Ecuadorianer. Die genauen Ansto\u00dfzeiten und Spielorte legt der Fu\u00dfball-Weltverband FIFA am Samstag gesondert fest.<\/p>\n<p style=\"text-align: justify;\">Bei einer Qualifikation f\u00fcr die K.o.-Runde w\u00fcrde in der Runde der letzten 32 als Gruppensieger am 29. Juni in Boston der Dritte aus der Gruppe A, B, C, D oder F warten, als Gruppenzweiter am 30. Juni der Zweite aus Gruppe I in Dallas. Erreichte man als einer der besten acht Gruppendritten die n\u00e4chste Runde, w\u00e4re einer der Sieger der Gruppen A, B, D, G, K oder L der Gegner.<\/p>\n<p style=\"text-align: justify;\"><strong>Die Vorrundengruppen<\/strong><\/p>\n<ul>\n<li style=\"text-align: justify;\">Gruppe A:\u00a0Mexiko, S\u00fcdkorea, S\u00fcdafrika, Europa-Playoffsieger D<\/li>\n<li style=\"text-align: justify;\">Gruppe B:\u00a0Kanada, Schweiz, Katar, Europa-Playoffsieger\u00a0A<\/li>\n<li style=\"text-align: justify;\">Gruppe C:\u00a0Brasilien, Marokko, Schottland, Haiti<\/li>\n<li style=\"text-align: justify;\">Gruppe D:\u00a0USA, Australien, Paraguay,\u00a0Europa-Playoffsieger C<\/li>\n<li style=\"text-align: justify;\">Gruppe E: Deutschland,\u00a0Ecuador, Elfenbeink\u00fcste, Curacao<\/li>\n<li style=\"text-align: justify;\">Gruppe F:\u00a0Niederlande, Japan, Tunesien,\u00a0Europa-Playoffsieger B<\/li>\n<li style=\"text-align: justify;\">Gruppe G:\u00a0Belgien, Iran, \u00c4gypten, Neuseeland<\/li>\n<li style=\"text-align: justify;\">Gruppe H:\u00a0Spanien, Uruguay, Saudi-Arabien, Kap Verde<\/li>\n<li style=\"text-align: justify;\">Gruppe I:\u00a0Frankreich, Senegal, Norwegen, FIFA-Playoffsieger B<\/li>\n<li style=\"text-align: justify;\">Gruppe J:\u00a0Argentinien, \u00d6sterreich, Algerien, Jordanien<\/li>\n<li style=\"text-align: justify;\">Gruppe\u00a0K:\u00a0Portugal, Kolumbien,\u00a0Usbekistan,\u00a0FIFA-Playoffsieger A<\/li>\n<li style=\"text-align: justify;\">Gruppe\u00a0L:\u00a0England, Kroatien, Panama, Ghana<\/li>\n<\/ul>\n<hr \/>\n<p style=\"text-align: justify;\">\n","protected":false},"excerpt":{"rendered":"<p>Deutschland in Gruppe E gegen Curacao, Elfenbeink\u00fcste und Ecuador Die deutsche\u00a0Nationalmannschaft\u00a0trifft in der Gruppenphase der FIFA Weltmeisterschaft 2026\u00a0in den USA, Kanada und Mexiko auf interessante Gegner. In der Gruppe E geht es f\u00fcr die Mannschaft von Bundestrainer\u00a0Julian Nagelsmann\u00a0gegen Curacao, die Elfenbeink\u00fcste und Ecuador. Den Anfang macht am 14. Juni die Partie gegen Deb\u00fctant Curacao in [&hellip;]<\/p>\n","protected":false},"author":4,"featured_media":158904,"comment_status":"closed","ping_status":"open","sticky":false,"template":"","format":"standard","meta":{"inline_featured_image":false,"_exactmetrics_skip_tracking":false,"_exactmetrics_sitenote_active":false,"_exactmetrics_sitenote_note":"","_exactmetrics_sitenote_category":0,"footnotes":""},"categories":[59,110],"tags":[18212,14857,18213,129,68],"class_list":{"0":"post-158903","1":"post","2":"type-post","3":"status-publish","4":"format-standard","5":"has-post-thumbnail","7":"category-aktuell","8":"category-sport","9":"tag-18212","10":"tag-die-webzeitung","11":"tag-fifa-wm","12":"tag-fusball","13":"tag-online-zeitung"},"image_feature":"https:\/\/die-webzeitung.de\/stuttgart\/wp-content\/uploads\/sites\/4\/2025\/12\/dfb-1461476_1280-scaled.png","author_name":"Redaktion","pure_taxonomies":{"categories":[{"term_id":59,"name":"Aktuell","slug":"aktuell","term_group":0,"term_taxonomy_id":60,"taxonomy":"category","description":"","parent":0,"count":1017,"filter":"raw","image":""},{"term_id":110,"name":"Sport","slug":"sport","term_group":0,"term_taxonomy_id":112,"taxonomy":"category","description":"Sportberichte","parent":0,"count":1041,"filter":"raw","image":""}],"tags":[{"term_id":18212,"name":"2026","slug":"2026","term_group":0,"term_taxonomy_id":18231,"taxonomy":"post_tag","description":"","parent":0,"count":1,"filter":"raw","image":""},{"term_id":14857,"name":"Die-Webzeitung","slug":"die-webzeitung","term_group":0,"term_taxonomy_id":14876,"taxonomy":"post_tag","description":"","parent":0,"count":3616,"filter":"raw","image":""},{"term_id":18213,"name":"FIFA-WM","slug":"fifa-wm","term_group":0,"term_taxonomy_id":18232,"taxonomy":"post_tag","description":"","parent":0,"count":1,"filter":"raw","image":""},{"term_id":129,"name":"Fu\u00dfball","slug":"fusball","term_group":0,"term_taxonomy_id":131,"taxonomy":"post_tag","description":"","parent":0,"count":171,"filter":"raw","image":""},{"term_id":68,"name":"Online-Zeitung","slug":"online-zeitung","term_group":0,"term_taxonomy_id":69,"taxonomy":"post_tag","description":"","parent":0,"count":3586,"filter":"raw","image":""}]},"_links":{"self":[{"href":"https:\/\/die-webzeitung.de\/stuttgart\/wp-json\/wp\/v2\/posts\/158903","targetHints":{"allow":["GET"]}}],"collection":[{"href":"https:\/\/die-webzeitung.de\/stuttgart\/wp-json\/wp\/v2\/posts"}],"about":[{"href":"https:\/\/die-webzeitung.de\/stuttgart\/wp-json\/wp\/v2\/types\/post"}],"author":[{"embeddable":true,"href":"https:\/\/die-webzeitung.de\/stuttgart\/wp-json\/wp\/v2\/users\/4"}],"replies":[{"embeddable":true,"href":"https:\/\/die-webzeitung.de\/stuttgart\/wp-json\/wp\/v2\/comments?post=158903"}],"version-history":[{"count":0,"href":"https:\/\/die-webzeitung.de\/stuttgart\/wp-json\/wp\/v2\/posts\/158903\/revisions"}],"wp:featuredmedia":[{"embeddable":true,"href":"https:\/\/die-webzeitung.de\/stuttgart\/wp-json\/wp\/v2\/media\/158904"}],"wp:attachment":[{"href":"https:\/\/die-webzeitung.de\/stuttgart\/wp-json\/wp\/v2\/media?parent=158903"}],"wp:term":[{"taxonomy":"category","embeddable":true,"href":"https:\/\/die-webzeitung.de\/stuttgart\/wp-json\/wp\/v2\/categories?post=158903"},{"taxonomy":"post_tag","embeddable":true,"href":"https:\/\/die-webzeitung.de\/stuttgart\/wp-json\/wp\/v2\/tags?post=158903"}],"curies":[{"name":"wp","href":"https:\/\/api.w.org\/{rel}","templated":true}]}}