{"id":158902,"date":"2025-12-05T14:30:35","date_gmt":"2025-12-05T13:30:35","guid":{"rendered":"https:\/\/die-webzeitung.de\/stuttgart\/2025\/12\/05\/barock-volleys-empfangen-vfb-friedrichshafen\/"},"modified":"2025-12-05T14:30:35","modified_gmt":"2025-12-05T13:30:35","slug":"barock-volleys-empfangen-vfb-friedrichshafen","status":"publish","type":"post","link":"https:\/\/die-webzeitung.de\/stuttgart\/2025\/12\/05\/barock-volleys-empfangen-vfb-friedrichshafen\/","title":{"rendered":"Barock Volleys empfangen VfB Friedrichshafen"},"content":{"rendered":"<h4 style=\"text-align: justify;\"><b>Derby-Premiere in Ludwigsburg<\/b><\/h4>\n<div><\/div>\n<div style=\"text-align: justify;\"><b>Ort:<\/b>\u00a0Rundsporthalle Ludwigsburg<br \/>\n<b>Zeit:<\/b>\u00a0Samstag, 19.30 Uhr (Barock Volleys \u2013 VfB Friedrichshafen)<br \/>\n<b>Weitere Partie:<\/b>\u00a0Sonntag, 17.00 Uhr (Barock Volleys \u2013 VCO Berlin)<\/div>\n<div><\/div>\n<div style=\"text-align: justify;\">Am Samstag kommt es erstmals zum Volleyball-Bundesliga-Derby zwischen Aufsteiger Barock Volleys MTV Ludwigsburg\u00a0und Rekord-Pokalsieger VfB Friedrichshafen. F\u00fcr Ludwigsburg-Kapit\u00e4n Ben-Simon Bonin\u00a0ist die Partie ein besonderes Wiedersehen.<\/div>\n<div><\/div>\n<div style=\"text-align: justify;\">Ludwigsburgs Kapit\u00e4n Bonin sagt: \u201eDas Spiel gegen Friedrichshafen ist f\u00fcr mich pers\u00f6nlich besonders, da ich gegen meinen alten Verein spielen kann. Der VfB ist eine gro\u00dfe Herausforderung, aber auch eine Chance zu zeigen, dass unsere starken Leistungen kein Zufall sind. Mit den heimischen Fans im R\u00fccken gelingt uns vielleicht der ein oder andere Nadelstich.\u201c<\/div>\n<div><\/div>\n<div style=\"text-align: justify;\">Auch der VfB Friedrichshafen stellt sich intensiv ein und reist bereits am Freitag an.<\/div>\n<div><\/div>\n<div style=\"text-align: justify;\">Friedrichshafens Trainer Adam Swaczyna warnt: \u201eLudwigsburg ist ein starkes Kollektiv \u2013 darauf m\u00fcssen wir mental und k\u00f6rperlich vorbereitet sein.\u201c<\/div>\n<div><\/div>\n<div style=\"text-align: justify;\">Schon am Sonntag geht es f\u00fcr die Barock Volleys weiter: Dann wartet das Nachwuchsteam VCO Berlin, das in dieser Saison bereits mit beeindruckenden Comebacks auf sich aufmerksam gemacht hat.<\/div>\n<div><\/div>\n<div style=\"text-align: justify;\">Kapit\u00e4n Bonin betont: \u201eWir m\u00fcssen mit gro\u00dfer Sorgfalt in den Sonntag gehen und konzentriert unser Spiel durchziehen, um wichtige Punkte zu sammeln.\u201c<\/div>\n<div><\/div>\n<div style=\"text-align: justify;\">Tickets f\u00fcr beide Spiele sind \u00fcber das Eventportal erh\u00e4ltlich:<b><a id=\"m_-1993457493815398000OWA0edfe85f-3ce1-7bde-435f-ab4a1d88c821\" href=\"https:\/\/events.vereinsticket.de\/mtv-ludwigsburg\" target=\"_blank\" rel=\"noopener noreferrer\" data-saferedirecturl=\"https:\/\/www.google.com\/url?q=https:\/\/events.vereinsticket.de\/mtv-ludwigsburg&amp;source=gmail&amp;ust=1765015442101000&amp;usg=AOvVaw2cJRTlEM5VXLUHTcCkJdsR\"> Eventportal: Ticketsystem Barock Volleys MTV Ludwigsburg<\/a><\/b><\/p>\n<hr \/>\n<\/div>\n","protected":false},"excerpt":{"rendered":"<p>Derby-Premiere in Ludwigsburg Ort:\u00a0Rundsporthalle Ludwigsburg Zeit:\u00a0Samstag, 19.30 Uhr (Barock Volleys \u2013 VfB Friedrichshafen) Weitere Partie:\u00a0Sonntag, 17.00 Uhr (Barock Volleys \u2013 VCO Berlin) Am Samstag kommt es erstmals zum Volleyball-Bundesliga-Derby zwischen Aufsteiger Barock Volleys MTV Ludwigsburg\u00a0und Rekord-Pokalsieger VfB Friedrichshafen. F\u00fcr Ludwigsburg-Kapit\u00e4n Ben-Simon Bonin\u00a0ist die Partie ein besonderes Wiedersehen. Ludwigsburgs Kapit\u00e4n Bonin sagt: \u201eDas Spiel gegen Friedrichshafen [&hellip;]<\/p>\n","protected":false},"author":4,"featured_media":0,"comment_status":"closed","ping_status":"open","sticky":false,"template":"","format":"standard","meta":{"inline_featured_image":false,"_exactmetrics_skip_tracking":false,"_exactmetrics_sitenote_active":false,"_exactmetrics_sitenote_note":"","_exactmetrics_sitenote_category":0,"footnotes":""},"categories":[110],"tags":[17904,131,14857,68,10629],"class_list":{"0":"post-158902","1":"post","2":"type-post","3":"status-publish","4":"format-standard","6":"category-sport","7":"tag-barock-volleys","8":"tag-bundesliga","9":"tag-die-webzeitung","10":"tag-online-zeitung","11":"tag-volleyball"},"image_feature":null,"author_name":"Redaktion","pure_taxonomies":{"categories":[{"term_id":110,"name":"Sport","slug":"sport","term_group":0,"term_taxonomy_id":112,"taxonomy":"category","description":"Sportberichte","parent":0,"count":1041,"filter":"raw","image":""}],"tags":[{"term_id":17904,"name":"Barock-Volleys","slug":"barock-volleys","term_group":0,"term_taxonomy_id":17923,"taxonomy":"post_tag","description":"","parent":0,"count":39,"filter":"raw","image":""},{"term_id":131,"name":"Bundesliga","slug":"bundesliga","term_group":0,"term_taxonomy_id":133,"taxonomy":"post_tag","description":"","parent":0,"count":697,"filter":"raw","image":""},{"term_id":14857,"name":"Die-Webzeitung","slug":"die-webzeitung","term_group":0,"term_taxonomy_id":14876,"taxonomy":"post_tag","description":"","parent":0,"count":3616,"filter":"raw","image":""},{"term_id":68,"name":"Online-Zeitung","slug":"online-zeitung","term_group":0,"term_taxonomy_id":69,"taxonomy":"post_tag","description":"","parent":0,"count":3586,"filter":"raw","image":""},{"term_id":10629,"name":"Volleyball","slug":"volleyball","term_group":0,"term_taxonomy_id":10665,"taxonomy":"post_tag","description":"","parent":0,"count":90,"filter":"raw","image":""}]},"_links":{"self":[{"href":"https:\/\/die-webzeitung.de\/stuttgart\/wp-json\/wp\/v2\/posts\/158902","targetHints":{"allow":["GET"]}}],"collection":[{"href":"https:\/\/die-webzeitung.de\/stuttgart\/wp-json\/wp\/v2\/posts"}],"about":[{"href":"https:\/\/die-webzeitung.de\/stuttgart\/wp-json\/wp\/v2\/types\/post"}],"author":[{"embeddable":true,"href":"https:\/\/die-webzeitung.de\/stuttgart\/wp-json\/wp\/v2\/users\/4"}],"replies":[{"embeddable":true,"href":"https:\/\/die-webzeitung.de\/stuttgart\/wp-json\/wp\/v2\/comments?post=158902"}],"version-history":[{"count":0,"href":"https:\/\/die-webzeitung.de\/stuttgart\/wp-json\/wp\/v2\/posts\/158902\/revisions"}],"wp:attachment":[{"href":"https:\/\/die-webzeitung.de\/stuttgart\/wp-json\/wp\/v2\/media?parent=158902"}],"wp:term":[{"taxonomy":"category","embeddable":true,"href":"https:\/\/die-webzeitung.de\/stuttgart\/wp-json\/wp\/v2\/categories?post=158902"},{"taxonomy":"post_tag","embeddable":true,"href":"https:\/\/die-webzeitung.de\/stuttgart\/wp-json\/wp\/v2\/tags?post=158902"}],"curies":[{"name":"wp","href":"https:\/\/api.w.org\/{rel}","templated":true}]}}