{"id":158900,"date":"2025-12-05T14:28:06","date_gmt":"2025-12-05T13:28:06","guid":{"rendered":"https:\/\/die-webzeitung.de\/stuttgart\/?p=158900"},"modified":"2025-12-05T14:28:06","modified_gmt":"2025-12-05T13:28:06","slug":"kirchheim-unter-teck-informiert-jetzt-auch-per-whatsapp","status":"publish","type":"post","link":"https:\/\/die-webzeitung.de\/stuttgart\/2025\/12\/05\/kirchheim-unter-teck-informiert-jetzt-auch-per-whatsapp\/","title":{"rendered":"Kirchheim unter Teck informiert jetzt auch per WhatsApp"},"content":{"rendered":"<p style=\"text-align: justify;\">Kirchheim unter Teck.|\u00a0Kompakt, aktuell und ohne Umwege: Der neue WhatsApp-Kanal bringt die wichtigsten Nachrichten aus Kirchheim unter Teck direkt aufs Smartphone.<\/p>\n<p style=\"text-align: justify;\">Mit dem neuen Kanal erg\u00e4nzt die Stadt das bestehende Informationsangebot um einen Weg, den schon viele Menschen t\u00e4glich nutzen. Wer den Kanal abonniert erh\u00e4lt mehrmals w\u00f6chentlich kompakte Informationen zum Stadtgeschehen: von Veranstaltungstipps \u00fcber Stellenangebote bis hin zu aktuellen Baustellen. Auch politische Themen wie Gemeinderatsbeschl\u00fcsse, Wahlen und B\u00fcrgerentscheide werden aufgegriffen. Besonders wichtig: In Krisensituationen wie bei Extremwetterereignissen oder im Katastrophenfall kann \u00fcber diesen Weg direkt informiert werden.<\/p>\n<p style=\"text-align: justify;\">Alle anderen Informationswege bleiben selbstverst\u00e4ndlich erhalten: Webseite, st\u00e4dtische App, Presse und die bestehenden Social-Media-Kan\u00e4le stehen weiterhin zur Verf\u00fcgung.<\/p>\n<p style=\"text-align: justify;\">Der WhatsApp-Kanal kann anonym abonniert werden. Die Stadt sieht lediglich, wie viele Personen dem Kanal folgen und auf Beitr\u00e4ge mit Emojis reagieren. Kontaktdaten wie Name oder Telefonnummer bleiben verborgen. Auch andere Nutzerinnen und Nutzer sehen nicht, wer dem Kanal folgt oder damit interagiert.<\/p>\n<p style=\"text-align: justify;\">Der Kanal dient ausschlie\u00dflich zur Information durch die Stadt. B\u00fcrgerinnen und B\u00fcrger erhalten keine Nachrichten von anderen Nutzerinnen und Nutzern und k\u00f6nnen selbst auch keine Nachrichten schreiben. Beitr\u00e4ge lassen sich aber einfach mit anderen teilen. F\u00fcr Push-Benachrichtigungen kann zus\u00e4tzlich die Glocke (oben rechts im Kanal) aktiviert werden. F\u00fcr pers\u00f6nliche Anfragen steht die Stadtverwaltung weiterhin \u00fcber die gewohnten Kontaktwege zur Verf\u00fcgung.<\/p>\n<p style=\"text-align: justify;\">Der Kanal kann \u00fcber einen Link (<a href=\"https:\/\/whatsapp.com\/channel\/0029VbBGMiK9sBI9NSxqQ62W\" target=\"_blank\" rel=\"noopener\" data-saferedirecturl=\"https:\/\/www.google.com\/url?q=https:\/\/whatsapp.com\/channel\/0029VbBGMiK9sBI9NSxqQ62W&amp;source=gmail&amp;ust=1765015443152000&amp;usg=AOvVaw1IS-41e5i3ieoRW2BIRayO\">https:\/\/whatsapp.com\/channel\/0029VbBGMiK9sBI9NSxqQ62W<\/a>) oder \u00fcber das Scannen des QR-Codes abonniert werden.<\/p>\n<hr \/>\n<p style=\"text-align: justify;\">\n","protected":false},"excerpt":{"rendered":"<p>Kirchheim unter Teck.|\u00a0Kompakt, aktuell und ohne Umwege: Der neue WhatsApp-Kanal bringt die wichtigsten Nachrichten aus Kirchheim unter Teck direkt aufs Smartphone. Mit dem neuen Kanal erg\u00e4nzt die Stadt das bestehende Informationsangebot um einen Weg, den schon viele Menschen t\u00e4glich nutzen. Wer den Kanal abonniert erh\u00e4lt mehrmals w\u00f6chentlich kompakte Informationen zum Stadtgeschehen: von Veranstaltungstipps \u00fcber Stellenangebote [&hellip;]<\/p>\n","protected":false},"author":4,"featured_media":0,"comment_status":"closed","ping_status":"open","sticky":false,"template":"","format":"standard","meta":{"inline_featured_image":false,"_exactmetrics_skip_tracking":false,"_exactmetrics_sitenote_active":false,"_exactmetrics_sitenote_note":"","_exactmetrics_sitenote_category":0,"footnotes":""},"categories":[2247],"tags":[14857,18052,68,17920],"class_list":{"0":"post-158900","1":"post","2":"type-post","3":"status-publish","4":"format-standard","6":"category-kreis-esslingen","7":"tag-die-webzeitung","8":"tag-kirchheim-teck","9":"tag-online-zeitung","10":"tag-whatsapp"},"image_feature":null,"author_name":"Redaktion","pure_taxonomies":{"categories":[{"term_id":2247,"name":"Kreis Esslingen","slug":"kreis-esslingen","term_group":0,"term_taxonomy_id":2260,"taxonomy":"category","description":"Informationen aus dem Landkreis Esslingen","parent":171,"count":214,"filter":"raw","image":""}],"tags":[{"term_id":14857,"name":"Die-Webzeitung","slug":"die-webzeitung","term_group":0,"term_taxonomy_id":14876,"taxonomy":"post_tag","description":"","parent":0,"count":3623,"filter":"raw","image":""},{"term_id":18052,"name":"Kirchheim\/Teck","slug":"kirchheim-teck","term_group":0,"term_taxonomy_id":18071,"taxonomy":"post_tag","description":"","parent":0,"count":23,"filter":"raw","image":""},{"term_id":68,"name":"Online-Zeitung","slug":"online-zeitung","term_group":0,"term_taxonomy_id":69,"taxonomy":"post_tag","description":"","parent":0,"count":3593,"filter":"raw","image":""},{"term_id":17920,"name":"Whatsapp","slug":"whatsapp","term_group":0,"term_taxonomy_id":17939,"taxonomy":"post_tag","description":"","parent":0,"count":2,"filter":"raw","image":""}]},"_links":{"self":[{"href":"https:\/\/die-webzeitung.de\/stuttgart\/wp-json\/wp\/v2\/posts\/158900","targetHints":{"allow":["GET"]}}],"collection":[{"href":"https:\/\/die-webzeitung.de\/stuttgart\/wp-json\/wp\/v2\/posts"}],"about":[{"href":"https:\/\/die-webzeitung.de\/stuttgart\/wp-json\/wp\/v2\/types\/post"}],"author":[{"embeddable":true,"href":"https:\/\/die-webzeitung.de\/stuttgart\/wp-json\/wp\/v2\/users\/4"}],"replies":[{"embeddable":true,"href":"https:\/\/die-webzeitung.de\/stuttgart\/wp-json\/wp\/v2\/comments?post=158900"}],"version-history":[{"count":1,"href":"https:\/\/die-webzeitung.de\/stuttgart\/wp-json\/wp\/v2\/posts\/158900\/revisions"}],"predecessor-version":[{"id":158901,"href":"https:\/\/die-webzeitung.de\/stuttgart\/wp-json\/wp\/v2\/posts\/158900\/revisions\/158901"}],"wp:attachment":[{"href":"https:\/\/die-webzeitung.de\/stuttgart\/wp-json\/wp\/v2\/media?parent=158900"}],"wp:term":[{"taxonomy":"category","embeddable":true,"href":"https:\/\/die-webzeitung.de\/stuttgart\/wp-json\/wp\/v2\/categories?post=158900"},{"taxonomy":"post_tag","embeddable":true,"href":"https:\/\/die-webzeitung.de\/stuttgart\/wp-json\/wp\/v2\/tags?post=158900"}],"curies":[{"name":"wp","href":"https:\/\/api.w.org\/{rel}","templated":true}]}}