{"id":158898,"date":"2025-12-06T20:41:15","date_gmt":"2025-12-06T19:41:15","guid":{"rendered":"https:\/\/die-webzeitung.de\/stuttgart\/?p=158898"},"modified":"2025-12-07T11:17:43","modified_gmt":"2025-12-07T10:17:43","slug":"europa-league-begegnung-vfb-stuttgart-gegen-maccabi-tel-aviv","status":"publish","type":"post","link":"https:\/\/die-webzeitung.de\/stuttgart\/2025\/12\/06\/europa-league-begegnung-vfb-stuttgart-gegen-maccabi-tel-aviv\/","title":{"rendered":"Europa League Begegnung VfB Stuttgart gegen Maccabi Tel Aviv"},"content":{"rendered":"<h4 style=\"text-align: justify;\"><strong>Polizei bereitet sich auf einen Gro\u00dfeinsatz vor<\/strong><\/h4>\n<p style=\"text-align: justify;\">Stuttgart.| Das Polizeipr\u00e4sidium Stuttgart bereitet sich intensiv auf die Europa League-Begegnung VfB Stuttgart gegen Maccabi Tel Aviv vor, die am Donnerstag (11.12.2025) um 18.45 Uhr in der MHP-Arena angepfiffen wird. F\u00fcr die Europa League-Begegnung liegen dem Landeskriminalamt Baden-W\u00fcrttemberg derzeit zwar keine konkreten Gef\u00e4hrdungserkenntnisse aus dem Bereich der Politisch Motivierten Kriminalit\u00e4t vor. Dennoch wird die Stuttgarter Polizei diese Spielpartie mit einem Gro\u00dfeinsatz betreuen. Das Bundesamt f\u00fcr Verfassungsschutz (BfV) hat mehrfach vorgetragen, dass Antisemitismus und Israelfeindlichkeit verbindende Elemente zwischen Islamisten, Links- und Rechtsextremisten sowie Anh\u00e4ngern extremistischer pal\u00e4stinensischer Organisationen sind. Seit l\u00e4ngerem beobachtet das BfV den erkl\u00e4rten Willen von Islamisten, Anschl\u00e4ge im Westen zu ver\u00fcben. Zudem findet das Spiel in der Vorweihnachtszeit statt und die geopolitische Situation rund um den Nahostkonflikt erfordert zus\u00e4tzlich die maximale Aufmerksamkeit der Sicherheitsbeh\u00f6rden.<\/p>\n<p style=\"text-align: justify;\">Um einen sicheren Verlauf des Fu\u00dfballspiels zu gew\u00e4hrleisten, steht die Polizei Stuttgart im intensiven Austausch mit anderen beteiligten Beh\u00f6rden, Sicherheitspartnern und dem VfB Stuttgart. Polizeipr\u00e4sident Markus Eisenbraun und Polizeif\u00fchrer Carsten H\u00f6fler luden hierzu am Freitag (05.12.2025) zu einem Informationsgespr\u00e4ch in das Polizeipr\u00e4sidium ein, an dem neben Vertretern der Israelitischen Religionsgemeinschaft W\u00fcrttemberg (IRGW), des Ministeriums des Inneren, f\u00fcr Digitalisierung und Kommunen Baden-W\u00fcrttemberg und des VfB Stuttgart auch der von der Landesregierung Beauftragte gegen Antisemitismus und f\u00fcr j\u00fcdisches Leben, Dr. Michael Blume, teilnahm.<\/p>\n<p style=\"text-align: justify;\">Um den israelischen Fans einen sicheren Aufenthalt in Stuttgart zu erm\u00f6glichen, passt die Polizei Stuttgart ihre Ma\u00dfnahmen an die aktuellen weltpolitischen Geschehnisse an und plant auf dieser Grundlage einen zweit\u00e4gigen Gro\u00dfeinsatz. Sie bereitet ein breites Spektrum von Einsatzlagen vor, bis hin zu terroristischen Szenarien. Anl\u00e4sslich des Spieltages sowie an den Tagen vor und nach dem Spiel werden mehrere Tausend Polizeibeamte des Polizeipr\u00e4sidiums Stuttgart, mit Unterst\u00fctzung aus anderen Pr\u00e4sidien, insbesondere des Pr\u00e4sidiums Einsatz, im Bereich des Stadions und auch in der Innenstadt pr\u00e4sent sein. Baden-W\u00fcrttemberg wird aufgrund der langen Einsatzdauer zudem durch Polizeikr\u00e4fte anderer Bundesl\u00e4nder unterst\u00fctzt. Auch der Luftraum rund um das Stadion und die Innenstadt bleibt teilweise gesperrt und wird von der Polizei mit Hubschraubern \u00fcberwacht. Drohnen und andere Luftfahrzeuge d\u00fcrfen dort nur mit Genehmigung fliegen.<\/p>\n<p style=\"text-align: justify;\">&#8220;Antisemitismus hat in Stuttgart keinen Raum &#8211; zu keinem Zeitpunkt und an keinem Ort. Der Schutz j\u00fcdischen Lebens hat f\u00fcr uns h\u00f6chste Priorit\u00e4t. Ohne Ausnahme und ohne Relativierung&#8221;, betont Polizeif\u00fchrer Carsten H\u00f6fler beim Informationsgespr\u00e4ch am Freitag. Das mit dem Nahostkonflikt verbundene hohe Emotionalisierungs- und Mobilisierungspotential hat die Polizei Stuttgart dabei fest im Blick: Bereits am Mittwoch, 10.12.2025 sind Versammlungen mit pro-pal\u00e4stinensischem Kontext im Stadtgebiet zu erwarten. &#8220;Friedlicher Protest ist nicht nur erlaubt &#8211; er ist gelebte Demokratie und das sch\u00fctzen wir. Doch jeder Versuch, Hass oder Gewalt hineinzutragen, wird auf Grenzen treffen, die wir gew\u00e4hrleisten&#8221;, k\u00fcndigt der Einsatzleiter Carsten H\u00f6fler am Freitag an.<\/p>\n<p style=\"text-align: justify;\">Im Zusammenhang mit der Gro\u00dfeinsatzlage kann es f\u00fcr Besucherinnen und Besucher der Innenstadt sowie f\u00fcr Anwohnerinnen und Anwohner zu Einschr\u00e4nkungen kommen. In der Landeshauptstadt sind alle Fans willkommen, die sich an die Spielregeln halten &#8211; ob es um Fu\u00dfball oder Politik geht, spielt dabei keine Rolle. &#8220;Wir ber\u00fccksichtigen auch komplexe und gef\u00e4hrliche Szenarien und werden &#8211; analog zu den hohen Standards der UEFA EURO 2024 &#8211; mit allen professionellen F\u00e4higkeiten vertreten sein&#8221;, res\u00fcmiert H\u00f6fler.<\/p>\n<hr \/>\n<p style=\"text-align: justify;\">\n","protected":false},"excerpt":{"rendered":"<p>Polizei bereitet sich auf einen Gro\u00dfeinsatz vor Stuttgart.| Das Polizeipr\u00e4sidium Stuttgart bereitet sich intensiv auf die Europa League-Begegnung VfB Stuttgart gegen Maccabi Tel Aviv vor, die am Donnerstag (11.12.2025) um 18.45 Uhr in der MHP-Arena angepfiffen wird. F\u00fcr die Europa League-Begegnung liegen dem Landeskriminalamt Baden-W\u00fcrttemberg derzeit zwar keine konkreten Gef\u00e4hrdungserkenntnisse aus dem Bereich der Politisch [&hellip;]<\/p>\n","protected":false},"author":4,"featured_media":144524,"comment_status":"closed","ping_status":"open","sticky":false,"template":"","format":"standard","meta":{"inline_featured_image":false,"_exactmetrics_skip_tracking":false,"_exactmetrics_sitenote_active":false,"_exactmetrics_sitenote_note":"","_exactmetrics_sitenote_category":0,"footnotes":""},"categories":[59,2239],"tags":[14857,129,68,275,1983,13569],"class_list":{"0":"post-158898","1":"post","2":"type-post","3":"status-publish","4":"format-standard","5":"has-post-thumbnail","7":"category-aktuell","8":"category-stuttgart-lokal","9":"tag-die-webzeitung","10":"tag-fusball","11":"tag-online-zeitung","12":"tag-stuttgart","13":"tag-vfb","14":"tag-vfb-stuttgart"},"image_feature":"https:\/\/die-webzeitung.de\/stuttgart\/wp-content\/uploads\/sites\/4\/2021\/12\/Polizei.jpg","author_name":"Redaktion","pure_taxonomies":{"categories":[{"term_id":59,"name":"Aktuell","slug":"aktuell","term_group":0,"term_taxonomy_id":60,"taxonomy":"category","description":"","parent":0,"count":1017,"filter":"raw","image":""},{"term_id":2239,"name":"Stuttgart","slug":"stuttgart-lokal","term_group":0,"term_taxonomy_id":2252,"taxonomy":"category","description":"Berichte und Informationen aus Stuttgart","parent":1433,"count":941,"filter":"raw","image":""}],"tags":[{"term_id":14857,"name":"Die-Webzeitung","slug":"die-webzeitung","term_group":0,"term_taxonomy_id":14876,"taxonomy":"post_tag","description":"","parent":0,"count":3623,"filter":"raw","image":""},{"term_id":129,"name":"Fu\u00dfball","slug":"fusball","term_group":0,"term_taxonomy_id":131,"taxonomy":"post_tag","description":"","parent":0,"count":171,"filter":"raw","image":""},{"term_id":68,"name":"Online-Zeitung","slug":"online-zeitung","term_group":0,"term_taxonomy_id":69,"taxonomy":"post_tag","description":"","parent":0,"count":3593,"filter":"raw","image":""},{"term_id":275,"name":"Stuttgart","slug":"stuttgart","term_group":0,"term_taxonomy_id":281,"taxonomy":"post_tag","description":"","parent":0,"count":1194,"filter":"raw","image":""},{"term_id":1983,"name":"VfB","slug":"vfb","term_group":0,"term_taxonomy_id":1994,"taxonomy":"post_tag","description":"","parent":0,"count":13,"filter":"raw","image":""},{"term_id":13569,"name":"VfB Stuttgart","slug":"vfb-stuttgart","term_group":0,"term_taxonomy_id":13611,"taxonomy":"post_tag","description":"","parent":0,"count":1,"filter":"raw","image":""}]},"_links":{"self":[{"href":"https:\/\/die-webzeitung.de\/stuttgart\/wp-json\/wp\/v2\/posts\/158898","targetHints":{"allow":["GET"]}}],"collection":[{"href":"https:\/\/die-webzeitung.de\/stuttgart\/wp-json\/wp\/v2\/posts"}],"about":[{"href":"https:\/\/die-webzeitung.de\/stuttgart\/wp-json\/wp\/v2\/types\/post"}],"author":[{"embeddable":true,"href":"https:\/\/die-webzeitung.de\/stuttgart\/wp-json\/wp\/v2\/users\/4"}],"replies":[{"embeddable":true,"href":"https:\/\/die-webzeitung.de\/stuttgart\/wp-json\/wp\/v2\/comments?post=158898"}],"version-history":[{"count":1,"href":"https:\/\/die-webzeitung.de\/stuttgart\/wp-json\/wp\/v2\/posts\/158898\/revisions"}],"predecessor-version":[{"id":158899,"href":"https:\/\/die-webzeitung.de\/stuttgart\/wp-json\/wp\/v2\/posts\/158898\/revisions\/158899"}],"wp:featuredmedia":[{"embeddable":true,"href":"https:\/\/die-webzeitung.de\/stuttgart\/wp-json\/wp\/v2\/media\/144524"}],"wp:attachment":[{"href":"https:\/\/die-webzeitung.de\/stuttgart\/wp-json\/wp\/v2\/media?parent=158898"}],"wp:term":[{"taxonomy":"category","embeddable":true,"href":"https:\/\/die-webzeitung.de\/stuttgart\/wp-json\/wp\/v2\/categories?post=158898"},{"taxonomy":"post_tag","embeddable":true,"href":"https:\/\/die-webzeitung.de\/stuttgart\/wp-json\/wp\/v2\/tags?post=158898"}],"curies":[{"name":"wp","href":"https:\/\/api.w.org\/{rel}","templated":true}]}}