{"id":158888,"date":"2025-12-04T17:34:18","date_gmt":"2025-12-04T16:34:18","guid":{"rendered":"https:\/\/die-webzeitung.de\/stuttgart\/?p=158888"},"modified":"2025-12-04T17:34:18","modified_gmt":"2025-12-04T16:34:18","slug":"aufstallungspflicht-entlang-des-neckars-im-kreis-esslingen","status":"publish","type":"post","link":"https:\/\/die-webzeitung.de\/stuttgart\/2025\/12\/04\/aufstallungspflicht-entlang-des-neckars-im-kreis-esslingen\/","title":{"rendered":"Aufstallungspflicht entlang des Neckars im Kreis Esslingen"},"content":{"rendered":"<h4 style=\"text-align: justify;\"><strong>Weitere F\u00e4lle von Gefl\u00fcgelpestvirus nachgewiesen<\/strong><\/h4>\n<p style=\"text-align: justify;\">Aufgrund weiterer Nachweise des Gefl\u00fcgelpestvirus bei Wildg\u00e4nsen hat das Landratsamt Esslingen eine Aufstallungspflicht f\u00fcr Gefl\u00fcgel in einer Zone von 500 Metern beiderseits des Neckars erlassen. In diesem Gebiet muss Gefl\u00fcgel f\u00fcr einige Wochen in St\u00e4llen gehalten werden.<\/p>\n<p style=\"text-align: justify;\">Nachdem das hochpathogene avi\u00e4re Influenzavirus H5N1 erstmals Ende November bei einer Graugans im Landkreis Esslingen nachgewiesen wurde, sind inzwischen acht weitere Wildg\u00e4nse entlang des Neckars beprobt und positiv auf das Gefl\u00fcgelpestvirus getestet worden.<\/p>\n<p style=\"text-align: justify;\">Vor diesem Hintergrund muss am hiesigen Neckarabschnitt von einer akuten Infektionsgefahr f\u00fcr Wildv\u00f6gel und Gefl\u00fcgel ausgegangen werden. Das Landratsamt Esslingen wird daher mit Allgemeinverf\u00fcgung vom 4. Dezember 2025 gem\u00e4\u00df aktueller Risikobewertung eine entsprechende Aufstallungspflicht f\u00fcr Gefl\u00fcgel entlang des Neckars erlassen.<\/p>\n<p style=\"text-align: justify;\">Gefl\u00fcgel darf in n\u00e4chsten Wochen nur noch in geschlossenen St\u00e4llen gehalten werden. Eine Haltung im Freilauf ist alternativ nur dann zul\u00e4ssig, wenn das Gefl\u00fcgel sicher vor dem Kontakt mit Wildv\u00f6geln gesch\u00fctzt ist. Die Ma\u00dfnahme ist zun\u00e4chst bis zum 15. Januar 2025 befristet. Von der Ma\u00dfnahme sind etwa 150 vor allem kleine und mittlere Gefl\u00fcgelhaltungen betroffen. Die gr\u00f6\u00dferen Betriebe haben ihr Wirtschaftsgefl\u00fcgel bereits aufgestallt.<\/p>\n<p style=\"text-align: justify;\">Die Allgemeinverf\u00fcgung ist auf der Webseite des Landkreises unter dem Titel \u201eAllgemeine Informationen\u201c und unter \u201eAusschreibungen\/Bekanntmachungen\u201c abrufbar unter <a href=\"http:\/\/www.landkreis-esslingen.de\" target=\"_blank\" rel=\"noopener\">www.landkreis-esslingen.de<\/a>. Dort finden sich weitere Ausf\u00fchrungen zur Gefl\u00fcgelpest.<\/p>\n<hr \/>\n<p style=\"text-align: justify;\">\n","protected":false},"excerpt":{"rendered":"<p>Weitere F\u00e4lle von Gefl\u00fcgelpestvirus nachgewiesen Aufgrund weiterer Nachweise des Gefl\u00fcgelpestvirus bei Wildg\u00e4nsen hat das Landratsamt Esslingen eine Aufstallungspflicht f\u00fcr Gefl\u00fcgel in einer Zone von 500 Metern beiderseits des Neckars erlassen. In diesem Gebiet muss Gefl\u00fcgel f\u00fcr einige Wochen in St\u00e4llen gehalten werden. Nachdem das hochpathogene avi\u00e4re Influenzavirus H5N1 erstmals Ende November bei einer Graugans im [&hellip;]<\/p>\n","protected":false},"author":4,"featured_media":158889,"comment_status":"closed","ping_status":"open","sticky":false,"template":"","format":"standard","meta":{"inline_featured_image":false,"_exactmetrics_skip_tracking":false,"_exactmetrics_sitenote_active":false,"_exactmetrics_sitenote_note":"","_exactmetrics_sitenote_category":0,"footnotes":""},"categories":[59,2247],"tags":[14857,14440,18210,68,18211],"class_list":{"0":"post-158888","1":"post","2":"type-post","3":"status-publish","4":"format-standard","5":"has-post-thumbnail","7":"category-aktuell","8":"category-kreis-esslingen","9":"tag-die-webzeitung","10":"tag-esslingen","11":"tag-gefluegel","12":"tag-online-zeitung","13":"tag-pest"},"image_feature":"https:\/\/die-webzeitung.de\/stuttgart\/wp-content\/uploads\/sites\/4\/2025\/12\/chickens-2522623_1280-scaled.jpg","author_name":"Redaktion","pure_taxonomies":{"categories":[{"term_id":59,"name":"Aktuell","slug":"aktuell","term_group":0,"term_taxonomy_id":60,"taxonomy":"category","description":"","parent":0,"count":1017,"filter":"raw","image":""},{"term_id":2247,"name":"Kreis Esslingen","slug":"kreis-esslingen","term_group":0,"term_taxonomy_id":2260,"taxonomy":"category","description":"Informationen aus dem Landkreis Esslingen","parent":171,"count":214,"filter":"raw","image":""}],"tags":[{"term_id":14857,"name":"Die-Webzeitung","slug":"die-webzeitung","term_group":0,"term_taxonomy_id":14876,"taxonomy":"post_tag","description":"","parent":0,"count":3623,"filter":"raw","image":""},{"term_id":14440,"name":"Esslingen","slug":"esslingen","term_group":0,"term_taxonomy_id":3885,"taxonomy":"post_tag","description":"","parent":0,"count":202,"filter":"raw","image":""},{"term_id":18210,"name":"Gefl\u00fcgel","slug":"gefluegel","term_group":0,"term_taxonomy_id":18229,"taxonomy":"post_tag","description":"","parent":0,"count":1,"filter":"raw","image":""},{"term_id":68,"name":"Online-Zeitung","slug":"online-zeitung","term_group":0,"term_taxonomy_id":69,"taxonomy":"post_tag","description":"","parent":0,"count":3593,"filter":"raw","image":""},{"term_id":18211,"name":"Pest","slug":"pest","term_group":0,"term_taxonomy_id":18230,"taxonomy":"post_tag","description":"","parent":0,"count":1,"filter":"raw","image":""}]},"_links":{"self":[{"href":"https:\/\/die-webzeitung.de\/stuttgart\/wp-json\/wp\/v2\/posts\/158888","targetHints":{"allow":["GET"]}}],"collection":[{"href":"https:\/\/die-webzeitung.de\/stuttgart\/wp-json\/wp\/v2\/posts"}],"about":[{"href":"https:\/\/die-webzeitung.de\/stuttgart\/wp-json\/wp\/v2\/types\/post"}],"author":[{"embeddable":true,"href":"https:\/\/die-webzeitung.de\/stuttgart\/wp-json\/wp\/v2\/users\/4"}],"replies":[{"embeddable":true,"href":"https:\/\/die-webzeitung.de\/stuttgart\/wp-json\/wp\/v2\/comments?post=158888"}],"version-history":[{"count":1,"href":"https:\/\/die-webzeitung.de\/stuttgart\/wp-json\/wp\/v2\/posts\/158888\/revisions"}],"predecessor-version":[{"id":158890,"href":"https:\/\/die-webzeitung.de\/stuttgart\/wp-json\/wp\/v2\/posts\/158888\/revisions\/158890"}],"wp:featuredmedia":[{"embeddable":true,"href":"https:\/\/die-webzeitung.de\/stuttgart\/wp-json\/wp\/v2\/media\/158889"}],"wp:attachment":[{"href":"https:\/\/die-webzeitung.de\/stuttgart\/wp-json\/wp\/v2\/media?parent=158888"}],"wp:term":[{"taxonomy":"category","embeddable":true,"href":"https:\/\/die-webzeitung.de\/stuttgart\/wp-json\/wp\/v2\/categories?post=158888"},{"taxonomy":"post_tag","embeddable":true,"href":"https:\/\/die-webzeitung.de\/stuttgart\/wp-json\/wp\/v2\/tags?post=158888"}],"curies":[{"name":"wp","href":"https:\/\/api.w.org\/{rel}","templated":true}]}}