{"id":158879,"date":"2025-12-04T14:03:36","date_gmt":"2025-12-04T13:03:36","guid":{"rendered":"https:\/\/die-webzeitung.de\/stuttgart\/?p=158879"},"modified":"2025-12-04T14:03:36","modified_gmt":"2025-12-04T13:03:36","slug":"regionalversammlung-beschliesst-flaechenausweisung-fuer-windenergie-und-photovoltaik","status":"publish","type":"post","link":"https:\/\/die-webzeitung.de\/stuttgart\/2025\/12\/04\/regionalversammlung-beschliesst-flaechenausweisung-fuer-windenergie-und-photovoltaik\/","title":{"rendered":"Regionalversammlung beschlie\u00dft Fl\u00e4chenausweisung f\u00fcr Windenergie und Photovoltaik"},"content":{"rendered":"<h4 style=\"text-align: justify;\"><strong>0,7 Prozent der Regionsfl\u00e4che f\u00fcr Freifl\u00e4chen-Photovoltaik und 1,9 f\u00fcr Windkraft ausgewiesen.<\/strong><\/h4>\n<p style=\"text-align: justify;\">Stuttgart.| Die Regionalversammlung des Verbands Region Stuttgart hat in ihrer heutigen \u00f6ffentlichen Sitzung zwei zentrale Ma\u00dfnahmen f\u00fcr den Ausbau erneuerbarer Energien in der Region beschlossen. Mit den Teilfortschreibungen des Regionalplans werden Voraussetzungen geschaffen, um den gesetzlichen Ausbauzielen des Landes und des Bundes gerecht zu werden und den regionalen Beitrag zum Klimaschutz zu leisten.<\/p>\n<p style=\"text-align: justify;\"><strong>1,9 Prozent der Regionsfl\u00e4che f\u00fcr Windkraft gesichert<\/strong><\/p>\n<p style=\"text-align: justify;\">F\u00fcr die Nutzung der Windkraft werden k\u00fcnftig 1,9 Prozent der Regionsfl\u00e4che als \u201eGebiete f\u00fcr Standorte regionalbedeutsamer Windkraftanlagen\u201c ausgewiesen. Damit erf\u00fcllt die Region das nach \u00a7 20 Klimaschutz- und Klimawandelanpassungsgesetz Baden-W\u00fcrttemberg (KlimaG BW) gesetzlich vorgegebene Mindestziel von 1,8 Prozent.<\/p>\n<p style=\"text-align: justify;\">Die Fl\u00e4chenausweisung basiert auf einer umfangreichen Beteiligung von Kommunen, Beh\u00f6rden, Verb\u00e4nden und B\u00fcrgerinnen und B\u00fcrgern in zwei Offenlageverfahren. \u00dcber 10.000 Stellungnahmen wurden gepr\u00fcft und abgewogen. Vorranggebiete wurden nur dort ausgewiesen, wo keine zwingenden Ausschlussgr\u00fcnde bestehen und Belastungen allenfalls im Rahmen der bestehenden Vorgaben von Wohnnutzungen und Natur zu erwarten sind. Mit dem heutigen Satzungsbeschluss wird die Grundlage geschaffen, um den Ausbau der Windenergienutzung in der Region gezielt und geordnet voranzubringen.<\/p>\n<p style=\"text-align: justify;\"><strong>Photovoltaik: 0,7 Prozent der Regionsfl\u00e4che als VorbehaltsGebiete<\/strong><\/p>\n<p style=\"text-align: justify;\">Ebenfalls beschlossen wurde die Teilfortschreibung f\u00fcr Freifl\u00e4chen-Photovoltaikanlagen. Die Regionalversammlung weist 0,7 Prozent der Regionsfl\u00e4che als Gebiete aus, die sich aufgrund ihrer Lage und Vorbelastung besonders f\u00fcr PV-Anlagen eignen. Damit wird das gesetzliche Fl\u00e4chenziel von mindestens 0,2 Prozent \u00fcbertroffen.<\/p>\n<p style=\"text-align: justify;\">Zugleich wird der Regionale Gr\u00fcnzug \u2013 ein wesentliches Instrument f\u00fcr Natur- und Freiraumschutz \u2013 f\u00fcr Photovoltaikanlagen ge\u00f6ffnet, soweit kein Wald, Kernfl\u00e4chen sowie der Kernr\u00e4ume des landesweiten Biotopverbunds oder exponierte Bereiche mit hoher oder sehr hoher Landschaftsbildqualit\u00e4t betroffen sind. Auch hier gingen zwei Beteiligungsrunden der Entscheidung voraus.<\/p>\n<p style=\"text-align: justify;\">Die Fl\u00e4chen wurden in einem mehrstufigen Verfahren erarbeitet. Dabei konnten Kommunen, Beh\u00f6rden, Verb\u00e4nde und B\u00fcrgerinnen und B\u00fcrger ihre Hinweise einbringen. Viele davon wurden ber\u00fccksichtigt \u2013 zum Beispiel zu Natur- und Artenschutz, zu Siedlungsabst\u00e4nden oder zu bestehenden Leitungen und Stra\u00dfen. So wurden Abgrenzungen erg\u00e4nzt und Fl\u00e4chen angepasst oder gestrichen.<\/p>\n<p style=\"text-align: justify;\">Nach dem heutigen Beschluss zeigt der Verband Region Stuttgart die als Satzung beschlossenen Teilfortschreibungen beim zust\u00e4ndigen Ministerium f\u00fcr Landesentwicklung und Wohnen an. Nach Ablauf einer dreimonatigen Frist, gelten die neuen Gebiete sowie die \u00d6ffnung des Regionalen Gr\u00fcnzug f\u00fcr Freifl\u00e4chen-Photovoltaikanlagen rechtsverbindlich als Grundlage f\u00fcr die weitere Planung und Genehmigung von Windkraft- und Photovoltaikanlagen.<\/p>\n<hr \/>\n<p style=\"text-align: justify;\">\n","protected":false},"excerpt":{"rendered":"<p>0,7 Prozent der Regionsfl\u00e4che f\u00fcr Freifl\u00e4chen-Photovoltaik und 1,9 f\u00fcr Windkraft ausgewiesen. Stuttgart.| Die Regionalversammlung des Verbands Region Stuttgart hat in ihrer heutigen \u00f6ffentlichen Sitzung zwei zentrale Ma\u00dfnahmen f\u00fcr den Ausbau erneuerbarer Energien in der Region beschlossen. Mit den Teilfortschreibungen des Regionalplans werden Voraussetzungen geschaffen, um den gesetzlichen Ausbauzielen des Landes und des Bundes gerecht zu [&hellip;]<\/p>\n","protected":false},"author":4,"featured_media":0,"comment_status":"closed","ping_status":"open","sticky":false,"template":"","format":"standard","meta":{"inline_featured_image":false,"_exactmetrics_skip_tracking":false,"_exactmetrics_sitenote_active":false,"_exactmetrics_sitenote_note":"","_exactmetrics_sitenote_category":0,"footnotes":""},"categories":[17716],"tags":[14857,1781,68,275,897],"class_list":{"0":"post-158879","1":"post","2":"type-post","3":"status-publish","4":"format-standard","6":"category-region-stuttgart-landkreis","7":"tag-die-webzeitung","8":"tag-fotovoltaik","9":"tag-online-zeitung","10":"tag-stuttgart","11":"tag-windkraft"},"image_feature":null,"author_name":"Redaktion","pure_taxonomies":{"categories":[{"term_id":17716,"name":"Region Stuttgart","slug":"region-stuttgart-landkreis","term_group":0,"term_taxonomy_id":17735,"taxonomy":"category","description":"","parent":171,"count":26,"filter":"raw","image":""}],"tags":[{"term_id":14857,"name":"Die-Webzeitung","slug":"die-webzeitung","term_group":0,"term_taxonomy_id":14876,"taxonomy":"post_tag","description":"","parent":0,"count":3623,"filter":"raw","image":""},{"term_id":1781,"name":"Fotovoltaik","slug":"fotovoltaik","term_group":0,"term_taxonomy_id":1790,"taxonomy":"post_tag","description":"","parent":0,"count":3,"filter":"raw","image":""},{"term_id":68,"name":"Online-Zeitung","slug":"online-zeitung","term_group":0,"term_taxonomy_id":69,"taxonomy":"post_tag","description":"","parent":0,"count":3593,"filter":"raw","image":""},{"term_id":275,"name":"Stuttgart","slug":"stuttgart","term_group":0,"term_taxonomy_id":281,"taxonomy":"post_tag","description":"","parent":0,"count":1194,"filter":"raw","image":""},{"term_id":897,"name":"Windkraft","slug":"windkraft","term_group":0,"term_taxonomy_id":906,"taxonomy":"post_tag","description":"","parent":0,"count":4,"filter":"raw","image":""}]},"_links":{"self":[{"href":"https:\/\/die-webzeitung.de\/stuttgart\/wp-json\/wp\/v2\/posts\/158879","targetHints":{"allow":["GET"]}}],"collection":[{"href":"https:\/\/die-webzeitung.de\/stuttgart\/wp-json\/wp\/v2\/posts"}],"about":[{"href":"https:\/\/die-webzeitung.de\/stuttgart\/wp-json\/wp\/v2\/types\/post"}],"author":[{"embeddable":true,"href":"https:\/\/die-webzeitung.de\/stuttgart\/wp-json\/wp\/v2\/users\/4"}],"replies":[{"embeddable":true,"href":"https:\/\/die-webzeitung.de\/stuttgart\/wp-json\/wp\/v2\/comments?post=158879"}],"version-history":[{"count":1,"href":"https:\/\/die-webzeitung.de\/stuttgart\/wp-json\/wp\/v2\/posts\/158879\/revisions"}],"predecessor-version":[{"id":158880,"href":"https:\/\/die-webzeitung.de\/stuttgart\/wp-json\/wp\/v2\/posts\/158879\/revisions\/158880"}],"wp:attachment":[{"href":"https:\/\/die-webzeitung.de\/stuttgart\/wp-json\/wp\/v2\/media?parent=158879"}],"wp:term":[{"taxonomy":"category","embeddable":true,"href":"https:\/\/die-webzeitung.de\/stuttgart\/wp-json\/wp\/v2\/categories?post=158879"},{"taxonomy":"post_tag","embeddable":true,"href":"https:\/\/die-webzeitung.de\/stuttgart\/wp-json\/wp\/v2\/tags?post=158879"}],"curies":[{"name":"wp","href":"https:\/\/api.w.org\/{rel}","templated":true}]}}