{"id":158809,"date":"2025-11-26T17:23:58","date_gmt":"2025-11-26T16:23:58","guid":{"rendered":"https:\/\/die-webzeitung.de\/stuttgart\/?p=158809"},"modified":"2025-11-26T17:23:58","modified_gmt":"2025-11-26T16:23:58","slug":"gefluegelpest-bei-graugans-im-landkreis-esslingen-nachgewiesen","status":"publish","type":"post","link":"https:\/\/die-webzeitung.de\/stuttgart\/2025\/11\/26\/gefluegelpest-bei-graugans-im-landkreis-esslingen-nachgewiesen\/","title":{"rendered":"Gefl\u00fcgelpest bei Graugans im Landkreis Esslingen nachgewiesen"},"content":{"rendered":"<p style=\"text-align: justify;\">Im Landkreis Esslingen wurde bei einer Graugans Gefl\u00fcgelpest (avi\u00e4re Influenzavirus Subtyp H5N1) nachgewiesen. Das Friedrich-Loeffler-Institut (FLI) hat das Ergebnis des amtlichen Labors in Fellbach inzwischen best\u00e4tigt.<\/p>\n<p style=\"text-align: justify;\">Der Erreger verursacht die Gefl\u00fcgelpest &#8211; auch Vogelgrippe genannt -, eine bek\u00e4mpfungspflichtige Tierseuche bei Wildv\u00f6geln und Gefl\u00fcgel. Die Graugans ist das erste Tier bei dem derzeit in Europa aktiven Infektionsgeschehens mit einem Virusnachweis im Landkreis Esslingen. Das infizierte Tier wurde in Oberboihingen gefunden. Bisher gibt es im Landkreis keine weiteren Gefl\u00fcgelpest-Verdachtsf\u00e4lle.<\/p>\n<p style=\"text-align: justify;\">Das Friedrich-Loeffler-Institut sch\u00e4tzt das Risiko einer Ausbreitung der Gefl\u00fcgelpest bundesweit als insgesamt hoch ein. Den Gefl\u00fcgelhaltern wird daher dringend empfohlen<span style=\"text-decoration: line-through;\">, <\/span>die Einhaltung der betrieblichen Biosicherheitsma\u00dfnahmen zu \u00fcberpr\u00fcfen. Das teilt das Veterin\u00e4ramt im Landkreis Esslingen mit. Der direkte oder indirekte Kontakt zu Wildv\u00f6geln, etwa \u00fcber Wasser, Futtermittel oder Einstreu, m\u00fcsse unbedingt verhindert werden.<\/p>\n<p style=\"text-align: justify;\">Die Gefahr einer Ansteckung f\u00fcr die Bev\u00f6lkerung ist nach Auffassung der Bundesoberbeh\u00f6rde gering. Aktuell ist kein Fall einer Infektion mit dem avi\u00e4ren Influenzavirus beim Menschen in Deutschland bekannt. Bei intensivem Kontakt mit erkrankten Tieren ist eine Ansteckung des Menschen jedoch nicht v\u00f6llig ausgeschlossen. Es wird insofern darauf hingewiesen, dass aufgefundene Wildv\u00f6gel, die schwach, teilnahmslos oder krank erscheinen, nicht angefasst werden sollen. Wasservogelarten, Greifv\u00f6gel oder Rabenv\u00f6gel k\u00f6nnen unter Angabe des Fundortes beim Veterin\u00e4ramt gemeldet werden per E-Mail: <a href=\"mailto:veterinaeramt@lra-es.de\" target=\"_blank\" rel=\"noopener\">veterinaeramt@lra-es.de<\/a><\/p>\n<hr \/>\n<p style=\"text-align: justify;\">\n","protected":false},"excerpt":{"rendered":"<p>Im Landkreis Esslingen wurde bei einer Graugans Gefl\u00fcgelpest (avi\u00e4re Influenzavirus Subtyp H5N1) nachgewiesen. Das Friedrich-Loeffler-Institut (FLI) hat das Ergebnis des amtlichen Labors in Fellbach inzwischen best\u00e4tigt. Der Erreger verursacht die Gefl\u00fcgelpest &#8211; auch Vogelgrippe genannt -, eine bek\u00e4mpfungspflichtige Tierseuche bei Wildv\u00f6geln und Gefl\u00fcgel. Die Graugans ist das erste Tier bei dem derzeit in Europa aktiven [&hellip;]<\/p>\n","protected":false},"author":4,"featured_media":158810,"comment_status":"closed","ping_status":"open","sticky":false,"template":"","format":"standard","meta":{"inline_featured_image":false,"_exactmetrics_skip_tracking":false,"_exactmetrics_sitenote_active":false,"_exactmetrics_sitenote_note":"","_exactmetrics_sitenote_category":0,"footnotes":""},"categories":[59,2247],"tags":[14857,14440,16997,18205,68],"class_list":{"0":"post-158809","1":"post","2":"type-post","3":"status-publish","4":"format-standard","5":"has-post-thumbnail","7":"category-aktuell","8":"category-kreis-esslingen","9":"tag-die-webzeitung","10":"tag-esslingen","11":"tag-gefluegelpest","12":"tag-graugans","13":"tag-online-zeitung"},"image_feature":"https:\/\/die-webzeitung.de\/stuttgart\/wp-content\/uploads\/sites\/4\/2025\/11\/greylag-goose-8629040_1280-scaled.jpg","author_name":"Redaktion","pure_taxonomies":{"categories":[{"term_id":59,"name":"Aktuell","slug":"aktuell","term_group":0,"term_taxonomy_id":60,"taxonomy":"category","description":"","parent":0,"count":1017,"filter":"raw","image":""},{"term_id":2247,"name":"Kreis Esslingen","slug":"kreis-esslingen","term_group":0,"term_taxonomy_id":2260,"taxonomy":"category","description":"Informationen aus dem Landkreis Esslingen","parent":171,"count":214,"filter":"raw","image":""}],"tags":[{"term_id":14857,"name":"Die-Webzeitung","slug":"die-webzeitung","term_group":0,"term_taxonomy_id":14876,"taxonomy":"post_tag","description":"","parent":0,"count":3623,"filter":"raw","image":""},{"term_id":14440,"name":"Esslingen","slug":"esslingen","term_group":0,"term_taxonomy_id":3885,"taxonomy":"post_tag","description":"","parent":0,"count":202,"filter":"raw","image":""},{"term_id":16997,"name":"Gefl\u00fcgelpest","slug":"gefluegelpest","term_group":0,"term_taxonomy_id":17016,"taxonomy":"post_tag","description":"","parent":0,"count":5,"filter":"raw","image":""},{"term_id":18205,"name":"Graugans","slug":"graugans","term_group":0,"term_taxonomy_id":18224,"taxonomy":"post_tag","description":"","parent":0,"count":2,"filter":"raw","image":""},{"term_id":68,"name":"Online-Zeitung","slug":"online-zeitung","term_group":0,"term_taxonomy_id":69,"taxonomy":"post_tag","description":"","parent":0,"count":3593,"filter":"raw","image":""}]},"_links":{"self":[{"href":"https:\/\/die-webzeitung.de\/stuttgart\/wp-json\/wp\/v2\/posts\/158809","targetHints":{"allow":["GET"]}}],"collection":[{"href":"https:\/\/die-webzeitung.de\/stuttgart\/wp-json\/wp\/v2\/posts"}],"about":[{"href":"https:\/\/die-webzeitung.de\/stuttgart\/wp-json\/wp\/v2\/types\/post"}],"author":[{"embeddable":true,"href":"https:\/\/die-webzeitung.de\/stuttgart\/wp-json\/wp\/v2\/users\/4"}],"replies":[{"embeddable":true,"href":"https:\/\/die-webzeitung.de\/stuttgart\/wp-json\/wp\/v2\/comments?post=158809"}],"version-history":[{"count":1,"href":"https:\/\/die-webzeitung.de\/stuttgart\/wp-json\/wp\/v2\/posts\/158809\/revisions"}],"predecessor-version":[{"id":158811,"href":"https:\/\/die-webzeitung.de\/stuttgart\/wp-json\/wp\/v2\/posts\/158809\/revisions\/158811"}],"wp:featuredmedia":[{"embeddable":true,"href":"https:\/\/die-webzeitung.de\/stuttgart\/wp-json\/wp\/v2\/media\/158810"}],"wp:attachment":[{"href":"https:\/\/die-webzeitung.de\/stuttgart\/wp-json\/wp\/v2\/media?parent=158809"}],"wp:term":[{"taxonomy":"category","embeddable":true,"href":"https:\/\/die-webzeitung.de\/stuttgart\/wp-json\/wp\/v2\/categories?post=158809"},{"taxonomy":"post_tag","embeddable":true,"href":"https:\/\/die-webzeitung.de\/stuttgart\/wp-json\/wp\/v2\/tags?post=158809"}],"curies":[{"name":"wp","href":"https:\/\/api.w.org\/{rel}","templated":true}]}}